{"id":41563,"date":"2024-07-12T16:07:37","date_gmt":"2024-07-12T16:07:37","guid":{"rendered":"http:\/\/historiografija.hr\/?p=41563"},"modified":"2024-07-15T10:53:28","modified_gmt":"2024-07-15T10:53:28","slug":"josip-zoretic-goli-otok-pakao-u-jadranu","status":"publish","type":"post","link":"https:\/\/historiografija.hr\/?p=41563","title":{"rendered":"Josip Zoreti\u0107, \u201eGOLI OTOK &#8211; Pakao u Jadranu\u201c"},"content":{"rendered":"\n<p><em>Goli otok \u2013 Pakao u Jadranu<\/em> pri\u010da je jednog \u010dovjeka o \u017eivotu, smrti, bijegu i kazni u Jugoslaviji nakon Drugog svjetskog rata. \u010covjek je bio Josip Zoreti\u0107, a lokacija Goli otok, logor u Jadranskom moru. Pri\u010da je iskrena i brutalno izravna u svojim opisima svakodnevnog \u017eivota na otoku-zatvoru. Prije nekoliko godina, Aleksandar Sol\u017eenjicin opisao je sli\u010dnu sliku u Jednom danu Ivana Denisovi\u010da, o \u017eivotu u gulagu Sovjetskog Saveza. Ova knjiga rasvjetljava druge gulage u biv\u0161oj Jugoslaviji i pokopava jednom zauvijek mit o \u201eKomunizmu s humanim licem\u201c.<\/p>\n\n\n\n<hr class=\"wp-block-separator\"\/>\n\n\n\n<p>Godina izdanja: 2024.<\/p>\n\n\n\n<p>Broj stranica: 152<\/p>\n\n\n\n<hr class=\"wp-block-separator\"\/>\n\n\n\n<p>Izvor:<\/p>\n\n\n\n<figure class=\"wp-block-embed-wordpress wp-block-embed is-type-wp-embed is-provider-despot-infinitus-web-knjizara\"><div class=\"wp-block-embed__wrapper\">\n<blockquote class=\"wp-embedded-content\" data-secret=\"jfID4C0qJC\"><a href=\"https:\/\/despot-infinitus.com\/proizvod\/goli-otok-pakao-u-jadranu\/\">GOLI OTOK &#8211; Pakao u Jadranu<\/a><\/blockquote><iframe loading=\"lazy\" class=\"wp-embedded-content\" sandbox=\"allow-scripts\" security=\"restricted\" style=\"position: absolute; clip: rect(1px, 1px, 1px, 1px);\" title=\"&#8220;GOLI OTOK &#8211; Pakao u Jadranu&#8221; &#8212; Despot Infinitus - Web Knji\u017eara\" src=\"https:\/\/despot-infinitus.com\/proizvod\/goli-otok-pakao-u-jadranu\/embed\/#?secret=uLGBmdhuBd#?secret=jfID4C0qJC\" data-secret=\"jfID4C0qJC\" width=\"600\" height=\"338\" frameborder=\"0\" marginwidth=\"0\" marginheight=\"0\" scrolling=\"no\"><\/iframe>\n<\/div><\/figure>\n\n\n\n<hr class=\"wp-block-separator\"\/>\n\n\n\n<p>Dodatne obavijesti:<\/p>\n\n\n\n<p><a href=\"https:\/\/www.vecernji.hr\/vijesti\/bio-sam-siguran-da-necu-moci-prezivjeti-zbog-svega-sto-sam-pretrpio-1778149\">https:\/\/www.vecernji.hr\/vijesti\/bio-sam-siguran-da-necu-moci-prezivjeti-zbog-svega-sto-sam-pretrpio-1778149<\/a><\/p>\n\n\n\n<hr class=\"wp-block-separator\"\/>\n","protected":false},"excerpt":{"rendered":"","protected":false},"author":2,"featured_media":41564,"comment_status":"open","ping_status":"open","sticky":false,"template":"","format":"standard","meta":{"_acf_changed":false,"jetpack_post_was_ever_published":false,"_jetpack_newsletter_access":"","_jetpack_dont_email_post_to_subs":false,"_jetpack_newsletter_tier_id":0,"_jetpack_memberships_contains_paywalled_content":false,"_jetpack_memberships_contains_paid_content":false,"footnotes":"","jetpack_publicize_message":"","jetpack_publicize_feature_enabled":true,"jetpack_social_post_already_shared":true,"jetpack_social_options":{"image_generator_settings":{"template":"highway","default_image_id":0,"font":"","enabled":false},"version":2}},"categories":[8,3],"tags":[],"class_list":["post-41563","post","type-post","status-publish","format-standard","has-post-thumbnail","hentry","category-knjige","category-novosti"],"acf":{"facebook_opis":""},"jetpack_publicize_connections":[],"jetpack_featured_media_url":"https:\/\/i0.wp.com\/historiografija.hr\/wp-content\/uploads\/2024\/07\/Goli_otok.png?fit=768%2C757&ssl=1","jetpack_sharing_enabled":true,"jetpack-related-posts":[],"_links":{"self":[{"href":"https:\/\/historiografija.hr\/index.php?rest_route=\/wp\/v2\/posts\/41563","targetHints":{"allow":["GET"]}}],"collection":[{"href":"https:\/\/historiografija.hr\/index.php?rest_route=\/wp\/v2\/posts"}],"about":[{"href":"https:\/\/historiografija.hr\/index.php?rest_route=\/wp\/v2\/types\/post"}],"author":[{"embeddable":true,"href":"https:\/\/historiografija.hr\/index.php?rest_route=\/wp\/v2\/users\/2"}],"replies":[{"embeddable":true,"href":"https:\/\/historiografija.hr\/index.php?rest_route=%2Fwp%2Fv2%2Fcomments&post=41563"}],"version-history":[{"count":2,"href":"https:\/\/historiografija.hr\/index.php?rest_route=\/wp\/v2\/posts\/41563\/revisions"}],"predecessor-version":[{"id":41612,"href":"https:\/\/historiografija.hr\/index.php?rest_route=\/wp\/v2\/posts\/41563\/revisions\/41612"}],"wp:featuredmedia":[{"embeddable":true,"href":"https:\/\/historiografija.hr\/index.php?rest_route=\/wp\/v2\/media\/41564"}],"wp:attachment":[{"href":"https:\/\/historiografija.hr\/index.php?rest_route=%2Fwp%2Fv2%2Fmedia&parent=41563"}],"wp:term":[{"taxonomy":"category","embeddable":true,"href":"https:\/\/historiografija.hr\/index.php?rest_route=%2Fwp%2Fv2%2Fcategories&post=41563"},{"taxonomy":"post_tag","embeddable":true,"href":"https:\/\/historiografija.hr\/index.php?rest_route=%2Fwp%2Fv2%2Ftags&post=41563"}],"curies":[{"name":"wp","href":"https:\/\/api.w.org\/{rel}","templated":true}]}}