{"id":41516,"date":"2024-07-11T15:47:06","date_gmt":"2024-07-11T15:47:06","guid":{"rendered":"http:\/\/historiografija.hr\/?p=41516"},"modified":"2024-07-11T15:50:03","modified_gmt":"2024-07-11T15:50:03","slug":"ivica-dikic-beara-dokumentarni-roman-o-srebrenickom-genocidu","status":"publish","type":"post","link":"https:\/\/historiografija.hr\/?p=41516","title":{"rendered":"Ivica \u0110iki\u0107, \u201eBeara. Dokumentarni roman o srebreni\u010dkom genocidu\u201c"},"content":{"rendered":"\n<p>U Zagrebu je 2024. godine objavljeno popravljeno i pro\u0161ireno izdanje djela Ivice \u0110iki\u0107a, \u201eBeara. Dokumentarni roman o srebreni\u010dkom genocidu\u201c, prvotno objavljeno 2016. godine.<\/p>\n\n\n\n<hr class=\"wp-block-separator\"\/>\n\n\n\n<p>&#8220;\u0110iki\u0107 pi\u0161e o svom \u201cjunaku\u201d bez patetike i mr\u017enje; on poku\u0161ava, osim razgonetanja slijeda doga\u0111aja, proniknuti u svijest koja ih je u\u010dinila mogu\u0107im; jer, zlo na ovako \u0161irokoj skali vrlo je ozbiljan pothvat, nije to stvar trenuta\u010dne inspiracije, hira ili zlovolje, mora sve to netko provesti. Beara se pokazao kao <em>odli\u010dan<\/em> izbor.<\/p>\n\n\n\n<p>Ima u ovoj knjizi, osim tog individualnog, jo\u0161 jedan \u201cgrupni portret\u201d, vrlo upe\u010datljiv, onaj koji priziva neke budu\u0107e produbljenije uvide na tom tragu, koji mo\u017eda ne\u0107e mo\u0107i biti ostvareni izvan podru\u010dja umjetni\u010dke, \u201cfikcijske\u201d proze. Radi se o civilima, voza\u010dima autobusa i kamiona kojima su ljudi iz srebreni\u010dke enklave prevo\u017eeni na strijeljanje; ako u po\u010detku voza\u010di i nisu znali da ih voze u smrt, da su kori\u0161teni naposljetku sli\u010dno kao Gec i Majer koji voze logora\u0161e kamionom-du\u0161egupkom, ubrzo im je moralo postati jasno. Kako reagira\u0161 u takvoj situaciji? Je li mogu\u0107e oduprijeti se, ili \u0107e prevladati strah da \u0107e\u0161 se i sam pridru\u017eiti koloni za strijeljanje? I je li mogu\u0107e \u017eivjeti s tim, ikada, ikako? I umrijeti ne rekav\u0161i tko si i \u0161to si radio?&#8221;<\/p>\n\n\n\n<hr class=\"wp-block-separator\"\/>\n\n\n\n<p>Izvor:<\/p>\n\n\n\n<p><a href=\"https:\/\/fraktura.hr\/beara.html\">https:\/\/fraktura.hr\/beara.html<\/a><\/p>\n\n\n\n<hr class=\"wp-block-separator\"\/>\n","protected":false},"excerpt":{"rendered":"","protected":false},"author":2,"featured_media":41517,"comment_status":"open","ping_status":"open","sticky":false,"template":"","format":"standard","meta":{"_acf_changed":false,"jetpack_post_was_ever_published":false,"_jetpack_newsletter_access":"","_jetpack_dont_email_post_to_subs":false,"_jetpack_newsletter_tier_id":0,"_jetpack_memberships_contains_paywalled_content":false,"_jetpack_memberships_contains_paid_content":false,"footnotes":"","jetpack_publicize_message":"","jetpack_publicize_feature_enabled":true,"jetpack_social_post_already_shared":true,"jetpack_social_options":{"image_generator_settings":{"template":"highway","default_image_id":0,"font":"","enabled":false},"version":2}},"categories":[3,12],"tags":[],"class_list":["post-41516","post","type-post","status-publish","format-standard","has-post-thumbnail","hentry","category-novosti","category-knjizevnost"],"acf":{"facebook_opis":""},"jetpack_publicize_connections":[],"jetpack_featured_media_url":"https:\/\/i0.wp.com\/historiografija.hr\/wp-content\/uploads\/2024\/07\/beara.jpg?fit=530%2C610&ssl=1","jetpack_sharing_enabled":true,"jetpack-related-posts":[],"_links":{"self":[{"href":"https:\/\/historiografija.hr\/index.php?rest_route=\/wp\/v2\/posts\/41516","targetHints":{"allow":["GET"]}}],"collection":[{"href":"https:\/\/historiografija.hr\/index.php?rest_route=\/wp\/v2\/posts"}],"about":[{"href":"https:\/\/historiografija.hr\/index.php?rest_route=\/wp\/v2\/types\/post"}],"author":[{"embeddable":true,"href":"https:\/\/historiografija.hr\/index.php?rest_route=\/wp\/v2\/users\/2"}],"replies":[{"embeddable":true,"href":"https:\/\/historiografija.hr\/index.php?rest_route=%2Fwp%2Fv2%2Fcomments&post=41516"}],"version-history":[{"count":2,"href":"https:\/\/historiografija.hr\/index.php?rest_route=\/wp\/v2\/posts\/41516\/revisions"}],"predecessor-version":[{"id":41519,"href":"https:\/\/historiografija.hr\/index.php?rest_route=\/wp\/v2\/posts\/41516\/revisions\/41519"}],"wp:featuredmedia":[{"embeddable":true,"href":"https:\/\/historiografija.hr\/index.php?rest_route=\/wp\/v2\/media\/41517"}],"wp:attachment":[{"href":"https:\/\/historiografija.hr\/index.php?rest_route=%2Fwp%2Fv2%2Fmedia&parent=41516"}],"wp:term":[{"taxonomy":"category","embeddable":true,"href":"https:\/\/historiografija.hr\/index.php?rest_route=%2Fwp%2Fv2%2Fcategories&post=41516"},{"taxonomy":"post_tag","embeddable":true,"href":"https:\/\/historiografija.hr\/index.php?rest_route=%2Fwp%2Fv2%2Ftags&post=41516"}],"curies":[{"name":"wp","href":"https:\/\/api.w.org\/{rel}","templated":true}]}}