{"id":41499,"date":"2024-07-08T21:32:08","date_gmt":"2024-07-08T21:32:08","guid":{"rendered":"http:\/\/historiografija.hr\/?p=41499"},"modified":"2024-07-15T10:54:21","modified_gmt":"2024-07-15T10:54:21","slug":"otvorenje-izlozbe-put-bez-povratka-od-logora-slana-do-logora-jasenovac","status":"publish","type":"post","link":"https:\/\/historiografija.hr\/?p=41499","title":{"rendered":"Otvorenje izlo\u017ebe \u201cPut bez povratka \u2013 od logora Slana do logora Jasenovac\u201d"},"content":{"rendered":"\n<p>Pozivamo vas na otvorenje izlo\u017ebe \u201cPut bez povratka \u2013 od logora Slana do logora Jasenovac\u201d 10. srpnja 2024. u 19:00 sati u Kulturno informativnom centru (KIC), Preradovi\u0107eva 5, Zagreb. Izlo\u017eba tematizira sudbine zato\u010denika i zato\u010denica logora Slana k\u0430\u043e dijela gospi\u0107ke grupe logora i njihov put do logora Jasenovac tijekom ljeta 1941. godine.<\/p>\n\n\n\n<p>U sklopu izlo\u017ebe u KIC-u \u0107e se prikazati i film \u201cUvala\u201d, redatelja Davora Konjiku\u0161i\u0107a i redateljice Nike Petkovi\u0107, u produkciji Srpskog narodnog vije\u0107a i Kolektora, koji je nastao u okviru umjetni\u010dkog istra\u017eivanja prostora uvale Slana za potrebe izlo\u017ebe \u201cSlana: radikalni krajobraz\u201d u produkciji Srpskog narodnog vije\u0107a.<\/p>\n\n\n\n<p>Uz navedenu izlo\u017ebu prikazuje se i film \u201cUvala\u201d kao dio izlo\u017ebe \u201cSlana \u2013 radikalni krajobraz\u201d koju je organiziralo Srpsko narodno vije\u0107e sredstvima Ureda za ljudska prava i prava nacionalnih manjina RH.<\/p>\n\n\n\n<p>Mo\u0107i \u0107e se pogledati i reporta\u017ea televizije VIDA o koncentracijskom logoru u Slani, autorice Nikoline Zavi\u0161i\u0107.<\/p>\n\n\n\n<p>S po\u0161tovanjem,<\/p>\n\n\n\n<p>Ivo Pejakovi\u0107, ravnatelj JUSP Jasenovac<\/p>\n\n\n\n<p>Hrvoje Hribar, ravnatelj KIC-a<\/p>\n\n\n\n<p>Aneta Vladimirov, voditeljica Odjela za kulturu, Srpsko narodno vije\u0107e<\/p>\n\n\n\n<p>Vesna Ter\u0161eli\u010d, voditeljica Documente<\/p>\n\n\n\n<p>\u2014\u2014\u2014\u2014\u2014\u2014\u2014\u2014\u2014\u2014\u2014\u2014\u2014\u2014\u2014\u2014\u2013<\/p>\n\n\n\n<p>PROGRAM:<\/p>\n\n\n\n<p>\u201cPut bez povratka \u2013 od logora Slana do logora Jasenovac\u201d<\/p>\n\n\n\n<p>10.7.2024. \u2013 23.08.2024.<\/p>\n\n\n\n<p>Program po\u010dinje u srijedu 10. 07.&nbsp; u 19:00 otvorenjem izlo\u017ebe \u201cPut bez povratka \u2013 od logora Slana do logora Jasenovac\u201d uz popratni razgovor i prikazivanje filma.<\/p>\n\n\n\n<p>Autor izlo\u017ebe je Ivo Pejakovi\u0107. Organizatori izlo\u017ebe su: JUSP Jasenovac, Documenta \u2013 Centar za suo\u010davanje s pro\u0161lo\u0161\u0107u, Srpsko narodno vije\u0107e i Kulturno informativni centar \u2013 KIC. Izlo\u017eba se prethodno odr\u017eala u Jasenovcu i Beogradu, uz podr\u0161ku&nbsp; Stiftung EVZ i Me\u0111unarodnog saveza za sje\u0107anje na holokaust.<\/p>\n\n\n\n<p>U sklopu izlo\u017ebe u KIC-u \u0107e se prikazati i film \u201cUvala\u201d, redatelja Davora Konjiku\u0161i\u0107a i redateljice Nike Petkovi\u0107, u produkciji Srpskog narodnog vije\u0107a i Kolektora, koji je nastao u okviru umjetni\u010dkog istra\u017eivanja prostora uvale Slana za potrebe izlo\u017ebe \u201cSlana: radikalni krajobraz\u201d u produkciji Srpskog narodnog vije\u0107a.<\/p>\n\n\n\n<p>Mo\u0107i \u0107e se pogledati i reporta\u017ea televizije VIDA o koncentracijskom logoru u Slani, autorice Nikoline Zavi\u0161i\u0107.<\/p>\n\n\n\n<p>Program otvorenja od 19:00<\/p>\n\n\n\n<p>Uvodno obra\u0107anja autora i vo\u0111eni obilazak, Ivo Pejakovi\u0107<\/p>\n\n\n\n<p>Na razgovoru poslije otvaranja sudjelovat \u0107e (abecednim redom): Sanja Horvatin\u010di\u0107, Nata\u0161a Matau\u0161i\u0107, Ivo Pejakovi\u0107, Vesna Ter\u0161eli\u010d, Aneta Vladimirov. Razgovor \u0107e moderirati: Ivona Grgurinovi\u0107<\/p>\n\n\n\n<p>Prikazivanje filma \u201cUvala\u201d kome slijedi razgovor s autoricom, redateljicom Nikom Petkovi\u0107<\/p>\n\n\n\n<p>Popratni program \u201cPut bez povratka \u2013 od logora Slana do logora Jasenovac\u201d nastavljamo u tijeku srpnja i kolovoza, spomen \u0161etnjama i obilaskom&nbsp; posljednjih adresa zato\u010denika logora Slana i Jasenovac.<\/p>\n\n\n\n<p>Prva spomen \u0161etnja odr\u017eat \u0107e se u utorak 23. srpnja u 19:00. Vodit \u0107e je Tena Banjeglav i \u0110or\u0111e Mihovilovi\u0107.<\/p>\n\n\n\n<p>Druga spomen \u0161etnja odr\u017eat \u0107e se u petak 23. kolovoza u 19:00. Vodit \u0107e je Tena Banjeglav.<\/p>\n\n\n\n<p>\u2014\u2014\u2014\u2014\u2014\u2014\u2014\u2014\u2014\u2014\u2014\u2014\u2014\u2014\u2014\u2014\u2013<\/p>\n\n\n\n<p>MJESTO STRADANJA:<\/p>\n\n\n\n<p>U sredi\u0161njem dijelu otoka Paga nalazi se duboka uvala u koju se ulazi s njegove sjeveroisto\u010dne strane \u0161to gleda na Velebit. Tu je, na terenu koji svojim izgledom podsje\u0107a na Mjese\u010devu povr\u0161inu, bio smje\u0161ten logor Slana. Surovi uvjeti logora, kao i jednako surov odnos usta\u0161a prema zato\u010denicima, nisu ostavili puno svjedoka koji bi mogli ispri\u010dati pri\u010du o ovom mjestu te nam je svako sa\u010duvano svjedo\u010danstvo dragocjeno. U logoru su se nalazila dva podlogora: jedan za Srbe, drugi za \u017didove. Prema svjedo\u010denju rijetkih pre\u017eivjelih \u017didova, odnos prema Srbima bio je jo\u0161 brutalniji, a posljedice su bile takve da prema dosada\u0161njim saznanjima ne postoje slu\u010dajevi srpskih zato\u010denika koji su pre\u017eivjeli logor Slanu i Drugi svjetski rat te o tome ostavili svjedo\u010danstvo. Zbog toga o doga\u0111ajima u logoru Slana znamo tek ono \u0161to je sa\u010duvano u svjedo\u010danstvima pre\u017eivjelih \u017eidovskih zato\u010denika. Mjesto logora danas nije obilje\u017eeno spomenikom ili spomen plo\u010dom. Spomen-plo\u010da je prvi put uni\u0161tena po\u010detkom devedesetih, a potom dva puta samo u par dana nakon \u0161to su je predstavnici Koordinacije \u017eidovskih op\u0107ina RH i Srpskog narodnog vije\u0107a postavili. \u010cuvanje uspomena na \u017ertve holokausta i genocida je civilizacijska tekovina i zato \u017ertve zaslu\u017euju bolje. Stoga pamtimo \u017ertve logora Slana. Zbog talijanske naredbe da se logor zatvori, najvi\u0161e zbog straha od \u0161irenja epidemije, usta\u0161e to \u010dine te posljednje pre\u017eivjele odvoze u Krapje i Bro\u010dice, \u0161to su prvi logori jasenova\u010dkog sustava. Time, zadnje \u017ertve logora Slana postaju prve \u017ertve Jasenovca.<\/p>\n\n\n\n<hr class=\"wp-block-separator\"\/>\n\n\n\n<p>Izvor:<\/p>\n\n\n\n<figure class=\"wp-block-embed-wordpress wp-block-embed is-type-wp-embed is-provider-documenta\"><div class=\"wp-block-embed__wrapper\">\n<blockquote class=\"wp-embedded-content\" data-secret=\"gWLDGEBOvY\"><a href=\"https:\/\/documenta.hr\/novosti\/otvorenje-izlozbe-put-bez-povratka\/\">Otvorenje izlo\u017ebe \u201ePut bez povratka\u201c<\/a><\/blockquote><iframe loading=\"lazy\" class=\"wp-embedded-content\" sandbox=\"allow-scripts\" security=\"restricted\" style=\"position: absolute; clip: rect(1px, 1px, 1px, 1px);\" title=\"&#8220;Otvorenje izlo\u017ebe \u201ePut bez povratka\u201c&#8221; &#8212; Documenta\" src=\"https:\/\/documenta.hr\/novosti\/otvorenje-izlozbe-put-bez-povratka\/embed\/#?secret=gWLDGEBOvY\" data-secret=\"gWLDGEBOvY\" width=\"600\" height=\"338\" frameborder=\"0\" marginwidth=\"0\" marginheight=\"0\" scrolling=\"no\"><\/iframe>\n<\/div><\/figure>\n\n\n\n<hr class=\"wp-block-separator\"\/>\n\n\n\n<p>Dodatne obavijesti:<\/p>\n\n\n\n<figure class=\"wp-block-embed-wordpress wp-block-embed is-type-wp-embed is-provider-documenta\"><div class=\"wp-block-embed__wrapper\">\n<blockquote class=\"wp-embedded-content\" data-secret=\"zR3vOyY03o\"><a href=\"https:\/\/documenta.hr\/novosti\/otvorena-izlozba-put-bez-povratka-od-logora-slana-do-logora-jasenovac\/\">Otvorena izlo\u017eba &#8220;Put bez povratka \u2013 od logora Slana do logora Jasenovac&#8221;<\/a><\/blockquote><iframe loading=\"lazy\" class=\"wp-embedded-content\" sandbox=\"allow-scripts\" security=\"restricted\" style=\"position: absolute; clip: rect(1px, 1px, 1px, 1px);\" title=\"&#8220;Otvorena izlo\u017eba &#8220;Put bez povratka \u2013 od logora Slana do logora Jasenovac&#8221;&#8221; &#8212; Documenta\" src=\"https:\/\/documenta.hr\/novosti\/otvorena-izlozba-put-bez-povratka-od-logora-slana-do-logora-jasenovac\/embed\/#?secret=zR3vOyY03o\" data-secret=\"zR3vOyY03o\" width=\"600\" height=\"338\" frameborder=\"0\" marginwidth=\"0\" marginheight=\"0\" scrolling=\"no\"><\/iframe>\n<\/div><\/figure>\n\n\n\n<p><a href=\"https:\/\/www.portalnovosti.com\/glas-protiv-presucivanja-i-zaborava\">https:\/\/www.portalnovosti.com\/glas-protiv-presucivanja-i-zaborava<\/a><\/p>\n\n\n\n<p><a href=\"https:\/\/www.jutarnji.hr\/kultura\/art\/nepoznate-fotografije-ustaskog-logora-pogledajte-kako-su-izgledale-vile-u-metajni-u-kojima-su-bile-zatocene-zene-i-djeca-15481731\">https:\/\/www.jutarnji.hr\/kultura\/art\/nepoznate-fotografije-ustaskog-logora-pogledajte-kako-su-izgledale-vile-u-metajni-u-kojima-su-bile-zatocene-zene-i-djeca-15481731<\/a><\/p>\n\n\n\n<hr class=\"wp-block-separator\"\/>\n\n\n\n<p><\/p>\n","protected":false},"excerpt":{"rendered":"","protected":false},"author":2,"featured_media":41500,"comment_status":"open","ping_status":"open","sticky":false,"template":"","format":"standard","meta":{"_acf_changed":false,"jetpack_post_was_ever_published":false,"_jetpack_newsletter_access":"","_jetpack_dont_email_post_to_subs":false,"_jetpack_newsletter_tier_id":0,"_jetpack_memberships_contains_paywalled_content":false,"_jetpack_memberships_contains_paid_content":false,"footnotes":"","jetpack_publicize_message":"","jetpack_publicize_feature_enabled":true,"jetpack_social_post_already_shared":true,"jetpack_social_options":{"image_generator_settings":{"template":"highway","default_image_id":0,"font":"","enabled":false},"version":2}},"categories":[13,10,3],"tags":[],"class_list":["post-41499","post","type-post","status-publish","format-standard","has-post-thumbnail","hentry","category-filmovi-i-serije","category-izlozbe","category-novosti"],"acf":{"facebook_opis":""},"jetpack_publicize_connections":[],"jetpack_featured_media_url":"https:\/\/i0.wp.com\/historiografija.hr\/wp-content\/uploads\/2024\/07\/Ana_OPALIC-PAG-Uvala-Slana-2019.jpg?fit=937%2C740&ssl=1","jetpack_sharing_enabled":true,"jetpack-related-posts":[],"_links":{"self":[{"href":"https:\/\/historiografija.hr\/index.php?rest_route=\/wp\/v2\/posts\/41499","targetHints":{"allow":["GET"]}}],"collection":[{"href":"https:\/\/historiografija.hr\/index.php?rest_route=\/wp\/v2\/posts"}],"about":[{"href":"https:\/\/historiografija.hr\/index.php?rest_route=\/wp\/v2\/types\/post"}],"author":[{"embeddable":true,"href":"https:\/\/historiografija.hr\/index.php?rest_route=\/wp\/v2\/users\/2"}],"replies":[{"embeddable":true,"href":"https:\/\/historiografija.hr\/index.php?rest_route=%2Fwp%2Fv2%2Fcomments&post=41499"}],"version-history":[{"count":4,"href":"https:\/\/historiografija.hr\/index.php?rest_route=\/wp\/v2\/posts\/41499\/revisions"}],"predecessor-version":[{"id":41613,"href":"https:\/\/historiografija.hr\/index.php?rest_route=\/wp\/v2\/posts\/41499\/revisions\/41613"}],"wp:featuredmedia":[{"embeddable":true,"href":"https:\/\/historiografija.hr\/index.php?rest_route=\/wp\/v2\/media\/41500"}],"wp:attachment":[{"href":"https:\/\/historiografija.hr\/index.php?rest_route=%2Fwp%2Fv2%2Fmedia&parent=41499"}],"wp:term":[{"taxonomy":"category","embeddable":true,"href":"https:\/\/historiografija.hr\/index.php?rest_route=%2Fwp%2Fv2%2Fcategories&post=41499"},{"taxonomy":"post_tag","embeddable":true,"href":"https:\/\/historiografija.hr\/index.php?rest_route=%2Fwp%2Fv2%2Ftags&post=41499"}],"curies":[{"name":"wp","href":"https:\/\/api.w.org\/{rel}","templated":true}]}}