{"id":41480,"date":"2024-07-05T22:35:25","date_gmt":"2024-07-05T22:35:25","guid":{"rendered":"http:\/\/historiografija.hr\/?p=41480"},"modified":"2024-07-05T22:35:25","modified_gmt":"2024-07-05T22:35:25","slug":"iz-povijesti-polemika-o-pojmu-roda-i-rodnim-teorijama-ratifikacija-istanbulske-konvencije","status":"publish","type":"post","link":"https:\/\/historiografija.hr\/?p=41480","title":{"rendered":"Iz povijesti polemika o pojmu roda i rodnim teorijama: ratifikacija Istanbulske konvencije"},"content":{"rendered":"\n<p>S obzirom da je <a href=\"https:\/\/historiografija.hr\/?p=41419\">najava<\/a> pokretanja Rodnih studija na Filozofskom fakultetu u Zagrebu i ovoga puta potaknula krajnje neupu\u0107ene i zlonamjerne ocjene <a href=\"https:\/\/n1info.hr\/vijesti\/video-saborski-zastupnici-posvadali-se-nasred-hodnika-zasto-bjezis-nemoj-bjezati\/\">dijela<\/a> politi\u010dara i javnosti kako to \u201enema veze sa znano\u0161\u0107u\u201c, vrijedi podsjetiti na ono s \u010dime smo se jo\u0161 2017. i 2018. susretali tijekom javne rasprave o ratifikaciji Istanbulske konvencije. Tom prilikom smo na portalu Historiografija.hr upu\u0107ivali na javna priop\u0107enja Hrvatskog sociolo\u0161kog dru\u0161tva, kao i psihologinja i psihologa, te podsje\u0107ali na va\u017enu tradiciju rodne povijesti u hrvatskoj historiografiji.<\/p>\n\n\n\n<hr class=\"wp-block-separator\"\/>\n\n\n\n<p><strong>Prethodni prilozi na portalu Historiografija.hr:<\/strong><\/p>\n\n\n\n<figure class=\"wp-block-embed-wordpress wp-block-embed is-type-wp-embed is-provider-historiografija-hr\"><div class=\"wp-block-embed__wrapper\">\n<blockquote class=\"wp-embedded-content\" data-secret=\"wIgg4ChC99\"><a href=\"https:\/\/historiografija.hr\/?p=7714\">O\u010ditovanje Hrvatskog sociolo\u0161kog dru\u0161tva povodom Izjave Znanstvenog vije\u0107a za obrazovanje i \u0161kolstvo HAZU o Istanbulskoj konvenciji<\/a><\/blockquote><iframe loading=\"lazy\" class=\"wp-embedded-content\" sandbox=\"allow-scripts\" security=\"restricted\" style=\"position: absolute; clip: rect(1px, 1px, 1px, 1px);\" title=\"&#8220;O\u010ditovanje Hrvatskog sociolo\u0161kog dru\u0161tva povodom Izjave Znanstvenog vije\u0107a za obrazovanje i \u0161kolstvo HAZU o Istanbulskoj konvenciji&#8221; &#8212; Historiografija.hr\" src=\"https:\/\/historiografija.hr\/?p=7714&#038;embed=true#?secret=wIgg4ChC99\" data-secret=\"wIgg4ChC99\" width=\"600\" height=\"338\" frameborder=\"0\" marginwidth=\"0\" marginheight=\"0\" scrolling=\"no\"><\/iframe>\n<\/div><\/figure>\n\n\n\n<hr class=\"wp-block-separator\"\/>\n\n\n\n<figure class=\"wp-block-embed-wordpress wp-block-embed is-type-wp-embed is-provider-historiografija-hr\"><div class=\"wp-block-embed__wrapper\">\n<blockquote class=\"wp-embedded-content\" data-secret=\"ioORMHM8sR\"><a href=\"https:\/\/historiografija.hr\/?p=8263\">O\u010ditovanje psihologinja i psihologa povodom Izjave Znanstvenog vije\u0107a za obrazovanje i \u0161kolstvo HAZU o Istanbulskoj konvenciji<\/a><\/blockquote><iframe loading=\"lazy\" class=\"wp-embedded-content\" sandbox=\"allow-scripts\" security=\"restricted\" style=\"position: absolute; clip: rect(1px, 1px, 1px, 1px);\" title=\"&#8220;O\u010ditovanje psihologinja i psihologa povodom Izjave Znanstvenog vije\u0107a za obrazovanje i \u0161kolstvo HAZU o Istanbulskoj konvenciji&#8221; &#8212; Historiografija.hr\" src=\"https:\/\/historiografija.hr\/?p=8263&#038;embed=true#?secret=ioORMHM8sR\" data-secret=\"ioORMHM8sR\" width=\"600\" height=\"338\" frameborder=\"0\" marginwidth=\"0\" marginheight=\"0\" scrolling=\"no\"><\/iframe>\n<\/div><\/figure>\n\n\n\n<hr class=\"wp-block-separator\"\/>\n\n\n\n<figure class=\"wp-block-embed-wordpress wp-block-embed is-type-wp-embed is-provider-historiografija-hr\"><div class=\"wp-block-embed__wrapper\">\n<blockquote class=\"wp-embedded-content\" data-secret=\"BSR7gOHU8i\"><a href=\"https:\/\/historiografija.hr\/?p=6275\">Nezaobilaznost rodne povijesti<\/a><\/blockquote><iframe loading=\"lazy\" class=\"wp-embedded-content\" sandbox=\"allow-scripts\" security=\"restricted\" style=\"position: absolute; clip: rect(1px, 1px, 1px, 1px);\" title=\"&#8220;Nezaobilaznost rodne povijesti&#8221; &#8212; Historiografija.hr\" src=\"https:\/\/historiografija.hr\/?p=6275&#038;embed=true#?secret=BSR7gOHU8i\" data-secret=\"BSR7gOHU8i\" width=\"600\" height=\"338\" frameborder=\"0\" marginwidth=\"0\" marginheight=\"0\" scrolling=\"no\"><\/iframe>\n<\/div><\/figure>\n\n\n\n<hr class=\"wp-block-separator\"\/>\n\n\n\n<figure class=\"wp-block-embed-wordpress wp-block-embed is-type-wp-embed is-provider-historiografija-hr\"><div class=\"wp-block-embed__wrapper\">\n<blockquote class=\"wp-embedded-content\" data-secret=\"0f7JDZHBNc\"><a href=\"https:\/\/historiografija.hr\/?p=7181\">O rodnim i spolnim ulogama u povijesti i suvremenosti<\/a><\/blockquote><iframe loading=\"lazy\" class=\"wp-embedded-content\" sandbox=\"allow-scripts\" security=\"restricted\" style=\"position: absolute; clip: rect(1px, 1px, 1px, 1px);\" title=\"&#8220;O rodnim i spolnim ulogama u povijesti i suvremenosti&#8221; &#8212; Historiografija.hr\" src=\"https:\/\/historiografija.hr\/?p=7181&#038;embed=true#?secret=0f7JDZHBNc\" data-secret=\"0f7JDZHBNc\" width=\"600\" height=\"338\" frameborder=\"0\" marginwidth=\"0\" marginheight=\"0\" scrolling=\"no\"><\/iframe>\n<\/div><\/figure>\n\n\n\n<hr class=\"wp-block-separator\"\/>\n\n\n\n<figure class=\"wp-block-embed-wordpress wp-block-embed is-type-wp-embed is-provider-historiografija-hr\"><div class=\"wp-block-embed__wrapper\">\n<blockquote class=\"wp-embedded-content\" data-secret=\"H402V2zvFZ\"><a href=\"https:\/\/historiografija.hr\/?p=8918\">Iz hrvatske lektire o rodnoj povijesti: Mirjana Gross<\/a><\/blockquote><iframe loading=\"lazy\" class=\"wp-embedded-content\" sandbox=\"allow-scripts\" security=\"restricted\" style=\"position: absolute; clip: rect(1px, 1px, 1px, 1px);\" title=\"&#8220;Iz hrvatske lektire o rodnoj povijesti: Mirjana Gross&#8221; &#8212; Historiografija.hr\" src=\"https:\/\/historiografija.hr\/?p=8918&#038;embed=true#?secret=H402V2zvFZ\" data-secret=\"H402V2zvFZ\" width=\"600\" height=\"338\" frameborder=\"0\" marginwidth=\"0\" marginheight=\"0\" scrolling=\"no\"><\/iframe>\n<\/div><\/figure>\n\n\n\n<hr class=\"wp-block-separator\"\/>\n\n\n\n<figure class=\"wp-block-embed-wordpress wp-block-embed is-type-wp-embed is-provider-historiografija-hr\"><div class=\"wp-block-embed__wrapper\">\n<blockquote class=\"wp-embedded-content\" data-secret=\"graUlcK50Q\"><a href=\"https:\/\/historiografija.hr\/?p=8947\">Iz hrvatske lektire o rodnoj povijesti: Lydia Sklevicky<\/a><\/blockquote><iframe loading=\"lazy\" class=\"wp-embedded-content\" sandbox=\"allow-scripts\" security=\"restricted\" style=\"position: absolute; clip: rect(1px, 1px, 1px, 1px);\" title=\"&#8220;Iz hrvatske lektire o rodnoj povijesti: Lydia Sklevicky&#8221; &#8212; Historiografija.hr\" src=\"https:\/\/historiografija.hr\/?p=8947&#038;embed=true#?secret=graUlcK50Q\" data-secret=\"graUlcK50Q\" width=\"600\" height=\"338\" frameborder=\"0\" marginwidth=\"0\" marginheight=\"0\" scrolling=\"no\"><\/iframe>\n<\/div><\/figure>\n\n\n\n<hr class=\"wp-block-separator\"\/>\n\n\n\n<figure class=\"wp-block-embed-wordpress wp-block-embed is-type-wp-embed is-provider-historiografija-hr\"><div class=\"wp-block-embed__wrapper\">\n<blockquote class=\"wp-embedded-content\" data-secret=\"nAGpoNds06\"><a href=\"https:\/\/historiografija.hr\/?p=9251\">Iz hrvatske lektire o rodnoj povijesti: Ida Ograj\u0161ek Gorenjak<\/a><\/blockquote><iframe loading=\"lazy\" class=\"wp-embedded-content\" sandbox=\"allow-scripts\" security=\"restricted\" style=\"position: absolute; clip: rect(1px, 1px, 1px, 1px);\" title=\"&#8220;Iz hrvatske lektire o rodnoj povijesti: Ida Ograj\u0161ek Gorenjak&#8221; &#8212; Historiografija.hr\" src=\"https:\/\/historiografija.hr\/?p=9251&#038;embed=true#?secret=nAGpoNds06\" data-secret=\"nAGpoNds06\" width=\"600\" height=\"338\" frameborder=\"0\" marginwidth=\"0\" marginheight=\"0\" scrolling=\"no\"><\/iframe>\n<\/div><\/figure>\n","protected":false},"excerpt":{"rendered":"","protected":false},"author":2,"featured_media":8264,"comment_status":"open","ping_status":"open","sticky":false,"template":"","format":"standard","meta":{"_acf_changed":false,"jetpack_post_was_ever_published":false,"_jetpack_newsletter_access":"","_jetpack_dont_email_post_to_subs":false,"_jetpack_newsletter_tier_id":0,"_jetpack_memberships_contains_paywalled_content":false,"_jetpack_memberships_contains_paid_content":false,"footnotes":"","jetpack_publicize_message":"","jetpack_publicize_feature_enabled":true,"jetpack_social_post_already_shared":true,"jetpack_social_options":{"image_generator_settings":{"template":"highway","default_image_id":0,"font":"","enabled":false},"version":2}},"categories":[3,17,11],"tags":[],"class_list":["post-41480","post","type-post","status-publish","format-standard","has-post-thumbnail","hentry","category-novosti","category-rasprave","category-rubrike"],"acf":{"facebook_opis":""},"jetpack_publicize_connections":[],"jetpack_featured_media_url":"https:\/\/i0.wp.com\/historiografija.hr\/wp-content\/uploads\/2018\/02\/Konvencija.jpg?fit=996%2C562&ssl=1","jetpack_sharing_enabled":true,"jetpack-related-posts":[],"_links":{"self":[{"href":"https:\/\/historiografija.hr\/index.php?rest_route=\/wp\/v2\/posts\/41480","targetHints":{"allow":["GET"]}}],"collection":[{"href":"https:\/\/historiografija.hr\/index.php?rest_route=\/wp\/v2\/posts"}],"about":[{"href":"https:\/\/historiografija.hr\/index.php?rest_route=\/wp\/v2\/types\/post"}],"author":[{"embeddable":true,"href":"https:\/\/historiografija.hr\/index.php?rest_route=\/wp\/v2\/users\/2"}],"replies":[{"embeddable":true,"href":"https:\/\/historiografija.hr\/index.php?rest_route=%2Fwp%2Fv2%2Fcomments&post=41480"}],"version-history":[{"count":1,"href":"https:\/\/historiografija.hr\/index.php?rest_route=\/wp\/v2\/posts\/41480\/revisions"}],"predecessor-version":[{"id":41481,"href":"https:\/\/historiografija.hr\/index.php?rest_route=\/wp\/v2\/posts\/41480\/revisions\/41481"}],"wp:featuredmedia":[{"embeddable":true,"href":"https:\/\/historiografija.hr\/index.php?rest_route=\/wp\/v2\/media\/8264"}],"wp:attachment":[{"href":"https:\/\/historiografija.hr\/index.php?rest_route=%2Fwp%2Fv2%2Fmedia&parent=41480"}],"wp:term":[{"taxonomy":"category","embeddable":true,"href":"https:\/\/historiografija.hr\/index.php?rest_route=%2Fwp%2Fv2%2Fcategories&post=41480"},{"taxonomy":"post_tag","embeddable":true,"href":"https:\/\/historiografija.hr\/index.php?rest_route=%2Fwp%2Fv2%2Ftags&post=41480"}],"curies":[{"name":"wp","href":"https:\/\/api.w.org\/{rel}","templated":true}]}}