{"id":41475,"date":"2024-07-05T21:38:25","date_gmt":"2024-07-05T21:38:25","guid":{"rendered":"http:\/\/historiografija.hr\/?p=41475"},"modified":"2024-07-05T21:38:25","modified_gmt":"2024-07-05T21:38:25","slug":"51-internationalen-kulturhistorischen-symposion-mogersdorf-2024","status":"publish","type":"post","link":"https:\/\/historiografija.hr\/?p=41475","title":{"rendered":"51. Internationalen Kulturhistorischen Symposion Mogersdorf 2024"},"content":{"rendered":"\n<p>51. Me\u0111unarodni kulturnopovijesni simpozij \u201eMogersdorf\u201c odr\u017ean je od 2. do 5. srpnja 2024. u Murskoj Soboti u Sloveniji. Na simpoziju su kao delegati iz Hrvatske sudjelovali Filip \u0160imetin \u0160egvi\u0107 i Zvjezdana Sikiri\u0107, koja je imala i izlaganje, dok je Vladimir Huzjan bio sprije\u010den sudjelovati.<\/p>\n\n\n\n<hr class=\"wp-block-separator\"\/>\n\n\n\n<p><strong>Staat und Kirche \u2013 Kirche und Staat. Religion und Politik im pannonischen Raum<\/strong> <strong>vom 17. Jahrhundert bis zum Beginn des Zweiten Weltkriegs<\/strong><\/p>\n\n\n\n<p><strong>Dienstag, 2. Juli 2024:<\/strong><\/p>\n\n\n\n<p><strong>17.30 Uhr:<\/strong><\/p>\n\n\n\n<p>Hof des Schlosses Murska Sobota (Stadtpark, Trubarjev drevored 4)<\/p>\n\n\n\n<p>Er\u00f6ffnung des Symposions<\/p>\n\n\n\n<p>Begr\u00fc\u00dfung durch Prof. Dr. Zdravko Ka\u010di\u010d, Rektor der Universit\u00e4t Maribor, Damjan An\u017eelj, B\u00fcrgermeister der Stadtgemeinde Murska Sobota, Vertreter der Gemeinde Mogersdorf, Herrn Gerhard Granitz vom Schl\u00f6sslverein Mogersdorf und den Tagungspr\u00e4sidenten.<\/p>\n\n\n\n<p><strong>18.00<\/strong><strong> Uhr:<\/strong><\/p>\n\n\n\n<p>Er\u00f6ffnungsvortrag: <strong>Bogdan KOLAR <\/strong>(Slowenien): <em>Die offenen Fragen der staatlich-<\/em><\/p>\n\n\n\n<p><em>kirchlichen Beziehungen bei der Bildung des neuen S\u00fcdslawischen Staates nach dem Ende<\/em><em> <\/em><em>des <\/em><em>E<\/em><em>rsten Weltkriegs<\/em><\/p>\n\n\n\n<p>Anschlie\u00dfend: Empfang des B\u00fcrgermeisters von Murska Sobota<\/p>\n\n\n\n<p><strong>Mittwoch, 3. Juli 2024: <\/strong>Archivgeb\u00e4ude Murska Sobota (Cvetkova ul. 1)<\/p>\n\n\n\n<p><strong>9.00 Uhr:<\/strong><\/p>\n\n\n\n<p><strong>Margit KOPP <\/strong>(Burgenland): <em>F\u00fcrst Paul I. Esterh\u00e1zy als Judith \u2013 m\u00f6gliche Identifizierungs-ans\u00e4tze und Einflussnahme auf sein Selbstverst\u00e4ndnis als Feldherr<\/em><\/p>\n\n\n\n<p><strong>9.45 Uhr:<\/strong><\/p>\n\n\n\n<p><strong>Vinko RAJ\u0160P <\/strong>(Slowenien):<\/p>\n\n\n\n<p><em>Thron und Altar \u2013 Altar und Thron im slowenischen Sprachraum (15.-20. Jahrhundert). Ein \u201eWindisches Bistum\u201c in der Steiermark 1804<\/em><\/p>\n\n\n\n<p><strong>10.30 Uhr:<\/strong><strong> <\/strong>Kaffeepause<\/p>\n\n\n\n<p><strong>11.00 Uhr:<\/strong><\/p>\n\n\n\n<p><strong>Tam\u00e1s POLG\u00c1R <\/strong>(Baranya):<\/p>\n\n\n\n<p><em>Die Situation der j\u00fcdischen Gemeinden in S\u00fcdtransdanubien in der ersten H\u00e4lfte des 19.&nbsp;Jahrhunderts<\/em><\/p>\n\n\n\n<p><strong>12.00 Uhr:<\/strong><strong> <\/strong>Mittagessen \u2212 Hotel Zvezda<\/p>\n\n\n\n<p><strong>13.45 Uhr:<\/strong><\/p>\n\n\n\n<p><strong>Zvjezdana SIKIRI\u0106 <\/strong>(Kroatien):<\/p>\n\n\n\n<p><em>Das kroatische Volksschulwesen des 19. Jahrhunderts in der Wechselbeziehung staatlicher und kirchlicher Herrschaft und Einfl\u00fcsse<\/em><\/p>\n\n\n\n<p><strong>14.30 Uhr:<\/strong><\/p>\n\n\n\n<p><strong>Christian PROMITZER<\/strong> (Steiermark):<\/p>\n\n\n\n<p><em>Kirche und Staat als r\u00e4umliche Ordnungsfaktoren im binationalen Gef\u00fcge der Steiermark<\/em> <em>zwischen 1848 und 1919<\/em><\/p>\n\n\n\n<p><strong>15.20 Uhr:<\/strong><strong> <\/strong>Spaziergang durch das Stadtzentrum von Murska Sobota<\/p>\n\n\n\n<p><strong>18.30 Uhr:<\/strong> Abendessen \u2212 Hotel Zvezda<\/p>\n\n\n\n<p><strong>Donnerstag, 4. Juli 2024: <\/strong>Archivgeb\u00e4ude Murska Sobota (Cvetkova ul. 1)<\/p>\n\n\n\n<p><strong>9.00 Uhr:<\/strong><\/p>\n\n\n\n<p><strong>Gregor ANTOLI\u010cI\u010c<\/strong> (Slowenien):<\/p>\n\n\n\n<p><em>Erzherzog Eugen als letzter weltlicher Hochmeister des Deutschen Ordens (1894\u22121923)<\/em><\/p>\n\n\n\n<p><strong>9.45 Uhr:<\/strong><\/p>\n\n\n\n<p><strong>Bo\u0161tjan ZAJ\u0160EK <\/strong>(Slowenien):<\/p>\n\n\n\n<p><em>Die Evangelische Kirchengemeinde Marburg in der Untersteiermark von 1862 bis zum Ende des Ersten Weltkriegs<\/em><\/p>\n\n\n\n<p><strong>10.30 Uhr:<\/strong><strong> <\/strong>Kaffeepause<\/p>\n\n\n\n<p><strong>11.00 Uhr:<\/strong><strong> <\/strong><strong><\/strong><\/p>\n\n\n\n<p><strong>Peter WIESFLECKER <\/strong>(Steiermark):<\/p>\n\n\n\n<p><em>Das Ende von Thron und Altar. Die \u201einner\u00f6sterreichischen\u201c Di\u00f6zesen Seckau, Gurk und<\/em> <em>Lavant-Marburg\/Maribor an der Wendezeit von Monarchie und Republik<\/em><\/p>\n\n\n\n<p><strong>11.45 Uhr:<\/strong><\/p>\n\n\n\n<p><strong>Norbert CSIBI <\/strong>(Baranya): <em>Die P\u00e9cser Di\u00f6zese im Schatten des Zerfalls des Staates \u2013 ihre<\/em> <em>Erfahrungen zwischen 1918 und 1921<\/em><\/p>\n\n\n\n<p><strong>12.30 Uhr:<\/strong><strong> <\/strong>Mittagessen \u2212 Hotel Zvezda<\/p>\n\n\n\n<p><strong>13.30 Uhr:<\/strong><strong> <\/strong>Exkursion:<\/p>\n\n\n\n<p>Murska Sobota, Reste des j\u00fcdischen Friedhofs am Stadtrand; Pfarrkirche Odranci; Memorialpark des Josip Benko und Schokoladefabrik Passero Te\u0161anovci; Weingut Marof Ma\u010dkovci mit Weinverkostung; Evang. Kirchengemeinde Hodo\u0161\/Hodos.<\/p>\n\n\n\n<p><strong>18.45\/19.00 Uhr:<\/strong> Abendessen, Gasthaus Pri Rudiju (Beim Rudi) \u0160alovci<\/p>\n\n\n\n<p><strong>Freitag, 5. Juli 2024: <\/strong>Archivgeb\u00e4ude Murska Sobota (Cvetkova ul. 1)<\/p>\n\n\n\n<p><strong>9.00 Uhr:<\/strong><\/p>\n\n\n\n<p><strong>Gert POLSTER<\/strong> (Burgenland):<\/p>\n\n\n\n<p><em>Die Neuorganisation der <\/em><em>Religionsgemeinschaften <\/em><em>nach dem Anschluss des Burgenlandes an \u00d6sterreich<\/em><\/p>\n\n\n\n<p><strong>9.45 Uhr:&nbsp;&nbsp;&nbsp;&nbsp;&nbsp;&nbsp;<\/strong><\/p>\n\n\n\n<p><strong>Vladimir HUZJAN<\/strong> (Kroatien):<\/p>\n\n\n\n<p><em>Die Absage der Feierlichkeiten zum 1.300-Jahr-Jubil\u00e4um der Taufe der Kroaten in Vara\u017edin<\/em> <em>1941<\/em><\/p>\n\n\n\n<p><strong>10.30 Uhr:<\/strong><strong> <\/strong>Kaffeepause<\/p>\n\n\n\n<p><strong>11.00 Uhr:<\/strong><\/p>\n\n\n\n<p><strong>S\u00e1ndor HORV\u00c1TH<\/strong> (Vas):<\/p>\n\n\n\n<p><em>Einsch\u00fcchterung, Abschreckung, Beschr\u00e4nkung. Staat und Kirche in (West-)Ungarn (1945\u22121965)<\/em><\/p>\n\n\n\n<p><strong>11.45 Uhr:<\/strong> Schlussdiskussion und Res\u00fcmee<\/p>\n\n\n\n<p><strong>12.15\/<\/strong><strong>12.<\/strong><strong>30 Uhr:<\/strong> Mittagessen \u2212 Hotel Zvezda<\/p>\n\n\n\n<p>Verabschiedung der Symposionsteilnehmer<\/p>\n\n\n\n<hr class=\"wp-block-separator\"\/>\n","protected":false},"excerpt":{"rendered":"","protected":false},"author":2,"featured_media":8529,"comment_status":"open","ping_status":"open","sticky":false,"template":"","format":"standard","meta":{"_acf_changed":false,"jetpack_post_was_ever_published":false,"_jetpack_newsletter_access":"","_jetpack_dont_email_post_to_subs":false,"_jetpack_newsletter_tier_id":0,"_jetpack_memberships_contains_paywalled_content":false,"_jetpack_memberships_contains_paid_content":false,"footnotes":"","jetpack_publicize_message":"","jetpack_publicize_feature_enabled":true,"jetpack_social_post_already_shared":true,"jetpack_social_options":{"image_generator_settings":{"template":"highway","default_image_id":0,"font":"","enabled":false},"version":2}},"categories":[3,9],"tags":[],"class_list":["post-41475","post","type-post","status-publish","format-standard","has-post-thumbnail","hentry","category-novosti","category-skupovi"],"acf":{"facebook_opis":""},"jetpack_publicize_connections":[],"jetpack_featured_media_url":"https:\/\/i0.wp.com\/historiografija.hr\/wp-content\/uploads\/2018\/02\/Internationales_Kulturhistorisches_Symposion_Mogersdorf_-_Logo.png?fit=660%2C264&ssl=1","jetpack_sharing_enabled":true,"jetpack-related-posts":[],"_links":{"self":[{"href":"https:\/\/historiografija.hr\/index.php?rest_route=\/wp\/v2\/posts\/41475","targetHints":{"allow":["GET"]}}],"collection":[{"href":"https:\/\/historiografija.hr\/index.php?rest_route=\/wp\/v2\/posts"}],"about":[{"href":"https:\/\/historiografija.hr\/index.php?rest_route=\/wp\/v2\/types\/post"}],"author":[{"embeddable":true,"href":"https:\/\/historiografija.hr\/index.php?rest_route=\/wp\/v2\/users\/2"}],"replies":[{"embeddable":true,"href":"https:\/\/historiografija.hr\/index.php?rest_route=%2Fwp%2Fv2%2Fcomments&post=41475"}],"version-history":[{"count":1,"href":"https:\/\/historiografija.hr\/index.php?rest_route=\/wp\/v2\/posts\/41475\/revisions"}],"predecessor-version":[{"id":41476,"href":"https:\/\/historiografija.hr\/index.php?rest_route=\/wp\/v2\/posts\/41475\/revisions\/41476"}],"wp:featuredmedia":[{"embeddable":true,"href":"https:\/\/historiografija.hr\/index.php?rest_route=\/wp\/v2\/media\/8529"}],"wp:attachment":[{"href":"https:\/\/historiografija.hr\/index.php?rest_route=%2Fwp%2Fv2%2Fmedia&parent=41475"}],"wp:term":[{"taxonomy":"category","embeddable":true,"href":"https:\/\/historiografija.hr\/index.php?rest_route=%2Fwp%2Fv2%2Fcategories&post=41475"},{"taxonomy":"post_tag","embeddable":true,"href":"https:\/\/historiografija.hr\/index.php?rest_route=%2Fwp%2Fv2%2Ftags&post=41475"}],"curies":[{"name":"wp","href":"https:\/\/api.w.org\/{rel}","templated":true}]}}