{"id":41470,"date":"2024-07-05T21:06:55","date_gmt":"2024-07-05T21:06:55","guid":{"rendered":"http:\/\/historiografija.hr\/?p=41470"},"modified":"2024-07-05T21:06:55","modified_gmt":"2024-07-05T21:06:55","slug":"znanstveni-skup-proslost-i-kultura-srba-u-republici-hrvatskoj-2024-drugi-poziv","status":"publish","type":"post","link":"https:\/\/historiografija.hr\/?p=41470","title":{"rendered":"Znanstveni skup &#8220;Pro\u0161lost i kultura Srba u Republici Hrvatskoj&#8221; (2024.) \u2013 drugi poziv"},"content":{"rendered":"\n<p>Zajedni\u010dko vije\u0107e op\u0107ina Vukovar, odnosno Odbor za kulturu i sport i ove godine organizira znanstveni skup s me\u0111unarodnim sudjelovanjem \u201ePro\u0161lost i kultura Srba u Republici Hrvatskoj\u201c.<\/p>\n\n\n\n<p>Stoljetna prisutnost srpskog naroda na prostoru koji je ome\u0111en dr\u017eavnim granicama Republike Hrvatske izrodila je specifi\u010dnu kulturu koja je proizvod generacijskog su\u017eivota s pripadnicima drugih naroda i koja ima niz specifi\u010dnosti u odnosu na kulturu Srba koji \u017eive na prostoru mati\u010dne dr\u017eave. Dok je utjecaj sredine razvio specifi\u010dnu kulturu hrvatskih Srba, ne treba zaboraviti ni utjecaj Srba na razvoj cjelokupnog hrvatskog dru\u0161tva. Unato\u010d tome, pro\u0161lost i kultura Srba iz Republike Hrvatske kao da su na marginama znanstvenih istra\u017eivanja, \u0161to je i bio povod Zajedni\u010dkom vije\u0107u op\u0107ina Vukovar da pokrene ideju o organiziranju znanstvenog skupa koji bi okupio znanstvenike iz zemlje i regije koji bi mogli dati svoj doprinos ovoj temi. Namjera je da skup bude interdisciplinarnoga karaktera kako bi se pro\u0161lost i kultura Srba u Republici Hrvatskoj razmatrali s povijesnog, etnolo\u0161kog, jezi\u010dnog te stajali\u0161ta drugih dru\u0161tvenih i humanisti\u010dkih znanstvenih podru\u010dja. Pro\u0161logodi\u0161nji skup dao je svoj doprinos rasvjetljavanju ove slo\u017eene teme kroz 35 raznorodnih izlaganja stru\u010dnjaka iz pet zemalja, \u010dime je opravdana ideja organizatora o organizaciji znanstvenog skupa. Vidljivo je da postoji potreba da se nastavi s prou\u010davanjem pro\u0161losti i kulture srpskog naroda na prostoru Republike Hrvatske kroz daljnje istra\u017eivanje ove teme.<\/p>\n\n\n\n<p>Ovom prigodom pozivamo sve zainteresirane da se prijave na Znanstveni skup s me\u0111unarodnim sudjelovanjem \u201ePro\u0161lost i kultura Srba u Republici Hrvatskoj\u201c koji \u0107e biti odr\u017ean 4. i 5. listopada u Vukovaru (Republika Hrvatska) i daju svoj doprinos u istra\u017eivanju pro\u0161losti i kulture srpskoga naroda na prostoru Republike Hrvatske.<\/p>\n\n\n\n<p>Za prijavu na skup potrebno je poslati naslov teme, afilijaciju autora, sa\u017eetak do 250 rije\u010di i do pet klju\u010dnih rije\u010di. Rok za prijavu za sudjelovanje na skupu je 25. kolovoz 2024. godine. Prijave se primaju isklju\u010divo e-po\u0161tom na sljede\u0107u mail adresu: <a href=\"mailto:kultura@zvo.hr\">kultura@zvo.hr<\/a>.<\/p>\n\n\n\n<p>Obrazac prijave mo\u017ee se prona\u0107i na sljede\u0107oj stranici:<\/p>\n\n\n\n<figure class=\"wp-block-embed-wordpress wp-block-embed is-type-wp-embed is-provider-zajednicko-vece-opstina-vukovar\"><div class=\"wp-block-embed__wrapper\">\n<blockquote class=\"wp-embedded-content\" data-secret=\"5wOmlG8IzH\"><a href=\"https:\/\/zvo.hr\/objave\/drugi-poziv-za-naucni-skup-s-medunarodnim-ucescem-proslost-i-kultura-srba-u-republici-hrvatsko%d1%98-2024\/\">Drugi poziv za nau\u010dni skup s me\u0111unarodnim u\u010de\u0161\u0107em \u201ePro\u0161lost i kultura Srba u Republici Hrvatsko\u0458\u201c 2024.<\/a><\/blockquote><iframe loading=\"lazy\" class=\"wp-embedded-content\" sandbox=\"allow-scripts\" security=\"restricted\" style=\"position: absolute; clip: rect(1px, 1px, 1px, 1px);\" title=\"&#8220;Drugi poziv za nau\u010dni skup s me\u0111unarodnim u\u010de\u0161\u0107em \u201ePro\u0161lost i kultura Srba u Republici Hrvatsko\u0458\u201c 2024.&#8221; &#8212; Zajedni\u010dko ve\u0107e op\u0161tina - VUKOVAR\" src=\"https:\/\/zvo.hr\/objave\/drugi-poziv-za-naucni-skup-s-medunarodnim-ucescem-proslost-i-kultura-srba-u-republici-hrvatsko%d1%98-2024\/embed\/#?secret=jn0XZ86q8P#?secret=5wOmlG8IzH\" data-secret=\"5wOmlG8IzH\" width=\"600\" height=\"338\" frameborder=\"0\" marginwidth=\"0\" marginheight=\"0\" scrolling=\"no\"><\/iframe>\n<\/div><\/figure>\n\n\n\n<hr class=\"wp-block-separator\"\/>\n","protected":false},"excerpt":{"rendered":"","protected":false},"author":2,"featured_media":40168,"comment_status":"open","ping_status":"open","sticky":false,"template":"","format":"standard","meta":{"_acf_changed":false,"jetpack_post_was_ever_published":false,"_jetpack_newsletter_access":"","_jetpack_dont_email_post_to_subs":false,"_jetpack_newsletter_tier_id":0,"_jetpack_memberships_contains_paywalled_content":false,"_jetpack_memberships_contains_paid_content":false,"footnotes":"","jetpack_publicize_message":"","jetpack_publicize_feature_enabled":true,"jetpack_social_post_already_shared":true,"jetpack_social_options":{"image_generator_settings":{"template":"highway","default_image_id":0,"font":"","enabled":false},"version":2}},"categories":[3,9],"tags":[],"class_list":["post-41470","post","type-post","status-publish","format-standard","has-post-thumbnail","hentry","category-novosti","category-skupovi"],"acf":{"facebook_opis":""},"jetpack_publicize_connections":[],"jetpack_featured_media_url":"https:\/\/i0.wp.com\/historiografija.hr\/wp-content\/uploads\/2024\/03\/logo.png?fit=890%2C432&ssl=1","jetpack_sharing_enabled":true,"jetpack-related-posts":[],"_links":{"self":[{"href":"https:\/\/historiografija.hr\/index.php?rest_route=\/wp\/v2\/posts\/41470","targetHints":{"allow":["GET"]}}],"collection":[{"href":"https:\/\/historiografija.hr\/index.php?rest_route=\/wp\/v2\/posts"}],"about":[{"href":"https:\/\/historiografija.hr\/index.php?rest_route=\/wp\/v2\/types\/post"}],"author":[{"embeddable":true,"href":"https:\/\/historiografija.hr\/index.php?rest_route=\/wp\/v2\/users\/2"}],"replies":[{"embeddable":true,"href":"https:\/\/historiografija.hr\/index.php?rest_route=%2Fwp%2Fv2%2Fcomments&post=41470"}],"version-history":[{"count":1,"href":"https:\/\/historiografija.hr\/index.php?rest_route=\/wp\/v2\/posts\/41470\/revisions"}],"predecessor-version":[{"id":41471,"href":"https:\/\/historiografija.hr\/index.php?rest_route=\/wp\/v2\/posts\/41470\/revisions\/41471"}],"wp:featuredmedia":[{"embeddable":true,"href":"https:\/\/historiografija.hr\/index.php?rest_route=\/wp\/v2\/media\/40168"}],"wp:attachment":[{"href":"https:\/\/historiografija.hr\/index.php?rest_route=%2Fwp%2Fv2%2Fmedia&parent=41470"}],"wp:term":[{"taxonomy":"category","embeddable":true,"href":"https:\/\/historiografija.hr\/index.php?rest_route=%2Fwp%2Fv2%2Fcategories&post=41470"},{"taxonomy":"post_tag","embeddable":true,"href":"https:\/\/historiografija.hr\/index.php?rest_route=%2Fwp%2Fv2%2Ftags&post=41470"}],"curies":[{"name":"wp","href":"https:\/\/api.w.org\/{rel}","templated":true}]}}