{"id":41461,"date":"2024-07-05T19:40:11","date_gmt":"2024-07-05T19:40:11","guid":{"rendered":"http:\/\/historiografija.hr\/?p=41461"},"modified":"2024-07-05T19:40:11","modified_gmt":"2024-07-05T19:40:11","slug":"predstavljena-knjiga-tomislava-sulja-bojna-frankopan-u-karlovcu","status":"publish","type":"post","link":"https:\/\/historiografija.hr\/?p=41461","title":{"rendered":"Predstavljena knjiga Tomislava \u0160ulja &#8220;Bojna Frankopan&#8221; u Karlovcu"},"content":{"rendered":"\n<p>U Muzeju Domovinskog rata Karlovac \u2013 Turanj predstavljena je u petak, 5. srpnja 2024. knjiga Tomislava \u0160ulja &#8220;Bojna Frankopan &#8211; Prvi hrvatski komandosi&#8221;. Na predstavljanju su govorili su gradona\u010delnik Grada Karlovca Damir Mandi\u0107, pripadnici Bojne Frankopan Tomica Bajsi\u0107, Dean \u010cani\u0107 i Kre\u0161imir Ragu\u017e, autor knjige Tomislav \u0160ulj i ravnatelj HMDCDR-a Ante Nazor.<\/p>\n\n\n\n<hr class=\"wp-block-separator\"\/>\n\n\n\n<p>Izvor i dodatne obavijesti:<\/p>\n\n\n\n<p><a href=\"https:\/\/www.facebook.com\/muzejdomovinskogratakarlovac\">https:\/\/www.facebook.com\/muzejdomovinskogratakarlovac<\/a><\/p>\n\n\n\n<p><a href=\"https:\/\/www.facebook.com\/HMDCDR\/\">https:\/\/www.facebook.com\/HMDCDR\/<\/a><\/p>\n\n\n\n<p><a href=\"https:\/\/kaportal.net.hr\/aktualno\/vijesti\/karlovac\/4456663\/odavanjem-pocasti-i-predstavljanjem-monografije-bojna-frankopan-obiljezeno-pet-godina-muzeja-domovinskog-rata-na-turanju\/\">https:\/\/kaportal.net.hr\/aktualno\/vijesti\/karlovac\/4456663\/odavanjem-pocasti-i-predstavljanjem-monografije-bojna-frankopan-obiljezeno-pet-godina-muzeja-domovinskog-rata-na-turanju\/<\/a><\/p>\n\n\n\n<p><a href=\"https:\/\/www.tportal.hr\/vijesti\/clanak\/predstavljena-monografija-bojna-frankopan-prvi-hrvatski-komandosi-20240705\">https:\/\/www.tportal.hr\/vijesti\/clanak\/predstavljena-monografija-bojna-frankopan-prvi-hrvatski-komandosi-20240705<\/a><\/p>\n\n\n\n<hr class=\"wp-block-separator\"\/>\n","protected":false},"excerpt":{"rendered":"","protected":false},"author":2,"featured_media":41462,"comment_status":"open","ping_status":"open","sticky":false,"template":"","format":"standard","meta":{"_acf_changed":false,"jetpack_post_was_ever_published":false,"_jetpack_newsletter_access":"","_jetpack_dont_email_post_to_subs":false,"_jetpack_newsletter_tier_id":0,"_jetpack_memberships_contains_paywalled_content":false,"_jetpack_memberships_contains_paid_content":false,"footnotes":"","jetpack_publicize_message":"","jetpack_publicize_feature_enabled":true,"jetpack_social_post_already_shared":true,"jetpack_social_options":{"image_generator_settings":{"template":"highway","default_image_id":0,"font":"","enabled":false},"version":2}},"categories":[3],"tags":[],"class_list":["post-41461","post","type-post","status-publish","format-standard","has-post-thumbnail","hentry","category-novosti"],"acf":{"facebook_opis":""},"jetpack_publicize_connections":[],"jetpack_featured_media_url":"https:\/\/i0.wp.com\/historiografija.hr\/wp-content\/uploads\/2024\/07\/Foto_Denis_Stosic.jpg?fit=1450%2C965&ssl=1","jetpack_sharing_enabled":true,"jetpack-related-posts":[],"_links":{"self":[{"href":"https:\/\/historiografija.hr\/index.php?rest_route=\/wp\/v2\/posts\/41461","targetHints":{"allow":["GET"]}}],"collection":[{"href":"https:\/\/historiografija.hr\/index.php?rest_route=\/wp\/v2\/posts"}],"about":[{"href":"https:\/\/historiografija.hr\/index.php?rest_route=\/wp\/v2\/types\/post"}],"author":[{"embeddable":true,"href":"https:\/\/historiografija.hr\/index.php?rest_route=\/wp\/v2\/users\/2"}],"replies":[{"embeddable":true,"href":"https:\/\/historiografija.hr\/index.php?rest_route=%2Fwp%2Fv2%2Fcomments&post=41461"}],"version-history":[{"count":1,"href":"https:\/\/historiografija.hr\/index.php?rest_route=\/wp\/v2\/posts\/41461\/revisions"}],"predecessor-version":[{"id":41463,"href":"https:\/\/historiografija.hr\/index.php?rest_route=\/wp\/v2\/posts\/41461\/revisions\/41463"}],"wp:featuredmedia":[{"embeddable":true,"href":"https:\/\/historiografija.hr\/index.php?rest_route=\/wp\/v2\/media\/41462"}],"wp:attachment":[{"href":"https:\/\/historiografija.hr\/index.php?rest_route=%2Fwp%2Fv2%2Fmedia&parent=41461"}],"wp:term":[{"taxonomy":"category","embeddable":true,"href":"https:\/\/historiografija.hr\/index.php?rest_route=%2Fwp%2Fv2%2Fcategories&post=41461"},{"taxonomy":"post_tag","embeddable":true,"href":"https:\/\/historiografija.hr\/index.php?rest_route=%2Fwp%2Fv2%2Ftags&post=41461"}],"curies":[{"name":"wp","href":"https:\/\/api.w.org\/{rel}","templated":true}]}}