{"id":41454,"date":"2024-07-04T22:17:27","date_gmt":"2024-07-04T22:17:27","guid":{"rendered":"http:\/\/historiografija.hr\/?p=41454"},"modified":"2024-07-04T22:17:27","modified_gmt":"2024-07-04T22:17:27","slug":"antonio-scurati-fasizam-i-populizam-mussolini-danas","status":"publish","type":"post","link":"https:\/\/historiografija.hr\/?p=41454","title":{"rendered":"Antonio Scurati, \u201eFa\u0161izam i populizam. Mussolini danas\u201c"},"content":{"rendered":"\n<p><strong>\u00a0\u00a0\u00a0<\/strong> Jezik izvornika: talijanski<\/p>\n\n\n\n<p>\u00a0\u00a0\u00a0 Prijevod: Ana Badurina<\/p>\n\n\n\n<p>\u00a0\u00a0\u00a0 Broj stranica: 80<\/p>\n\n\n\n<p><strong>\u00a0\u00a0\u00a0 <\/strong>Datum izdanja: lipanj 2024.<\/p>\n\n\n\n<p><strong>\u00a0\u00a0<\/strong> \u00a0Naslov izvornika: Fascismo e populismo &#8211; Mussolini oggi<\/p>\n\n\n\n<hr class=\"wp-block-separator\"\/>\n\n\n\n<p><strong>Manifest za novi antifa\u0161izam<\/strong><\/p>\n\n\n\n<p>Mar\u0161evi deklariranih neofa\u0161ista ulicama Europe i Amerike, manifestacije rasisti\u010dke mr\u017enje i nasilje nad migrantima opet su sve \u010de\u0161\u0107a dru\u0161tvena pojava. Koliko god ti fenomeni bili zastra\u0161uju\u0107i, jo\u0161 uvijek su svojstveni tek toj zasebnoj galaksiji. Svakako, manje su opasni od onih ne tako o\u010ditih, ka\u017ee Antonio Scurati. Politi\u010dki akteri koji opasnije i dalekose\u017enije podrivaju temelje demokraciji jesu populisti\/suverenisti, i ne mo\u017ee ih se svrstati u kategorije desnice i ljevice. Politi\u010dki \u017eivot svode na osje\u0107aje, posebice strah i ogor\u010denost, koje potom preobra\u017eavaju u mr\u017enju, a slo\u017eenost zbilje demokratskih dru\u0161tava pojednostavljuju \u2013 i time posti\u017eu uspjeh. Oni, svjesno ili nesvjesno, ba\u0161tine mehanizme politi\u010dkog zavo\u0111enja masa koje je Benito Mussolini bolje od svih instinktom \u201cpoliti\u010dke \u017eivotinje\u201d naslutio i prigrlio.<\/p>\n\n\n\n<p>Nakon desetlje\u0107a istra\u017eiva\u010dkog i knji\u017eevnog rada na romansiranoj Mussolinijevoj biografiji Antonio Scurati u svojevrsnom manifestu za novi antifa\u0161izam, <em>Fa\u0161izam i populizam. Mussolini danas<\/em>, na zoran na\u010din identificira zakonitosti fa\u0161izma i populizma, sa svim njihovim zamkama, daju\u0107i nam temeljni tekst za suo\u010davanje s nemirima dana\u0161njice i obrazla\u017eu\u0107i tezu da Europljani trebaju obnoviti borbu za demokraciju. Prije nego \u0161to bude kasno.<\/p>\n\n\n\n<p>\u0160to je zajedni\u010dko fa\u0161izmu i dana\u0161njim populistima? Sna\u017ean i upozoravaju\u0107i uvid autora veli\u010danstvene sage o Mussoliniju.<\/p>\n\n\n\n<p>Vapaji protiv fa\u0161izma odvra\u0107aju pa\u017enju od pravog problema: populizma.<\/p>\n\n\n\n<p>Vladavina Mussolinija proiza\u0161la je iz trenutka kad je dalekovidno predvidio \u0161to \u0107e politika postati u doba masa, koje je tad po\u010delo, a danas ga \u017eivimo u njegovoj zreloj fazi.<\/p>\n\n\n\n<p>Samo ako pod ratni\u010dkim izrazom fa\u0161isti\u010dke maske prepoznamo i zamamne karakteristike populista, uspjet \u0107emo si objasniti, danas kao i neko\u0107, munjevit porast podr\u0161ke koja ju\u010dera\u0161njeg marginalca, danas ili sutra, dovodi na vlast.<\/p>\n\n\n\n<p>\u201cFa\u0161isti\u010dko praznovjerje\u201d (u smislu pre\u017eivljavanja vjerovanja i praksi jednog dalekog vremena) ponovno pi\u0161e suvremenu povijest Italije i Europe.<\/p>\n\n\n\n<p>U dvostrukom potezu, nasilju i zavo\u0111enju, danas kao i onomad kuca crno srce svakog autoritarnog isku\u0161enja.<\/p>\n\n\n\n<hr class=\"wp-block-separator\"\/>\n\n\n\n<p>Izvor:<\/p>\n\n\n\n<p><a href=\"https:\/\/fraktura.hr\/fasizam-i-populizam.html\">https:\/\/fraktura.hr\/fasizam-i-populizam.html<\/a><\/p>\n\n\n\n<hr class=\"wp-block-separator\"\/>\n\n\n\n<p>Iz medija:<\/p>\n\n\n\n<p><a href=\"https:\/\/www.jutarnji.hr\/kultura\/knjizevnost\/slavni-pisac-autor-hit-knjige-o-mussoliniju-dovoljno-je-mrziti-socijalista-tu-je-kraj-mene-fasist-s-batinom-spreman-izudarati-ga-15474642\">https:\/\/www.jutarnji.hr\/kultura\/knjizevnost\/slavni-pisac-autor-hit-knjige-o-mussoliniju-dovoljno-je-mrziti-socijalista-tu-je-kraj-mene-fasist-s-batinom-spreman-izudarati-ga-15474642<\/a><\/p>\n\n\n\n<p><a href=\"https:\/\/www.telegram.hr\/kultura\/procitali-smo-novu-knjigu-jednog-od-najvaznijih-suvremenih-talijanskih-pisaca-trebala-bi-biti-dio-obavezne-lektire-demokratskog-gradanskog-odgoja\/\">https:\/\/www.telegram.hr\/kultura\/procitali-smo-novu-knjigu-jednog-od-najvaznijih-suvremenih-talijanskih-pisaca-trebala-bi-biti-dio-obavezne-lektire-demokratskog-gradanskog-odgoja\/<\/a><\/p>\n\n\n\n<hr class=\"wp-block-separator\"\/>\n","protected":false},"excerpt":{"rendered":"","protected":false},"author":2,"featured_media":41455,"comment_status":"open","ping_status":"open","sticky":false,"template":"","format":"standard","meta":{"_acf_changed":false,"jetpack_post_was_ever_published":false,"_jetpack_newsletter_access":"","_jetpack_dont_email_post_to_subs":false,"_jetpack_newsletter_tier_id":0,"_jetpack_memberships_contains_paywalled_content":false,"_jetpack_memberships_contains_paid_content":false,"footnotes":"","jetpack_publicize_message":"","jetpack_publicize_feature_enabled":true,"jetpack_social_post_already_shared":true,"jetpack_social_options":{"image_generator_settings":{"template":"highway","default_image_id":0,"font":"","enabled":false},"version":2}},"categories":[8,3],"tags":[],"class_list":["post-41454","post","type-post","status-publish","format-standard","has-post-thumbnail","hentry","category-knjige","category-novosti"],"acf":{"facebook_opis":""},"jetpack_publicize_connections":[],"jetpack_featured_media_url":"https:\/\/i0.wp.com\/historiografija.hr\/wp-content\/uploads\/2024\/07\/fasizam_i_populizam.jpg?fit=364%2C610&ssl=1","jetpack_sharing_enabled":true,"jetpack-related-posts":[],"_links":{"self":[{"href":"https:\/\/historiografija.hr\/index.php?rest_route=\/wp\/v2\/posts\/41454","targetHints":{"allow":["GET"]}}],"collection":[{"href":"https:\/\/historiografija.hr\/index.php?rest_route=\/wp\/v2\/posts"}],"about":[{"href":"https:\/\/historiografija.hr\/index.php?rest_route=\/wp\/v2\/types\/post"}],"author":[{"embeddable":true,"href":"https:\/\/historiografija.hr\/index.php?rest_route=\/wp\/v2\/users\/2"}],"replies":[{"embeddable":true,"href":"https:\/\/historiografija.hr\/index.php?rest_route=%2Fwp%2Fv2%2Fcomments&post=41454"}],"version-history":[{"count":1,"href":"https:\/\/historiografija.hr\/index.php?rest_route=\/wp\/v2\/posts\/41454\/revisions"}],"predecessor-version":[{"id":41456,"href":"https:\/\/historiografija.hr\/index.php?rest_route=\/wp\/v2\/posts\/41454\/revisions\/41456"}],"wp:featuredmedia":[{"embeddable":true,"href":"https:\/\/historiografija.hr\/index.php?rest_route=\/wp\/v2\/media\/41455"}],"wp:attachment":[{"href":"https:\/\/historiografija.hr\/index.php?rest_route=%2Fwp%2Fv2%2Fmedia&parent=41454"}],"wp:term":[{"taxonomy":"category","embeddable":true,"href":"https:\/\/historiografija.hr\/index.php?rest_route=%2Fwp%2Fv2%2Fcategories&post=41454"},{"taxonomy":"post_tag","embeddable":true,"href":"https:\/\/historiografija.hr\/index.php?rest_route=%2Fwp%2Fv2%2Ftags&post=41454"}],"curies":[{"name":"wp","href":"https:\/\/api.w.org\/{rel}","templated":true}]}}