{"id":41433,"date":"2024-07-03T15:06:53","date_gmt":"2024-07-03T15:06:53","guid":{"rendered":"http:\/\/historiografija.hr\/?p=41433"},"modified":"2024-07-03T15:06:53","modified_gmt":"2024-07-03T15:06:53","slug":"davor-paukovic-sto-s-komunizmom-politike-povijesti-i-kultura-sjecanja-na-komunisticke-zlocine-u-europskoj-uniji-i-hrvatskoj","status":"publish","type":"post","link":"https:\/\/historiografija.hr\/?p=41433","title":{"rendered":"Davor Paukovi\u0107, \u201e\u0160to s komunizmom? Politike povijesti i kultura sje\u0107anja na komunisti\u010dke zlo\u010dine u Europskoj uniji i Hrvatskoj\u201c"},"content":{"rendered":"\n<p>Knjiga na izrazito pregledan i sveobuhvatan na\u010din daje uvid u procese formiranja politike povijesti i kulture sje\u0107anja na komunisti\u010dke zlo\u010dine u tri desetlje\u0107a neovisne Hrvatske, kao i u procesu formiranja politike suo\u010davanja Europske unije s naslje\u0111em zlo\u010dina komunizma. (Stevo \u0110ura\u0161kovi\u0107)<\/p>\n\n\n\n<p>Ovoj je knjizi glavni cilj prikazati kolektivno sje\u0107anje na komunisti\u010dke zlo\u010dine na razini Europske unije i Hrvatske. To je primarno u\u010dinjeno kroz analizu politik\u00e2 povijesti i normativnih rje\u0161enja, posebno na razini Europske unije.<\/p>\n\n\n\n<p><em>Problem suo\u010davanja s traumati\u010dnim iskustvima iz recentne pro\u0161losti izazov je za svako dru\u0161tvo. U europskom kontekstu to je prije svega totalitarno i autoritarno naslje\u0111e 20. stolje\u0107a te strahote i stradanja u svjetskim ratovima. U dr\u017eavama proiza\u0161lim iz biv\u0161e Jugoslavije treba dodati i krvavi raspad te dr\u017eave devedesetih godina. U tom kontekstu dr\u017eave proiza\u0161le iz raspada Jugoslavije suo\u010dene su s procesuiranjem vrlo kompleksnog povijesnog naslje\u0111a koje je u prija\u0161njim razdobljima i re\u017eimima na razli\u010dite na\u010dine interpretirano. Prema tome, izazov nije samo odnos prema najnovijim doga\u0111ajima iz devedesetih, ve\u0107 i valorizacija stra\u0161nog nasilja Drugog svjetskog rata i socijalisti\u010dkog\/komunisti\u010dkog naslje\u0111a. Koliko povijesti dru\u0161tvo mo\u017ee podnijeti i u kojoj mjeri se u kratkom razdoblju dru\u0161tvo mo\u017ee za du\u017ei rok pozicionirati u odnosu na traumati\u010dna razdoblja pitanje je na koje nema jednostavnog odgovora. U tom smislu pokazuje se to\u010dnom Churchillova tvrdnja da \u201eBalkan proizvodi vi\u0161e povijesti nego \u0161to je mo\u017ee konzumirati\u201c, \u0161to je posebno eskaliralo u vrijeme raspada Jugoslavije i ratova devedesetima.<\/em><\/p>\n\n\n\n<p>Davor Paukovi\u0107 (1980), povjesni\u010dar, profesor Sveu\u010dili\u0161ta u Dubrovniku. U rodnom Ogulinu zavr\u0161io je osnovnu \u0161kolu i gimnaziju (1998), a studij povijesti na Fakultetu hrvatskih studija Sveu\u010dili\u0161ta u Zagrebu (2003). Magistarski znanstveni rad \u201eHrvatsko i srpsko novinstvo o Srbima u Hrvatskoj (odabrani doga\u0111aji 1989.\/90.)\u201c obranio je na Filozofskom fakultetu u Zagrebu (2007), a na istom je fakultetu obranio i disertaciju \u201ePoliti\u010dka tranzicija u Hrvatskoj 1989-1991\u201d (2010). Od 2004. radio je u Centru za politolo\u0161ka istra\u017eivanja u Zagrebu, a od 2012. stalno je zaposlen na Odjelu za komunikologiju Sveu\u010dili\u0161ta u Dubrovniku.<\/p>\n\n\n\n<hr class=\"wp-block-separator\"\/>\n\n\n\n<p>Izvor:<\/p>\n\n\n\n<figure class=\"wp-block-embed-wordpress wp-block-embed is-type-wp-embed is-provider-srednja-europa\"><div class=\"wp-block-embed__wrapper\">\n<blockquote class=\"wp-embedded-content\" data-secret=\"zuaZhLWor6\"><a href=\"https:\/\/srednja-europa.hr\/proizvod\/sto-s-komunizmom\/\">\u0160to s komunizmom?<\/a><\/blockquote><iframe loading=\"lazy\" class=\"wp-embedded-content\" sandbox=\"allow-scripts\" security=\"restricted\" style=\"position: absolute; clip: rect(1px, 1px, 1px, 1px);\" title=\"&#8220;\u0160to s komunizmom?&#8221; &#8212; Srednja Europa\" src=\"https:\/\/srednja-europa.hr\/proizvod\/sto-s-komunizmom\/embed\/#?secret=zuaZhLWor6\" data-secret=\"zuaZhLWor6\" width=\"600\" height=\"338\" frameborder=\"0\" marginwidth=\"0\" marginheight=\"0\" scrolling=\"no\"><\/iframe>\n<\/div><\/figure>\n\n\n\n<hr class=\"wp-block-separator\"\/>\n\n\n\n<p>Obavijest je objavljena i na portalu <strong>Historiografija.ba<\/strong>:<\/p>\n\n\n\n<p><a href=\"https:\/\/historiografija.ba\/article.php?id=2566\">https:\/\/historiografija.ba\/article.php?id=2566<\/a><\/p>\n\n\n\n<hr class=\"wp-block-separator\"\/>\n","protected":false},"excerpt":{"rendered":"","protected":false},"author":2,"featured_media":41434,"comment_status":"open","ping_status":"open","sticky":false,"template":"","format":"standard","meta":{"_acf_changed":false,"jetpack_post_was_ever_published":false,"_jetpack_newsletter_access":"","_jetpack_dont_email_post_to_subs":false,"_jetpack_newsletter_tier_id":0,"_jetpack_memberships_contains_paywalled_content":false,"_jetpack_memberships_contains_paid_content":false,"footnotes":"","jetpack_publicize_message":"","jetpack_publicize_feature_enabled":true,"jetpack_social_post_already_shared":true,"jetpack_social_options":{"image_generator_settings":{"template":"highway","default_image_id":0,"font":"","enabled":false},"version":2}},"categories":[8,3],"tags":[],"class_list":["post-41433","post","type-post","status-publish","format-standard","has-post-thumbnail","hentry","category-knjige","category-novosti"],"acf":{"facebook_opis":""},"jetpack_publicize_connections":[],"jetpack_featured_media_url":"https:\/\/i0.wp.com\/historiografija.hr\/wp-content\/uploads\/2024\/07\/Sto_s_komunizmom.jpg?fit=359%2C522&ssl=1","jetpack_sharing_enabled":true,"jetpack-related-posts":[],"_links":{"self":[{"href":"https:\/\/historiografija.hr\/index.php?rest_route=\/wp\/v2\/posts\/41433","targetHints":{"allow":["GET"]}}],"collection":[{"href":"https:\/\/historiografija.hr\/index.php?rest_route=\/wp\/v2\/posts"}],"about":[{"href":"https:\/\/historiografija.hr\/index.php?rest_route=\/wp\/v2\/types\/post"}],"author":[{"embeddable":true,"href":"https:\/\/historiografija.hr\/index.php?rest_route=\/wp\/v2\/users\/2"}],"replies":[{"embeddable":true,"href":"https:\/\/historiografija.hr\/index.php?rest_route=%2Fwp%2Fv2%2Fcomments&post=41433"}],"version-history":[{"count":1,"href":"https:\/\/historiografija.hr\/index.php?rest_route=\/wp\/v2\/posts\/41433\/revisions"}],"predecessor-version":[{"id":41435,"href":"https:\/\/historiografija.hr\/index.php?rest_route=\/wp\/v2\/posts\/41433\/revisions\/41435"}],"wp:featuredmedia":[{"embeddable":true,"href":"https:\/\/historiografija.hr\/index.php?rest_route=\/wp\/v2\/media\/41434"}],"wp:attachment":[{"href":"https:\/\/historiografija.hr\/index.php?rest_route=%2Fwp%2Fv2%2Fmedia&parent=41433"}],"wp:term":[{"taxonomy":"category","embeddable":true,"href":"https:\/\/historiografija.hr\/index.php?rest_route=%2Fwp%2Fv2%2Fcategories&post=41433"},{"taxonomy":"post_tag","embeddable":true,"href":"https:\/\/historiografija.hr\/index.php?rest_route=%2Fwp%2Fv2%2Ftags&post=41433"}],"curies":[{"name":"wp","href":"https:\/\/api.w.org\/{rel}","templated":true}]}}