{"id":41419,"date":"2024-07-02T17:17:09","date_gmt":"2024-07-02T17:17:09","guid":{"rendered":"http:\/\/historiografija.hr\/?p=41419"},"modified":"2024-07-15T14:56:05","modified_gmt":"2024-07-15T14:56:05","slug":"medijski-odjeci-najave-pokretanja-rodnih-studija-na-filozofskom-fakultetu-u-zagrebu","status":"publish","type":"post","link":"https:\/\/historiografija.hr\/?p=41419","title":{"rendered":"Medijski odjeci najave pokretanja Rodnih studija na Filozofskom fakultetu u Zagrebu"},"content":{"rendered":"\n<p>Najava pokretanja Rodnih studija na Filozofskom fakultetu u Zagrebu izazvala je uobi\u010dajene prijeporne odjeke u dijelu medija, a mi sa velikim zadovoljstvom i sna\u017enom podr\u0161kom isti\u010demo da je najavljeno da \u0107e jedan od tri obavezna kolegija biti \u201eRodna povijest\u201c.<\/p>\n\n\n\n<hr class=\"wp-block-separator\"\/>\n\n\n\n<p><strong>Iz medija:<\/strong><\/p>\n\n\n\n<p>(uklju\u010divo s medijskim prilozima objavljivanima i narednih dana)<\/p>\n\n\n\n<hr class=\"wp-block-separator\"\/>\n\n\n\n<p><a href=\"https:\/\/www.srednja.hr\/faks\/filozofski-fakultet-uskoro-pokrece-rodne-studije-upisivat-ce-20-studenata-ovo-su-neki-od-kolegija\/\">https:\/\/www.srednja.hr\/faks\/filozofski-fakultet-uskoro-pokrece-rodne-studije-upisivat-ce-20-studenata-ovo-su-neki-od-kolegija\/<\/a><\/p>\n\n\n\n<p><a href=\"https:\/\/www.index.hr\/vijesti\/clanak\/filozofski-pokrece-rodne-studije-prve-takve-u-hrvatskoj-gdje-raditi-s-tim\/2578531.aspx\">https:\/\/www.index.hr\/vijesti\/clanak\/filozofski-pokrece-rodne-studije-prve-takve-u-hrvatskoj-gdje-raditi-s-tim\/2578531.aspx<\/a><\/p>\n\n\n\n<p><a href=\"https:\/\/direktno.hr\/razvoj\/zagrebacki-fakultet-uvodi-rodne-studije-oni-koji-zavrse-radit-ce-u-udrugama-i-vladinim-uredima-349406\/\">https:\/\/direktno.hr\/razvoj\/zagrebacki-fakultet-uvodi-rodne-studije-oni-koji-zavrse-radit-ce-u-udrugama-i-vladinim-uredima-349406\/<\/a><\/p>\n\n\n\n<p><a href=\"https:\/\/hrvatska-danas.com\/2024\/07\/01\/filozofski-fakultet-ceka-zeleno-svjetlo-za-pokretanje-rodnih-studija-upisivat-ce-20-studenata-ovo-su-neki-od-kolegija\/\">https:\/\/hrvatska-danas.com\/2024\/07\/01\/filozofski-fakultet-ceka-zeleno-svjetlo-za-pokretanje-rodnih-studija-upisivat-ce-20-studenata-ovo-su-neki-od-kolegija\/<\/a><\/p>\n\n\n\n<hr class=\"wp-block-separator\"\/>\n\n\n\n<p><a href=\"https:\/\/www.hina.hr\/vijest\/11666696\">https:\/\/www.hina.hr\/vijest\/11666696<\/a><\/p>\n\n\n\n<figure class=\"wp-block-embed-wordpress wp-block-embed is-type-wp-embed is-provider-n-1\"><div class=\"wp-block-embed__wrapper\">\n<blockquote class=\"wp-embedded-content\" data-secret=\"b2EUOzdGcB\"><a href=\"https:\/\/n1info.hr\/vijesti\/zagrebacki-filozofski-fakultet-pokrece-rodne-studije\/\">Zagreba\u010dki Filozofski fakultet pokre\u0107e Rodne studije<\/a><\/blockquote><iframe loading=\"lazy\" class=\"wp-embedded-content\" sandbox=\"allow-scripts\" security=\"restricted\" style=\"position: absolute; clip: rect(1px, 1px, 1px, 1px);\" title=\"&#8220;Zagreba\u010dki Filozofski fakultet pokre\u0107e Rodne studije&#8221; &#8212; N1\" src=\"https:\/\/n1info.hr\/vijesti\/zagrebacki-filozofski-fakultet-pokrece-rodne-studije\/embed\/#?secret=ZMuHOxnNe0#?secret=b2EUOzdGcB\" data-secret=\"b2EUOzdGcB\" width=\"600\" height=\"338\" frameborder=\"0\" marginwidth=\"0\" marginheight=\"0\" scrolling=\"no\"><\/iframe>\n<\/div><\/figure>\n\n\n\n<p><a href=\"https:\/\/www.telegram.hr\/vijesti\/filozofski-fakultet-u-zagrebu-pokrece-rodne-studije-ceka-se-zeleno-svjetlo-od-ministarstva-znanosti\/\">https:\/\/www.telegram.hr\/vijesti\/filozofski-fakultet-u-zagrebu-pokrece-rodne-studije-ceka-se-zeleno-svjetlo-od-ministarstva-znanosti\/<\/a><\/p>\n\n\n\n<p><a href=\"https:\/\/dnevnik.hr\/vijesti\/hrvatska\/zagrebacki-filozofski-fakultet-pokrece-novi-studij-rodni-studiji---856973.html\">https:\/\/dnevnik.hr\/vijesti\/hrvatska\/zagrebacki-filozofski-fakultet-pokrece-novi-studij-rodni-studiji&#8212;856973.html<\/a><\/p>\n\n\n\n<figure class=\"wp-block-embed-wordpress wp-block-embed is-type-wp-embed is-provider-nacional-hr\"><div class=\"wp-block-embed__wrapper\">\n<blockquote class=\"wp-embedded-content\" data-secret=\"TOxWakq2jC\"><a href=\"https:\/\/www.nacional.hr\/od-sljedece-godine-zagrebacki-filozofski-fakultet-pokrece-rodne-studije-hrvatska-i-po-tome-kasni-tridesetak-godina\/\">OD SLJEDE\u0106E GODINE Zagreba\u010dki Filozofski fakultet pokre\u0107e Rodne studije. Hrvatska i po tome kasni tridesetak godina&#8230;<\/a><\/blockquote><iframe loading=\"lazy\" class=\"wp-embedded-content\" sandbox=\"allow-scripts\" security=\"restricted\" style=\"position: absolute; clip: rect(1px, 1px, 1px, 1px);\" title=\"&#8220;OD SLJEDE\u0106E GODINE Zagreba\u010dki Filozofski fakultet pokre\u0107e Rodne studije. Hrvatska i po tome kasni tridesetak godina&#8230;&#8221; &#8212; NACIONAL.HR\" src=\"https:\/\/www.nacional.hr\/od-sljedece-godine-zagrebacki-filozofski-fakultet-pokrece-rodne-studije-hrvatska-i-po-tome-kasni-tridesetak-godina\/embed\/#?secret=dHnom3il0H#?secret=TOxWakq2jC\" data-secret=\"TOxWakq2jC\" width=\"600\" height=\"338\" frameborder=\"0\" marginwidth=\"0\" marginheight=\"0\" scrolling=\"no\"><\/iframe>\n<\/div><\/figure>\n\n\n\n<figure class=\"wp-block-embed-wordpress wp-block-embed is-type-wp-embed is-provider-centar-za-zenske-studije\"><div class=\"wp-block-embed__wrapper\">\n<blockquote class=\"wp-embedded-content\" data-secret=\"oIqwQM62zJ\"><a href=\"https:\/\/zenstud.hr\/2024\/07\/03\/cestitke-na-pokretanju-rodnih-studija-na-ff-u-u-zagrebu\/\">\u010cestitke na pokretanju Rodnih studija na FF-u u Zagrebu<\/a><\/blockquote><iframe loading=\"lazy\" class=\"wp-embedded-content\" sandbox=\"allow-scripts\" security=\"restricted\" style=\"position: absolute; clip: rect(1px, 1px, 1px, 1px);\" title=\"&#8220;\u010cestitke na pokretanju Rodnih studija na FF-u u Zagrebu&#8221; &#8212; Centar za \u017eenske studije\" src=\"https:\/\/zenstud.hr\/2024\/07\/03\/cestitke-na-pokretanju-rodnih-studija-na-ff-u-u-zagrebu\/embed\/#?secret=oIqwQM62zJ\" data-secret=\"oIqwQM62zJ\" width=\"600\" height=\"338\" frameborder=\"0\" marginwidth=\"0\" marginheight=\"0\" scrolling=\"no\"><\/iframe>\n<\/div><\/figure>\n\n\n\n<hr class=\"wp-block-separator\"\/>\n\n\n\n<figure class=\"wp-block-embed-wordpress wp-block-embed is-type-wp-embed is-provider-narod-hr\"><div class=\"wp-block-embed__wrapper\">\n<blockquote class=\"wp-embedded-content\" data-secret=\"J5n208YQ4e\"><a href=\"https:\/\/narod.hr\/hrvatska\/filozofski-fakultet-uskoro-starta-s-rodnim-studijima-evo-tko-ce-ih-voditi\">Filozofski fakultet uskoro starta s Rodnim studijima: Evo tko \u0107e ih voditi<\/a><\/blockquote><iframe loading=\"lazy\" class=\"wp-embedded-content\" sandbox=\"allow-scripts\" security=\"restricted\" style=\"position: absolute; clip: rect(1px, 1px, 1px, 1px);\" title=\"&#8220;Filozofski fakultet uskoro starta s Rodnim studijima: Evo tko \u0107e ih voditi&#8221; &#8212; narod.hr\" src=\"https:\/\/narod.hr\/hrvatska\/filozofski-fakultet-uskoro-starta-s-rodnim-studijima-evo-tko-ce-ih-voditi\/embed#?secret=E0Hi8AvXPl#?secret=J5n208YQ4e\" data-secret=\"J5n208YQ4e\" width=\"600\" height=\"338\" frameborder=\"0\" marginwidth=\"0\" marginheight=\"0\" scrolling=\"no\"><\/iframe>\n<\/div><\/figure>\n\n\n\n<figure class=\"wp-block-embed-wordpress wp-block-embed is-type-wp-embed is-provider-narod-hr\"><div class=\"wp-block-embed__wrapper\">\n<blockquote class=\"wp-embedded-content\" data-secret=\"JdE1pckFZg\"><a href=\"https:\/\/narod.hr\/hrvatska\/rodni-studiji-jos-nisu-prosli-najvaznije-stepenice-hoce-li-ih-azvo-i-ministarstvo-odobriti\">Rodni studiji jo\u0161 nisu pro\u0161li najva\u017enije stepenice: Ho\u0107e li ih AZVO i Ministarstvo odobriti?<\/a><\/blockquote><iframe loading=\"lazy\" class=\"wp-embedded-content\" sandbox=\"allow-scripts\" security=\"restricted\" style=\"position: absolute; clip: rect(1px, 1px, 1px, 1px);\" title=\"&#8220;Rodni studiji jo\u0161 nisu pro\u0161li najva\u017enije stepenice: Ho\u0107e li ih AZVO i Ministarstvo odobriti?&#8221; &#8212; narod.hr\" src=\"https:\/\/narod.hr\/hrvatska\/rodni-studiji-jos-nisu-prosli-najvaznije-stepenice-hoce-li-ih-azvo-i-ministarstvo-odobriti\/embed#?secret=r7JnX7h7G0#?secret=JdE1pckFZg\" data-secret=\"JdE1pckFZg\" width=\"600\" height=\"338\" frameborder=\"0\" marginwidth=\"0\" marginheight=\"0\" scrolling=\"no\"><\/iframe>\n<\/div><\/figure>\n\n\n\n<figure class=\"wp-block-embed-wordpress wp-block-embed is-type-wp-embed is-provider-narod-hr\"><div class=\"wp-block-embed__wrapper\">\n<blockquote class=\"wp-embedded-content\" data-secret=\"LOZO55pm11\"><a href=\"https:\/\/narod.hr\/hrvatska\/sto-promovira-voditeljica-rodnih-studija-lgbt-partizanke-s-puskama-marksizam\">\u0160to promovira voditeljica Rodnih studija: LGBT partizanke s pu\u0161kama, marksizam&#8230;<\/a><\/blockquote><iframe loading=\"lazy\" class=\"wp-embedded-content\" sandbox=\"allow-scripts\" security=\"restricted\" style=\"position: absolute; clip: rect(1px, 1px, 1px, 1px);\" title=\"&#8220;\u0160to promovira voditeljica Rodnih studija: LGBT partizanke s pu\u0161kama, marksizam&#8230;&#8221; &#8212; narod.hr\" src=\"https:\/\/narod.hr\/hrvatska\/sto-promovira-voditeljica-rodnih-studija-lgbt-partizanke-s-puskama-marksizam\/embed#?secret=wDvvbkWtjW#?secret=LOZO55pm11\" data-secret=\"LOZO55pm11\" width=\"600\" height=\"338\" frameborder=\"0\" marginwidth=\"0\" marginheight=\"0\" scrolling=\"no\"><\/iframe>\n<\/div><\/figure>\n\n\n\n<figure class=\"wp-block-embed-wordpress wp-block-embed is-type-wp-embed is-provider-narod-hr\"><div class=\"wp-block-embed__wrapper\">\n<blockquote class=\"wp-embedded-content\" data-secret=\"NvkYN0IN60\"><a href=\"https:\/\/narod.hr\/hrvatska\/prof-matasovic-s-filozofskog-o-rodnim-studijima-ti-ce-strucnjaci-biti-egzistencijalno-zainteresirani-za-sirenje-ideologije\">Prof. Matasovi\u0107 s Filozofskog o Rodnim studijima: Ti \u0107e stru\u010dnjaci biti egzistencijalno zainteresirani za \u0161irenje ideologije<\/a><\/blockquote><iframe loading=\"lazy\" class=\"wp-embedded-content\" sandbox=\"allow-scripts\" security=\"restricted\" style=\"position: absolute; clip: rect(1px, 1px, 1px, 1px);\" title=\"&#8220;Prof. Matasovi\u0107 s Filozofskog o Rodnim studijima: Ti \u0107e stru\u010dnjaci biti egzistencijalno zainteresirani za \u0161irenje ideologije&#8221; &#8212; narod.hr\" src=\"https:\/\/narod.hr\/hrvatska\/prof-matasovic-s-filozofskog-o-rodnim-studijima-ti-ce-strucnjaci-biti-egzistencijalno-zainteresirani-za-sirenje-ideologije\/embed#?secret=NEruhLuSd9#?secret=NvkYN0IN60\" data-secret=\"NvkYN0IN60\" width=\"600\" height=\"338\" frameborder=\"0\" marginwidth=\"0\" marginheight=\"0\" scrolling=\"no\"><\/iframe>\n<\/div><\/figure>\n\n\n\n<figure class=\"wp-block-embed-wordpress wp-block-embed is-type-wp-embed is-provider-narod-hr\"><div class=\"wp-block-embed__wrapper\">\n<blockquote class=\"wp-embedded-content\" data-secret=\"uqW9GNcJTh\"><a href=\"https:\/\/narod.hr\/hrvatska\/pavlicek-pozivam-ministra-fuchsa-da-ne-odobri-pokretanje-rodnih-studija\">Pavli\u010dek: Pozivam ministra Fuchsa da ne odobri pokretanje Rodnih studija<\/a><\/blockquote><iframe loading=\"lazy\" class=\"wp-embedded-content\" sandbox=\"allow-scripts\" security=\"restricted\" style=\"position: absolute; clip: rect(1px, 1px, 1px, 1px);\" title=\"&#8220;Pavli\u010dek: Pozivam ministra Fuchsa da ne odobri pokretanje Rodnih studija&#8221; &#8212; narod.hr\" src=\"https:\/\/narod.hr\/hrvatska\/pavlicek-pozivam-ministra-fuchsa-da-ne-odobri-pokretanje-rodnih-studija\/embed#?secret=7JPUZmQv0d#?secret=uqW9GNcJTh\" data-secret=\"uqW9GNcJTh\" width=\"600\" height=\"338\" frameborder=\"0\" marginwidth=\"0\" marginheight=\"0\" scrolling=\"no\"><\/iframe>\n<\/div><\/figure>\n\n\n\n<hr class=\"wp-block-separator\"\/>\n\n\n\n<p><a href=\"https:\/\/direktno.hr\/zagreb\/bartulicu-zgrozio-potez-zagrebackog-filozofskog-fakulteta-upozoravao-sam-na-ovu-opasnost-349466\/\">https:\/\/direktno.hr\/zagreb\/bartulicu-zgrozio-potez-zagrebackog-filozofskog-fakulteta-upozoravao-sam-na-ovu-opasnost-349466\/<\/a><\/p>\n\n\n\n<figure class=\"wp-block-embed-wordpress wp-block-embed is-type-wp-embed is-provider-7-dnevno\"><div class=\"wp-block-embed__wrapper\">\n<blockquote class=\"wp-embedded-content\" data-secret=\"vdYj5vITGf\"><a href=\"https:\/\/www.7dnevno.hr\/vijesti\/bartulicu-sokirao-potez-zagrebackog-filozofskog-fakulteta-to-je-opasnost-na-koju-sam-upozoravao\/\">Bartulicu \u0161okirao potez zagreba\u010dkog Filozofskog fakulteta: &#8216;To je opasnost na koju sam upozoravao&#8217;<\/a><\/blockquote><iframe loading=\"lazy\" class=\"wp-embedded-content\" sandbox=\"allow-scripts\" security=\"restricted\" style=\"position: absolute; clip: rect(1px, 1px, 1px, 1px);\" title=\"&#8220;Bartulicu \u0161okirao potez zagreba\u010dkog Filozofskog fakulteta: &#8216;To je opasnost na koju sam upozoravao&#8217;&#8221; &#8212; 7dnevno\" src=\"https:\/\/www.7dnevno.hr\/vijesti\/bartulicu-sokirao-potez-zagrebackog-filozofskog-fakulteta-to-je-opasnost-na-koju-sam-upozoravao\/embed\/#?secret=luLVjcx35L#?secret=vdYj5vITGf\" data-secret=\"vdYj5vITGf\" width=\"600\" height=\"338\" frameborder=\"0\" marginwidth=\"0\" marginheight=\"0\" scrolling=\"no\"><\/iframe>\n<\/div><\/figure>\n\n\n\n<p><a href=\"https:\/\/hrvatska-danas.com\/2024\/07\/01\/ugledni-psihijatar-o-pokretanju-rodnih-studija-pseudoznanstveni-kolegij-utemeljen-na-rodnoj-ideologiji-koji-je-obavezni-dio-cv-a-svakog-woke-fanatika-u-svijetu\/\">https:\/\/hrvatska-danas.com\/2024\/07\/01\/ugledni-psihijatar-o-pokretanju-rodnih-studija-pseudoznanstveni-kolegij-utemeljen-na-rodnoj-ideologiji-koji-je-obavezni-dio-cv-a-svakog-woke-fanatika-u-svijetu\/<\/a><\/p>\n\n\n\n<figure class=\"wp-block-embed-wordpress wp-block-embed is-type-wp-embed is-provider-hrvatski-fokus\"><div class=\"wp-block-embed__wrapper\">\n<blockquote class=\"wp-embedded-content\" data-secret=\"NKmqb6NTRk\"><a href=\"https:\/\/www.hrvatski-fokus.hr\/2024\/07\/59476\/\">GLOBLISTI\u010cKE IZMI\u0160LJOTINE \u2013 Rodni studiji i teorija lezbijskog plesa<\/a><\/blockquote><iframe loading=\"lazy\" class=\"wp-embedded-content\" sandbox=\"allow-scripts\" security=\"restricted\" style=\"position: absolute; clip: rect(1px, 1px, 1px, 1px);\" title=\"&#8220;GLOBLISTI\u010cKE IZMI\u0160LJOTINE \u2013 Rodni studiji i teorija lezbijskog plesa&#8221; &#8212; Hrvatski Fokus\" src=\"https:\/\/www.hrvatski-fokus.hr\/2024\/07\/59476\/embed\/#?secret=zeeiFAeetF#?secret=NKmqb6NTRk\" data-secret=\"NKmqb6NTRk\" width=\"600\" height=\"338\" frameborder=\"0\" marginwidth=\"0\" marginheight=\"0\" scrolling=\"no\"><\/iframe>\n<\/div><\/figure>\n\n\n\n<p><a href=\"https:\/\/direktno.hr\/domovina\/peternel-prozvao-profesoricu-marksizma-s-ffzg-a-ovo-bi-trebalo-voditi-rodne-studije-349782\/\">https:\/\/direktno.hr\/domovina\/peternel-prozvao-profesoricu-marksizma-s-ffzg-a-ovo-bi-trebalo-voditi-rodne-studije-349782\/<\/a><\/p>\n\n\n\n<p><a href=\"https:\/\/direktno.hr\/domovina\/zastupnika-naljutio-potez-zagrebackog-fakulteta-dosta-je-bilo-da-manjina-terorizira-vecinu-349603\/\">https:\/\/direktno.hr\/domovina\/zastupnika-naljutio-potez-zagrebackog-fakulteta-dosta-je-bilo-da-manjina-terorizira-vecinu-349603\/<\/a><\/p>\n\n\n\n<p><a href=\"https:\/\/www.index.hr\/vijesti\/clanak\/pavlicek-o-uvodjenju-rodnih-studija-dosta-mi-je-terora-manjine-nad-sutljivom-vecinom\/2579249.aspx\">https:\/\/www.index.hr\/vijesti\/clanak\/pavlicek-o-uvodjenju-rodnih-studija-dosta-mi-je-terora-manjine-nad-sutljivom-vecinom\/2579249.aspx<\/a><\/p>\n\n\n\n<p><a href=\"https:\/\/www.telegram.hr\/politika-kriminal\/pavlicek-strepi-da-bi-mu-sin-mogao-postati-nebinaran-ako-20-studenata-upise-rodne-studije-na-filozofskom-propast-ce-nam-hrvatska\/\">https:\/\/www.telegram.hr\/politika-kriminal\/pavlicek-strepi-da-bi-mu-sin-mogao-postati-nebinaran-ako-20-studenata-upise-rodne-studije-na-filozofskom-propast-ce-nam-hrvatska\/<\/a><\/p>\n\n\n\n<p><a href=\"https:\/\/www.jutarnji.hr\/vijesti\/hrvatska\/suverenist-bijesan-imam-sina-koji-je-musko-ne-zelim-da-sutra-bude-zensko-15478279\">https:\/\/www.jutarnji.hr\/vijesti\/hrvatska\/suverenist-bijesan-imam-sina-koji-je-musko-ne-zelim-da-sutra-bude-zensko-15478279<\/a><\/p>\n\n\n\n<p><a href=\"https:\/\/slobodnadalmacija.hr\/vijesti\/hrvatska\/rodni-studiji-uzbudili-konzervativce-oglasio-se-i-ministar-gdje-ce-moci-raditi-oni-koji-zavrse-novi-fakultet-1401421\">https:\/\/slobodnadalmacija.hr\/vijesti\/hrvatska\/rodni-studiji-uzbudili-konzervativce-oglasio-se-i-ministar-gdje-ce-moci-raditi-oni-koji-zavrse-novi-fakultet-1401421<\/a><\/p>\n\n\n\n<hr class=\"wp-block-separator\"\/>\n\n\n\n<p><a href=\"https:\/\/www.vecernji.hr\/vijesti\/napokon-vrijeme-za-rodne-studije-na-filozofskom-fakultetu-1655434\">https:\/\/www.vecernji.hr\/vijesti\/napokon-vrijeme-za-rodne-studije-na-filozofskom-fakultetu-1655434<\/a><\/p>\n\n\n\n<p><a href=\"https:\/\/www.vecernji.hr\/vijesti\/birokratska-zavrzlama-ili-politicki-otpor-upitni-rodni-studiji-na-filozofskom-fakultetu-1782192\">https:\/\/www.vecernji.hr\/vijesti\/birokratska-zavrzlama-ili-politicki-otpor-upitni-rodni-studiji-na-filozofskom-fakultetu-1782192<\/a><\/p>\n\n\n\n<hr class=\"wp-block-separator\"\/>\n\n\n\n<figure class=\"wp-block-embed-wordpress wp-block-embed is-type-wp-embed is-provider-nacional-hr\"><div class=\"wp-block-embed__wrapper\">\n<blockquote class=\"wp-embedded-content\" data-secret=\"NXFMCrlrpT\"><a href=\"https:\/\/www.nacional.hr\/rodni-studiji-ahmetovic-bez-zadrske-desnica-se-mora-neceg-uhvatiti-izmisljaju-vragove-gdje-ih-nema\/\">RODNI STUDIJI Ahmetovi\u0107 bez zadr\u0161ke: Desnica se mora ne\u010deg uhvatiti, izmi\u0161ljaju vragove gdje ih nema<\/a><\/blockquote><iframe loading=\"lazy\" class=\"wp-embedded-content\" sandbox=\"allow-scripts\" security=\"restricted\" style=\"position: absolute; clip: rect(1px, 1px, 1px, 1px);\" title=\"&#8220;RODNI STUDIJI Ahmetovi\u0107 bez zadr\u0161ke: Desnica se mora ne\u010deg uhvatiti, izmi\u0161ljaju vragove gdje ih nema&#8221; &#8212; NACIONAL.HR\" src=\"https:\/\/www.nacional.hr\/rodni-studiji-ahmetovic-bez-zadrske-desnica-se-mora-neceg-uhvatiti-izmisljaju-vragove-gdje-ih-nema\/embed\/#?secret=LtFx1Ngfl0#?secret=NXFMCrlrpT\" data-secret=\"NXFMCrlrpT\" width=\"600\" height=\"338\" frameborder=\"0\" marginwidth=\"0\" marginheight=\"0\" scrolling=\"no\"><\/iframe>\n<\/div><\/figure>\n\n\n\n<figure class=\"wp-block-embed-wordpress wp-block-embed is-type-wp-embed is-provider-n-1\"><div class=\"wp-block-embed__wrapper\">\n<blockquote class=\"wp-embedded-content\" data-secret=\"x1vky7xu1A\"><a href=\"https:\/\/n1info.hr\/vijesti\/mirela-ahmetovic-jako-mi-je-cudno-sto-se-alfamuzjaci-boje-rodne-ideologije\/\">Mirela Ahmetovi\u0107: Jako mi je \u010dudno \u0161to se alfamu\u017ejaci boje rodne ideologije<\/a><\/blockquote><iframe loading=\"lazy\" class=\"wp-embedded-content\" sandbox=\"allow-scripts\" security=\"restricted\" style=\"position: absolute; clip: rect(1px, 1px, 1px, 1px);\" title=\"&#8220;Mirela Ahmetovi\u0107: Jako mi je \u010dudno \u0161to se alfamu\u017ejaci boje rodne ideologije&#8221; &#8212; N1\" src=\"https:\/\/n1info.hr\/vijesti\/mirela-ahmetovic-jako-mi-je-cudno-sto-se-alfamuzjaci-boje-rodne-ideologije\/embed\/#?secret=qCJUvjeaOk#?secret=x1vky7xu1A\" data-secret=\"x1vky7xu1A\" width=\"600\" height=\"338\" frameborder=\"0\" marginwidth=\"0\" marginheight=\"0\" scrolling=\"no\"><\/iframe>\n<\/div><\/figure>\n\n\n\n<figure class=\"wp-block-embed-wordpress wp-block-embed is-type-wp-embed is-provider-n-1\"><div class=\"wp-block-embed__wrapper\">\n<blockquote class=\"wp-embedded-content\" data-secret=\"IA2t4oNWWS\"><a href=\"https:\/\/n1info.hr\/vijesti\/video-saborski-zastupnici-posvadali-se-nasred-hodnika-zasto-bjezis-nemoj-bjezati\/\">VIDEO \/ Saborski zastupnici posva\u0111ali se nasred hodnika: &#8220;Za\u0161to bje\u017ei\u0161, nemoj bje\u017eati&#8230;&#8221;<\/a><\/blockquote><iframe loading=\"lazy\" class=\"wp-embedded-content\" sandbox=\"allow-scripts\" security=\"restricted\" style=\"position: absolute; clip: rect(1px, 1px, 1px, 1px);\" title=\"&#8220;VIDEO \/ Saborski zastupnici posva\u0111ali se nasred hodnika: &#8220;Za\u0161to bje\u017ei\u0161, nemoj bje\u017eati&#8230;&#8221;&#8221; &#8212; N1\" src=\"https:\/\/n1info.hr\/vijesti\/video-saborski-zastupnici-posvadali-se-nasred-hodnika-zasto-bjezis-nemoj-bjezati\/embed\/#?secret=iChPVV60xR#?secret=IA2t4oNWWS\" data-secret=\"IA2t4oNWWS\" width=\"600\" height=\"338\" frameborder=\"0\" marginwidth=\"0\" marginheight=\"0\" scrolling=\"no\"><\/iframe>\n<\/div><\/figure>\n\n\n\n<hr class=\"wp-block-separator\"\/>\n\n\n\n<p><a href=\"https:\/\/www.tportal.hr\/vijesti\/clanak\/zustra-o-rodnim-studijima-u-saboru-glasovac-u-istanbulskoj-konvenciji-nema-nista-lose-20240704\">https:\/\/www.tportal.hr\/vijesti\/clanak\/zustra-o-rodnim-studijima-u-saboru-glasovac-u-istanbulskoj-konvenciji-nema-nista-lose-20240704<\/a><\/p>\n\n\n\n<p><a href=\"https:\/\/www.jutarnji.hr\/vijesti\/hrvatska\/desna-oporba-trazi-zabranu-rodnih-studija-grmoja-tome-nema-mjesta-na-filozofskom-fakultetu-15478415\">https:\/\/www.jutarnji.hr\/vijesti\/hrvatska\/desna-oporba-trazi-zabranu-rodnih-studija-grmoja-tome-nema-mjesta-na-filozofskom-fakultetu-15478415<\/a><\/p>\n\n\n\n<figure class=\"wp-block-embed-wordpress wp-block-embed is-type-wp-embed is-provider-n-1\"><div class=\"wp-block-embed__wrapper\">\n<blockquote class=\"wp-embedded-content\" data-secret=\"vwm7MLHKwz\"><a href=\"https:\/\/n1info.hr\/vijesti\/rodni-studiji-podijelili-javnost-i-prije-su-govorili-o-bradatim-zenama-koje-ce-ulaziti-u-zenske-wc-e\/\">Rodni studiji podijelili javnost: &#8220;I prije su govorili o bradatim \u017eenama koje \u0107e ulaziti u \u017eenske WC-e&#8221;<\/a><\/blockquote><iframe loading=\"lazy\" class=\"wp-embedded-content\" sandbox=\"allow-scripts\" security=\"restricted\" style=\"position: absolute; clip: rect(1px, 1px, 1px, 1px);\" title=\"&#8220;Rodni studiji podijelili javnost: &#8220;I prije su govorili o bradatim \u017eenama koje \u0107e ulaziti u \u017eenske WC-e&#8221;&#8221; &#8212; N1\" src=\"https:\/\/n1info.hr\/vijesti\/rodni-studiji-podijelili-javnost-i-prije-su-govorili-o-bradatim-zenama-koje-ce-ulaziti-u-zenske-wc-e\/embed\/#?secret=NiPz9XH7Bm#?secret=vwm7MLHKwz\" data-secret=\"vwm7MLHKwz\" width=\"600\" height=\"338\" frameborder=\"0\" marginwidth=\"0\" marginheight=\"0\" scrolling=\"no\"><\/iframe>\n<\/div><\/figure>\n\n\n\n<figure class=\"wp-block-embed-wordpress wp-block-embed is-type-wp-embed is-provider-faktograf-hr\"><div class=\"wp-block-embed__wrapper\">\n<blockquote class=\"wp-embedded-content\" data-secret=\"kDBsUgZpi8\"><a href=\"https:\/\/faktograf.hr\/2024\/07\/05\/rodni-studiji-ne-predstavljaju-uvodenje-rodne-ideologije-na-velika-vrata-u-obrazovanje\/\">Rodni studiji ne predstavljaju &#8220;uvo\u0111enje rodne ideologije na velika vrata u obrazovanje&#8221;<\/a><\/blockquote><iframe loading=\"lazy\" class=\"wp-embedded-content\" sandbox=\"allow-scripts\" security=\"restricted\" style=\"position: absolute; clip: rect(1px, 1px, 1px, 1px);\" title=\"&#8220;Rodni studiji ne predstavljaju &#8220;uvo\u0111enje rodne ideologije na velika vrata u obrazovanje&#8221;&#8221; &#8212; Faktograf.hr\" src=\"https:\/\/faktograf.hr\/2024\/07\/05\/rodni-studiji-ne-predstavljaju-uvodenje-rodne-ideologije-na-velika-vrata-u-obrazovanje\/embed\/#?secret=pe0micC5lG#?secret=kDBsUgZpi8\" data-secret=\"kDBsUgZpi8\" width=\"600\" height=\"338\" frameborder=\"0\" marginwidth=\"0\" marginheight=\"0\" scrolling=\"no\"><\/iframe>\n<\/div><\/figure>\n\n\n\n<p><a href=\"https:\/\/www.index.hr\/vijesti\/clanak\/fuchs-rodni-studiji-na-filozofskom-nisu-nikakvo-uvodjenje-rodne-ideologije\/2579543.aspx\">https:\/\/www.index.hr\/vijesti\/clanak\/fuchs-rodni-studiji-na-filozofskom-nisu-nikakvo-uvodjenje-rodne-ideologije\/2579543.aspx<\/a><\/p>\n\n\n\n<p><a href=\"https:\/\/www.srednja.hr\/faks\/desnica-se-uzbudila-oko-pokretanja-rodnih-studija-fuchs-nije-to-nikakvo-uvodenje-rodne-ideologije\/\">https:\/\/www.srednja.hr\/faks\/desnica-se-uzbudila-oko-pokretanja-rodnih-studija-fuchs-nije-to-nikakvo-uvodenje-rodne-ideologije\/<\/a><\/p>\n\n\n\n<p><a href=\"http:\/\/www.glas-slavonije.hr\/553866\/1\/Fuchs-odbacio-Novi-Rodni-studiji-ne-znace-uvodjenje-rodne-ideologije\">http:\/\/www.glas-slavonije.hr\/553866\/1\/Fuchs-odbacio-Novi-Rodni-studiji-ne-znace-uvodjenje-rodne-ideologije<\/a><\/p>\n\n\n\n<p><a href=\"https:\/\/vijesti.hrt.hr\/hrvatska\/zagrebacki-filozofski-fakultet-pokrece-novi-studij-rodni-studiji-11641879\">https:\/\/vijesti.hrt.hr\/hrvatska\/zagrebacki-filozofski-fakultet-pokrece-novi-studij-rodni-studiji-11641879<\/a><\/p>\n\n\n\n<hr class=\"wp-block-separator\"\/>\n\n\n\n<p><a href=\"https:\/\/vijesti.hrt.hr\/hrvatska\/rodni-studiji-11646781\">https:\/\/vijesti.hrt.hr\/hrvatska\/rodni-studiji-11646781<\/a><\/p>\n\n\n\n<p><a href=\"https:\/\/www.vecernji.hr\/vijesti\/pojasnjeno-kako-ce-izgledati-rodni-studiji-pavlicek-katastrofa-sutra-ce-se-netko-izjasniti-kao-zivotinja-1782832\">https:\/\/www.vecernji.hr\/vijesti\/pojasnjeno-kako-ce-izgledati-rodni-studiji-pavlicek-katastrofa-sutra-ce-se-netko-izjasniti-kao-zivotinja-1782832<\/a><\/p>\n\n\n\n<p><a href=\"https:\/\/www.index.hr\/vijesti\/clanak\/most-rodna-teorija-kaze-da-su-samo-zene-kroz-povijest-bile-potlacene\/2580110.aspx\">https:\/\/www.index.hr\/vijesti\/clanak\/most-rodna-teorija-kaze-da-su-samo-zene-kroz-povijest-bile-potlacene\/2580110.aspx<\/a><\/p>\n\n\n\n<p><a href=\"https:\/\/www.jutarnji.hr\/vijesti\/hrvatska\/penava-obecao-da-ce-skrsiti-inicijativu-filozofskog-fakulteta-tvrdi-da-ima-podrsku-hdz-a-15479009\">https:\/\/www.jutarnji.hr\/vijesti\/hrvatska\/penava-obecao-da-ce-skrsiti-inicijativu-filozofskog-fakulteta-tvrdi-da-ima-podrsku-hdz-a-15479009<\/a><\/p>\n\n\n\n<p><a href=\"https:\/\/www.jutarnji.hr\/vijesti\/hrvatska\/bura-zbog-rodnih-studija-pogledajte-kakve-ludosti-o-njima-pisu-desnicari-jedan-predlaze-egzorcizam-15479033\">https:\/\/www.jutarnji.hr\/vijesti\/hrvatska\/bura-zbog-rodnih-studija-pogledajte-kakve-ludosti-o-njima-pisu-desnicari-jedan-predlaze-egzorcizam-15479033<\/a><\/p>\n\n\n\n<p><a href=\"https:\/\/www.jutarnji.hr\/vijesti\/hrvatska\/vijest-koja-je-uznemirila-hrvatske-domoljube-i-vjernike-pa-nasi-momci-vise-ni-rodeni-penis-nece-raspoznavati-15478939\">https:\/\/www.jutarnji.hr\/vijesti\/hrvatska\/vijest-koja-je-uznemirila-hrvatske-domoljube-i-vjernike-pa-nasi-momci-vise-ni-rodeni-penis-nece-raspoznavati-15478939<\/a><\/p>\n\n\n\n<p><a href=\"https:\/\/www.telegram.hr\/politika-kriminal\/rodne-studije-koji-ce-krsne-sinove-bukaca-s-desnice-pretvarati-u-kceri-i-tetke-imaju-doslovno-svi-pa-cak-i-beograd-i-sarajevo\/\">https:\/\/www.telegram.hr\/politika-kriminal\/rodne-studije-koji-ce-krsne-sinove-bukaca-s-desnice-pretvarati-u-kceri-i-tetke-imaju-doslovno-svi-pa-cak-i-beograd-i-sarajevo\/<\/a><\/p>\n\n\n\n<hr class=\"wp-block-separator\"\/>\n\n\n\n<p><a href=\"https:\/\/dnevnik.hr\/vijesti\/hrvatska\/podrzavate-li-uvodjenje-rodnih-studija---857605.html\">https:\/\/dnevnik.hr\/vijesti\/hrvatska\/podrzavate-li-uvodjenje-rodnih-studija&#8212;857605.html<\/a><\/p>\n\n\n\n<p><a href=\"https:\/\/www.jutarnji.hr\/vijesti\/hrvatska\/penava-najavio-da-ce-zgaziti-planove-filozofskog-fakulteta-pogledajte-sto-kaze-resorni-ministar-uopce-nisam-procitao-15479188\">https:\/\/www.jutarnji.hr\/vijesti\/hrvatska\/penava-najavio-da-ce-zgaziti-planove-filozofskog-fakulteta-pogledajte-sto-kaze-resorni-ministar-uopce-nisam-procitao-15479188<\/a><\/p>\n\n\n\n<figure class=\"wp-block-embed-wordpress wp-block-embed is-type-wp-embed is-provider-n-1\"><div class=\"wp-block-embed__wrapper\">\n<blockquote class=\"wp-embedded-content\" data-secret=\"05BLIrSrDz\"><a href=\"https:\/\/n1info.hr\/vijesti\/boric-o-rodnim-studijima-pa-necemo-se-drzati-programa-studija-u-travniku-u-odnosu-na-cambridge-oxford\/\">Bori\u0107 o rodnim studijima: Pa ne\u0107emo se dr\u017eati programa studija u Travniku u odnosu na Cambridge, Oxford&#8230;<\/a><\/blockquote><iframe loading=\"lazy\" class=\"wp-embedded-content\" sandbox=\"allow-scripts\" security=\"restricted\" style=\"position: absolute; clip: rect(1px, 1px, 1px, 1px);\" title=\"&#8220;Bori\u0107 o rodnim studijima: Pa ne\u0107emo se dr\u017eati programa studija u Travniku u odnosu na Cambridge, Oxford&#8230;&#8221; &#8212; N1\" src=\"https:\/\/n1info.hr\/vijesti\/boric-o-rodnim-studijima-pa-necemo-se-drzati-programa-studija-u-travniku-u-odnosu-na-cambridge-oxford\/embed\/#?secret=OaweFS4NWU#?secret=05BLIrSrDz\" data-secret=\"05BLIrSrDz\" width=\"600\" height=\"338\" frameborder=\"0\" marginwidth=\"0\" marginheight=\"0\" scrolling=\"no\"><\/iframe>\n<\/div><\/figure>\n\n\n\n<p><a href=\"https:\/\/www.24sata.hr\/news\/osnivanje-rodnih-studija-nam-je-prijeko-potrebna-to-postoji-vec-godinama-na-sveucilistima-992920\">https:\/\/www.24sata.hr\/news\/osnivanje-rodnih-studija-nam-je-prijeko-potrebna-to-postoji-vec-godinama-na-sveucilistima-992920<\/a><\/p>\n\n\n\n<hr class=\"wp-block-separator\"\/>\n\n\n\n<p><a href=\"https:\/\/www.index.hr\/vijesti\/clanak\/puljak-kolicina-penavinog-neznanja-u-meni-izaziva-sram\/2580162.aspx\">https:\/\/www.index.hr\/vijesti\/clanak\/puljak-kolicina-penavinog-neznanja-u-meni-izaziva-sram\/2580162.aspx<\/a><\/p>\n\n\n\n<figure class=\"wp-block-embed-wordpress wp-block-embed is-type-wp-embed is-provider-narod-hr\"><div class=\"wp-block-embed__wrapper\">\n<blockquote class=\"wp-embedded-content\" data-secret=\"b1OMo5xune\"><a href=\"https:\/\/narod.hr\/hrvatska\/peternel-odgovorio-puljku-voditeljica-rodnih-studija-bila-je-kandidatkinja-na-listi-sdss-a\">Peternel Puljku: Voditeljica &#8216;rodnih studija&#8217; bila je kandidatkinja na listi SDSS-a<\/a><\/blockquote><iframe loading=\"lazy\" class=\"wp-embedded-content\" sandbox=\"allow-scripts\" security=\"restricted\" style=\"position: absolute; clip: rect(1px, 1px, 1px, 1px);\" title=\"&#8220;Peternel Puljku: Voditeljica &#8216;rodnih studija&#8217; bila je kandidatkinja na listi SDSS-a&#8221; &#8212; narod.hr\" src=\"https:\/\/narod.hr\/hrvatska\/peternel-odgovorio-puljku-voditeljica-rodnih-studija-bila-je-kandidatkinja-na-listi-sdss-a\/embed#?secret=wN9mIh4eAC#?secret=b1OMo5xune\" data-secret=\"b1OMo5xune\" width=\"600\" height=\"338\" frameborder=\"0\" marginwidth=\"0\" marginheight=\"0\" scrolling=\"no\"><\/iframe>\n<\/div><\/figure>\n\n\n\n<p><a href=\"https:\/\/www.dalmacijadanas.hr\/rodni-studiji-u-splitu-pitali-smo-puljka-za-misljenje\/\">https:\/\/www.dalmacijadanas.hr\/rodni-studiji-u-splitu-pitali-smo-puljka-za-misljenje\/<\/a><\/p>\n\n\n\n<figure class=\"wp-block-embed-wordpress wp-block-embed is-type-wp-embed is-provider-n-1\"><div class=\"wp-block-embed__wrapper\">\n<blockquote class=\"wp-embedded-content\" data-secret=\"HiZNyoRGG9\"><a href=\"https:\/\/n1info.hr\/vijesti\/kekin-rodni-studiji-postoje-na-svim-relevantnim-sveucilistima\/\">Ivana Kekin: Rodni studiji postoje na svim relevantnim svjetskim sveu\u010dili\u0161tima<\/a><\/blockquote><iframe loading=\"lazy\" class=\"wp-embedded-content\" sandbox=\"allow-scripts\" security=\"restricted\" style=\"position: absolute; clip: rect(1px, 1px, 1px, 1px);\" title=\"&#8220;Ivana Kekin: Rodni studiji postoje na svim relevantnim svjetskim sveu\u010dili\u0161tima&#8221; &#8212; N1\" src=\"https:\/\/n1info.hr\/vijesti\/kekin-rodni-studiji-postoje-na-svim-relevantnim-sveucilistima\/embed\/#?secret=T5bIxMPy4X#?secret=HiZNyoRGG9\" data-secret=\"HiZNyoRGG9\" width=\"600\" height=\"338\" frameborder=\"0\" marginwidth=\"0\" marginheight=\"0\" scrolling=\"no\"><\/iframe>\n<\/div><\/figure>\n\n\n\n<figure class=\"wp-block-embed-wordpress wp-block-embed is-type-wp-embed is-provider-tris-portal-sibenik\"><div class=\"wp-block-embed__wrapper\">\n<blockquote class=\"wp-embedded-content\" data-secret=\"tVAn11F6MD\"><a href=\"https:\/\/tris.com.hr\/2024\/07\/penava-com-ne-priznaju-autonomiju-sveucilista-nece-rodni-studiji-na-filozofski-nisu-ni-prije\/\">Penava &#038; com. ne priznaju autonomiju Sveu\u010dili\u0161ta: Ne\u0107e Rodni studiji na Filozofski, nisu ni prije&#8230; ( ?! )<\/a><\/blockquote><iframe loading=\"lazy\" class=\"wp-embedded-content\" sandbox=\"allow-scripts\" security=\"restricted\" style=\"position: absolute; clip: rect(1px, 1px, 1px, 1px);\" title=\"&#8220;Penava &#038; com. ne priznaju autonomiju Sveu\u010dili\u0161ta: Ne\u0107e Rodni studiji na Filozofski, nisu ni prije&#8230; ( ?! )&#8221; &#8212; TRIS portal - \u0160ibenik\" src=\"https:\/\/tris.com.hr\/2024\/07\/penava-com-ne-priznaju-autonomiju-sveucilista-nece-rodni-studiji-na-filozofski-nisu-ni-prije\/embed\/#?secret=FlIkJ9Rp3p#?secret=tVAn11F6MD\" data-secret=\"tVAn11F6MD\" width=\"600\" height=\"338\" frameborder=\"0\" marginwidth=\"0\" marginheight=\"0\" scrolling=\"no\"><\/iframe>\n<\/div><\/figure>\n\n\n\n<figure class=\"wp-block-embed-wordpress wp-block-embed is-type-wp-embed is-provider-tris-portal-sibenik\"><div class=\"wp-block-embed__wrapper\">\n<blockquote class=\"wp-embedded-content\" data-secret=\"yRiBAsblZu\"><a href=\"https:\/\/tris.com.hr\/2024\/07\/bauk-tzv-rodne-ideologije-esencijalistickim-konzervativcima-sluzi-da-demonstriraju-vlastito-licemjerstvo-neslobodu-nemoc-i-jad\/\">Bauk tzv. rodne ideologije esencijalisti\u010dkim konzervativcima slu\u017ei da demonstriraju vlastito licemjerstvo, neslobodu, nemo\u0107 i jad&#8230;<\/a><\/blockquote><iframe loading=\"lazy\" class=\"wp-embedded-content\" sandbox=\"allow-scripts\" security=\"restricted\" style=\"position: absolute; clip: rect(1px, 1px, 1px, 1px);\" title=\"&#8220;Bauk tzv. rodne ideologije esencijalisti\u010dkim konzervativcima slu\u017ei da demonstriraju vlastito licemjerstvo, neslobodu, nemo\u0107 i jad&#8230;&#8221; &#8212; TRIS portal - \u0160ibenik\" src=\"https:\/\/tris.com.hr\/2024\/07\/bauk-tzv-rodne-ideologije-esencijalistickim-konzervativcima-sluzi-da-demonstriraju-vlastito-licemjerstvo-neslobodu-nemoc-i-jad\/embed\/#?secret=QcVCaaldQy#?secret=yRiBAsblZu\" data-secret=\"yRiBAsblZu\" width=\"600\" height=\"338\" frameborder=\"0\" marginwidth=\"0\" marginheight=\"0\" scrolling=\"no\"><\/iframe>\n<\/div><\/figure>\n\n\n\n<p><a href=\"https:\/\/www.srednja.hr\/faks\/rodni-studiji-izazvali-su-jos-panike-medu-desnicarima-necemo-dopustiti-rodnu-ideologiju\/\">https:\/\/www.srednja.hr\/faks\/rodni-studiji-izazvali-su-jos-panike-medu-desnicarima-necemo-dopustiti-rodnu-ideologiju\/<\/a><\/p>\n\n\n\n<figure class=\"wp-block-embed-wordpress wp-block-embed is-type-wp-embed is-provider-n-1\"><div class=\"wp-block-embed__wrapper\">\n<blockquote class=\"wp-embedded-content\" data-secret=\"Z9XDiNSLuK\"><a href=\"https:\/\/n1info.hr\/vijesti\/burne-reakcije-na-uvodenje-rodnih-studija-penava-se-mijesa-u-stvari-koje-ne-razumije\/\">Burne reakcije na uvo\u0111enje Rodnih studija: &#8220;Penava se mije\u0161a u stvari koje ne razumije&#8221;<\/a><\/blockquote><iframe loading=\"lazy\" class=\"wp-embedded-content\" sandbox=\"allow-scripts\" security=\"restricted\" style=\"position: absolute; clip: rect(1px, 1px, 1px, 1px);\" title=\"&#8220;Burne reakcije na uvo\u0111enje Rodnih studija: &#8220;Penava se mije\u0161a u stvari koje ne razumije&#8221;&#8221; &#8212; N1\" src=\"https:\/\/n1info.hr\/vijesti\/burne-reakcije-na-uvodenje-rodnih-studija-penava-se-mijesa-u-stvari-koje-ne-razumije\/embed\/#?secret=JCVRFLQU0i#?secret=Z9XDiNSLuK\" data-secret=\"Z9XDiNSLuK\" width=\"600\" height=\"338\" frameborder=\"0\" marginwidth=\"0\" marginheight=\"0\" scrolling=\"no\"><\/iframe>\n<\/div><\/figure>\n\n\n\n<figure class=\"wp-block-embed-wordpress wp-block-embed is-type-wp-embed is-provider-n-1\"><div class=\"wp-block-embed__wrapper\">\n<blockquote class=\"wp-embedded-content\" data-secret=\"7FL2WaPXZR\"><a href=\"https:\/\/n1info.hr\/vijesti\/ankica-cakardic-voditeljica-rodnih-studija-o-izjavama-politicara\/\">Voditeljica Rodnih studija o reakcijama politi\u010dara: To su nepromi\u0161ljene i politi\u010dki neinteligentne izajve<\/a><\/blockquote><iframe loading=\"lazy\" class=\"wp-embedded-content\" sandbox=\"allow-scripts\" security=\"restricted\" style=\"position: absolute; clip: rect(1px, 1px, 1px, 1px);\" title=\"&#8220;Voditeljica Rodnih studija o reakcijama politi\u010dara: To su nepromi\u0161ljene i politi\u010dki neinteligentne izajve&#8221; &#8212; N1\" src=\"https:\/\/n1info.hr\/vijesti\/ankica-cakardic-voditeljica-rodnih-studija-o-izjavama-politicara\/embed\/#?secret=Fayk50mzPI#?secret=7FL2WaPXZR\" data-secret=\"7FL2WaPXZR\" width=\"600\" height=\"338\" frameborder=\"0\" marginwidth=\"0\" marginheight=\"0\" scrolling=\"no\"><\/iframe>\n<\/div><\/figure>\n\n\n\n<figure class=\"wp-block-embed-wordpress wp-block-embed is-type-wp-embed is-provider-narod-hr\"><div class=\"wp-block-embed__wrapper\">\n<blockquote class=\"wp-embedded-content\" data-secret=\"auaaLaj3Yf\"><a href=\"https:\/\/narod.hr\/hrvatska\/saric-sto-su-tocno-rodni-studiji-nitko-ne-zna-pa-ni-profesorica-cakardic-kako-objasniti-besmislicu\">\u0160ari\u0107: \u0160to su to\u010dno &#8216;rodni studiji&#8217;, nitko ne zna, pa ni profesorica \u010cakardi\u0107<\/a><\/blockquote><iframe loading=\"lazy\" class=\"wp-embedded-content\" sandbox=\"allow-scripts\" security=\"restricted\" style=\"position: absolute; clip: rect(1px, 1px, 1px, 1px);\" title=\"&#8220;\u0160ari\u0107: \u0160to su to\u010dno &#8216;rodni studiji&#8217;, nitko ne zna, pa ni profesorica \u010cakardi\u0107&#8221; &#8212; narod.hr\" src=\"https:\/\/narod.hr\/hrvatska\/saric-sto-su-tocno-rodni-studiji-nitko-ne-zna-pa-ni-profesorica-cakardic-kako-objasniti-besmislicu\/embed#?secret=0bHifM5yAO#?secret=auaaLaj3Yf\" data-secret=\"auaaLaj3Yf\" width=\"600\" height=\"338\" frameborder=\"0\" marginwidth=\"0\" marginheight=\"0\" scrolling=\"no\"><\/iframe>\n<\/div><\/figure>\n\n\n\n<p><a href=\"https:\/\/www.zagreb.info\/vijesti\/zg-info\/tko-je-zena-iza-osporavanih-rodnih-studija-mnogi-ce-ju-prepoznati-kao-lice-s-hrt-a\/642541\/\">https:\/\/www.zagreb.info\/vijesti\/zg-info\/tko-je-zena-iza-osporavanih-rodnih-studija-mnogi-ce-ju-prepoznati-kao-lice-s-hrt-a\/642541\/<\/a><\/p>\n\n\n\n<p><a href=\"https:\/\/www.index.hr\/vijesti\/clanak\/mrak-taritas-rodni-studiji-postoje-desetljecima-a-kod-nas-se-koriste-za-populizam\/2580776.aspx\">https:\/\/www.index.hr\/vijesti\/clanak\/mrak-taritas-rodni-studiji-postoje-desetljecima-a-kod-nas-se-koriste-za-populizam\/2580776.aspx<\/a><\/p>\n\n\n\n<figure class=\"wp-block-embed-wordpress wp-block-embed is-type-wp-embed is-provider-autograf-hr\"><div class=\"wp-block-embed__wrapper\">\n<blockquote class=\"wp-embedded-content\" data-secret=\"ZvKTLpyNje\"><a href=\"https:\/\/autograf.hr\/ko-se-u-nasem-drustvu-i-zasto-plasi-pojma-roda\/\">Ko se u na\u0161em dru\u0161tvu i za\u0161to pla\u0161i pojma roda?<\/a><\/blockquote><iframe loading=\"lazy\" class=\"wp-embedded-content\" sandbox=\"allow-scripts\" security=\"restricted\" style=\"position: absolute; clip: rect(1px, 1px, 1px, 1px);\" title=\"&#8220;Ko se u na\u0161em dru\u0161tvu i za\u0161to pla\u0161i pojma roda?&#8221; &#8212; Autograf.hr\" src=\"https:\/\/autograf.hr\/ko-se-u-nasem-drustvu-i-zasto-plasi-pojma-roda\/embed\/#?secret=7903iKY7Iq#?secret=ZvKTLpyNje\" data-secret=\"ZvKTLpyNje\" width=\"600\" height=\"338\" frameborder=\"0\" marginwidth=\"0\" marginheight=\"0\" scrolling=\"no\"><\/iframe>\n<\/div><\/figure>\n\n\n\n<hr class=\"wp-block-separator\"\/>\n\n\n\n<p><a href=\"https:\/\/www.jutarnji.hr\/globus\/politika\/prijeti-novi-kulturni-rat-zbog-kojeg-bi-domovinski-pokret-mogao-napustiti-vladu-no-plenkovica-to-uopce-ne-brine-15480581\">https:\/\/www.jutarnji.hr\/globus\/politika\/prijeti-novi-kulturni-rat-zbog-kojeg-bi-domovinski-pokret-mogao-napustiti-vladu-no-plenkovica-to-uopce-ne-brine-15480581<\/a><\/p>\n\n\n\n<figure class=\"wp-block-embed-wordpress wp-block-embed is-type-wp-embed is-provider-ika\"><div class=\"wp-block-embed__wrapper\">\n<iframe loading=\"lazy\" class=\"wp-embedded-content\" sandbox=\"allow-scripts\" security=\"restricted\" title=\"&#8220;Priop\u0107enje Komisije \u201eIustitia et pax\u201c o najavi uvo\u0111enja rodnih studija na Filozofskom fakultetu u Zagrebu&#8221; &#8212; IKA\" src=\"https:\/\/ika.hkm.hr\/hbk\/priopcenje-komisije-iustitia-et-pax-o-najavi-uvodenja-rodnih-studija-na-filozofskom-fakultetu-u-zagrebu\/embed\/#?secret=VYBuwA6jkz\" data-secret=\"VYBuwA6jkz\" width=\"600\" height=\"338\" frameborder=\"0\" marginwidth=\"0\" marginheight=\"0\" scrolling=\"no\"><\/iframe>\n<\/div><\/figure>\n\n\n\n<p><a href=\"https:\/\/vijesti.hrt.hr\/hrvatska\/hbk-11653718\">https:\/\/vijesti.hrt.hr\/hrvatska\/hbk-11653718<\/a><\/p>\n\n\n\n<figure class=\"wp-block-embed-wordpress wp-block-embed is-type-wp-embed is-provider-n-1\"><div class=\"wp-block-embed__wrapper\">\n<blockquote class=\"wp-embedded-content\" data-secret=\"QT11T0mOAL\"><a href=\"https:\/\/n1info.hr\/vijesti\/biskupi-o-rodnim-studijima-ujutro-mogu-biti-zena-poslijepodne-leptir-navecer-musko\/\">Biskupi o Rodnim studijima: Ujutro mogu biti \u017eena, poslijepodne leptir, nave\u010der mu\u0161ko<\/a><\/blockquote><iframe loading=\"lazy\" class=\"wp-embedded-content\" sandbox=\"allow-scripts\" security=\"restricted\" style=\"position: absolute; clip: rect(1px, 1px, 1px, 1px);\" title=\"&#8220;Biskupi o Rodnim studijima: Ujutro mogu biti \u017eena, poslijepodne leptir, nave\u010der mu\u0161ko&#8221; &#8212; N1\" src=\"https:\/\/n1info.hr\/vijesti\/biskupi-o-rodnim-studijima-ujutro-mogu-biti-zena-poslijepodne-leptir-navecer-musko\/embed\/#?secret=FCnbZkMSIS#?secret=QT11T0mOAL\" data-secret=\"QT11T0mOAL\" width=\"600\" height=\"338\" frameborder=\"0\" marginwidth=\"0\" marginheight=\"0\" scrolling=\"no\"><\/iframe>\n<\/div><\/figure>\n\n\n\n<figure class=\"wp-block-embed-wordpress wp-block-embed is-type-wp-embed is-provider-faktograf-hr\"><div class=\"wp-block-embed__wrapper\">\n<blockquote class=\"wp-embedded-content\" data-secret=\"snqhLFF3Xw\"><a href=\"https:\/\/faktograf.hr\/2024\/07\/10\/netocno-je-da-se-rodna-neutralnost-prije-istanbulske-konvencije-nalazila-u-svega-nekoliko-zakona\/\">Neto\u010dno je da se rodna neutralnost prije Istanbulske konvencije nalazila u svega nekoliko zakona<\/a><\/blockquote><iframe loading=\"lazy\" class=\"wp-embedded-content\" sandbox=\"allow-scripts\" security=\"restricted\" style=\"position: absolute; clip: rect(1px, 1px, 1px, 1px);\" title=\"&#8220;Neto\u010dno je da se rodna neutralnost prije Istanbulske konvencije nalazila u svega nekoliko zakona&#8221; &#8212; Faktograf.hr\" src=\"https:\/\/faktograf.hr\/2024\/07\/10\/netocno-je-da-se-rodna-neutralnost-prije-istanbulske-konvencije-nalazila-u-svega-nekoliko-zakona\/embed\/#?secret=CUVZsJ1vyH#?secret=snqhLFF3Xw\" data-secret=\"snqhLFF3Xw\" width=\"600\" height=\"338\" frameborder=\"0\" marginwidth=\"0\" marginheight=\"0\" scrolling=\"no\"><\/iframe>\n<\/div><\/figure>\n\n\n\n<p><a href=\"https:\/\/vijesti.hrt.hr\/hrvatska\/otvoreno-577-11654150\">https:\/\/vijesti.hrt.hr\/hrvatska\/otvoreno-577-11654150<\/a><\/p>\n\n\n\n<p><a href=\"https:\/\/www.portalnovosti.com\/narodom-protiv-roda\">https:\/\/www.portalnovosti.com\/narodom-protiv-roda<\/a><\/p>\n\n\n\n<p><a href=\"https:\/\/lupiga.com\/kolumne\/poslanica-lane-bobic-tko-se-boji-roda-jos\">https:\/\/lupiga.com\/kolumne\/poslanica-lane-bobic-tko-se-boji-roda-jos<\/a><\/p>\n\n\n\n<figure class=\"wp-block-embed-wordpress wp-block-embed is-type-wp-embed is-provider-nacional-hr\"><div class=\"wp-block-embed__wrapper\">\n<blockquote class=\"wp-embedded-content\" data-secret=\"NTYRa4MmO4\"><a href=\"https:\/\/www.nacional.hr\/otrovna-politika-povratak-ognjistu-cednosti-i-kamenu\/\">OTROVNA POLITIKA Povratak ognji\u0161tu, \u010dednosti i kamenu<\/a><\/blockquote><iframe loading=\"lazy\" class=\"wp-embedded-content\" sandbox=\"allow-scripts\" security=\"restricted\" style=\"position: absolute; clip: rect(1px, 1px, 1px, 1px);\" title=\"&#8220;OTROVNA POLITIKA Povratak ognji\u0161tu, \u010dednosti i kamenu&#8221; &#8212; NACIONAL.HR\" src=\"https:\/\/www.nacional.hr\/otrovna-politika-povratak-ognjistu-cednosti-i-kamenu\/embed\/#?secret=fuW77Qt8sR#?secret=NTYRa4MmO4\" data-secret=\"NTYRa4MmO4\" width=\"600\" height=\"338\" frameborder=\"0\" marginwidth=\"0\" marginheight=\"0\" scrolling=\"no\"><\/iframe>\n<\/div><\/figure>\n\n\n\n<p><a href=\"https:\/\/www.telegram.hr\/politika-kriminal\/desnica-i-crkva-uz-pomoc-servilnih-rektora-odanih-hdz-u-upravo-izvode-najzesci-nasrtaj-na-akademske-slobode\/\">https:\/\/www.telegram.hr\/politika-kriminal\/desnica-i-crkva-uz-pomoc-servilnih-rektora-odanih-hdz-u-upravo-izvode-najzesci-nasrtaj-na-akademske-slobode\/<\/a><\/p>\n\n\n\n<figure class=\"wp-block-embed-wordpress wp-block-embed is-type-wp-embed is-provider-tocka-zarez\"><div class=\"wp-block-embed__wrapper\">\n<blockquote class=\"wp-embedded-content\" data-secret=\"36PJM8GSmr\"><a href=\"https:\/\/www.tockazarez.hr\/nevolje-s-rodom-komisije-iustitia-et-pax\/\">Nevolje s rodom komisije Iustitia et pax<\/a><\/blockquote><iframe loading=\"lazy\" class=\"wp-embedded-content\" sandbox=\"allow-scripts\" security=\"restricted\" style=\"position: absolute; clip: rect(1px, 1px, 1px, 1px);\" title=\"&#8220;Nevolje s rodom komisije Iustitia et pax&#8221; &#8212; To\u010dka Zarez\" src=\"https:\/\/www.tockazarez.hr\/nevolje-s-rodom-komisije-iustitia-et-pax\/embed\/#?secret=hiTpUy9CME#?secret=36PJM8GSmr\" data-secret=\"36PJM8GSmr\" width=\"600\" height=\"338\" frameborder=\"0\" marginwidth=\"0\" marginheight=\"0\" scrolling=\"no\"><\/iframe>\n<\/div><\/figure>\n\n\n\n<p><a href=\"https:\/\/www.vecernji.hr\/vijesti\/rodni-studiji-su-znanstveno-utemeljeni-i-poticatelji-su-rasprave-1783375\">https:\/\/www.vecernji.hr\/vijesti\/rodni-studiji-su-znanstveno-utemeljeni-i-poticatelji-su-rasprave-1783375<\/a><\/p>\n\n\n\n<p><a href=\"https:\/\/h-alter.org\/kultura\/presucena-povijest-zena\/\">https:\/\/h-alter.org\/kultura\/presucena-povijest-zena\/<\/a><\/p>\n\n\n\n<p><a href=\"https:\/\/www.tportal.hr\/kultura\/clanak\/ima-ih-pola-europe-slovenija-srbija-a-u-hrvatskoj-drama-sto-su-uopce-ti-rodni-studiji-foto-20240710\">https:\/\/www.tportal.hr\/kultura\/clanak\/ima-ih-pola-europe-slovenija-srbija-a-u-hrvatskoj-drama-sto-su-uopce-ti-rodni-studiji-foto-20240710<\/a><\/p>\n\n\n\n<hr class=\"wp-block-separator\"\/>\n","protected":false},"excerpt":{"rendered":"","protected":false},"author":2,"featured_media":41420,"comment_status":"open","ping_status":"open","sticky":false,"template":"","format":"standard","meta":{"_acf_changed":false,"jetpack_post_was_ever_published":false,"_jetpack_newsletter_access":"","_jetpack_dont_email_post_to_subs":false,"_jetpack_newsletter_tier_id":0,"_jetpack_memberships_contains_paywalled_content":false,"_jetpack_memberships_contains_paid_content":false,"footnotes":"","jetpack_publicize_message":"","jetpack_publicize_feature_enabled":true,"jetpack_social_post_already_shared":true,"jetpack_social_options":{"image_generator_settings":{"template":"highway","default_image_id":0,"font":"","enabled":false},"version":2}},"categories":[3,17],"tags":[],"class_list":["post-41419","post","type-post","status-publish","format-standard","has-post-thumbnail","hentry","category-novosti","category-rasprave"],"acf":{"facebook_opis":""},"jetpack_publicize_connections":[],"jetpack_featured_media_url":"https:\/\/i0.wp.com\/historiografija.hr\/wp-content\/uploads\/2024\/07\/Rodna_povijest.jpg?fit=480%2C480&ssl=1","jetpack_sharing_enabled":true,"jetpack-related-posts":[],"_links":{"self":[{"href":"https:\/\/historiografija.hr\/index.php?rest_route=\/wp\/v2\/posts\/41419","targetHints":{"allow":["GET"]}}],"collection":[{"href":"https:\/\/historiografija.hr\/index.php?rest_route=\/wp\/v2\/posts"}],"about":[{"href":"https:\/\/historiografija.hr\/index.php?rest_route=\/wp\/v2\/types\/post"}],"author":[{"embeddable":true,"href":"https:\/\/historiografija.hr\/index.php?rest_route=\/wp\/v2\/users\/2"}],"replies":[{"embeddable":true,"href":"https:\/\/historiografija.hr\/index.php?rest_route=%2Fwp%2Fv2%2Fcomments&post=41419"}],"version-history":[{"count":27,"href":"https:\/\/historiografija.hr\/index.php?rest_route=\/wp\/v2\/posts\/41419\/revisions"}],"predecessor-version":[{"id":41621,"href":"https:\/\/historiografija.hr\/index.php?rest_route=\/wp\/v2\/posts\/41419\/revisions\/41621"}],"wp:featuredmedia":[{"embeddable":true,"href":"https:\/\/historiografija.hr\/index.php?rest_route=\/wp\/v2\/media\/41420"}],"wp:attachment":[{"href":"https:\/\/historiografija.hr\/index.php?rest_route=%2Fwp%2Fv2%2Fmedia&parent=41419"}],"wp:term":[{"taxonomy":"category","embeddable":true,"href":"https:\/\/historiografija.hr\/index.php?rest_route=%2Fwp%2Fv2%2Fcategories&post=41419"},{"taxonomy":"post_tag","embeddable":true,"href":"https:\/\/historiografija.hr\/index.php?rest_route=%2Fwp%2Fv2%2Ftags&post=41419"}],"curies":[{"name":"wp","href":"https:\/\/api.w.org\/{rel}","templated":true}]}}