{"id":41416,"date":"2024-07-02T16:51:43","date_gmt":"2024-07-02T16:51:43","guid":{"rendered":"http:\/\/historiografija.hr\/?p=41416"},"modified":"2024-07-02T16:51:43","modified_gmt":"2024-07-02T16:51:43","slug":"polemika-borisa-havela-i-zeljka-perica-o-genezi-sukoba-palestine-i-izraela-povodom-priznanja-palestine","status":"publish","type":"post","link":"https:\/\/historiografija.hr\/?p=41416","title":{"rendered":"Polemika Borisa Havela i \u017deljka Peri\u0107a o \u201egenezi sukoba Palestine i Izraela\u201c povodom priznanja Palestine"},"content":{"rendered":"\n<p>U \u201eGlobusu\u201c je u tijeku polemika Borisa Havela i \u017deljka Peri\u0107a povodom priznanja Palestine, o \u010demu su u emisiji \u201eOtvoreno\u201c polemizirali Boris Havel, Hassan Haidar Diab, Emina Bu\u017einki\u0107 i Davor \u0160tern. Op\u0161irnije u nastavku.<\/p>\n\n\n\n<hr class=\"wp-block-separator\"\/>\n\n\n\n<p><strong>Profesor Boris Havel: \u2018Priznanje palestinske dr\u017eave duboko je pogre\u0161no, re\u0107i \u0107u vam \u0161to \u0107e uslijediti poslije\u2018<\/strong><\/p>\n\n\n\n<p><em>Priznanje palestinske dr\u017eave u ovome trenutku nije ni\u0161ta drugo doli nagra\u0111ivanje antisemitskog, d\u017eihadisti\u010dkog nasilja dr\u017eavno\u0161\u0107u<\/em><\/p>\n\n\n\n<p><a href=\"https:\/\/www.jutarnji.hr\/globus\/svijet\/profesor-boris-havel-priznanje-palestinske-drzave-duboko-je-pogresno-reci-cu-vam-sto-ce-uslijediti-poslije-15467584\">https:\/\/www.jutarnji.hr\/globus\/svijet\/profesor-boris-havel-priznanje-palestinske-drzave-duboko-je-pogresno-reci-cu-vam-sto-ce-uslijediti-poslije-15467584<\/a><\/p>\n\n\n\n<hr class=\"wp-block-separator\"\/>\n\n\n\n<p>\u017deljko Peri\u0107<\/p>\n\n\n\n<p><strong>\u2018Havel je napisao jednostrani propagandni pamflet, ovo je prava istina o genezi sukoba Palestine i Izraela\u2018<\/strong><\/p>\n\n\n\n<p><em>Priznanje Palestine od strane zapadnih dr\u017eava nije nagrada Hamasu, kako tvrdi Havel, ve\u0107 poruka Netanyahuu da se Zapad umorio od licemjerja<\/em><\/p>\n\n\n\n<p><a href=\"https:\/\/www.jutarnji.hr\/globus\/politika\/havel-je-napisao-jednostrani-propagandni-pamflet-ovo-je-prava-istina-o-genezi-sukoba-palestine-i-izraela-15472959\">https:\/\/www.jutarnji.hr\/globus\/politika\/havel-je-napisao-jednostrani-propagandni-pamflet-ovo-je-prava-istina-o-genezi-sukoba-palestine-i-izraela-15472959<\/a><\/p>\n\n\n\n<hr class=\"wp-block-separator\"\/>\n\n\n\n<p><strong>Prof. Boris Havel \u017deljku Peri\u0107u: \u2018Hamas je kult smrti, priznati im dr\u017eavnost idiotizam je epskih razmjera\u2018<\/strong><\/p>\n\n\n\n<p><em>\u2018Koja bi to jo\u0161 strana trebala postojati, kad je rije\u010d o tome da se dr\u017eavno\u0161\u0107u okruni teroristi\u010dki kult smrti nakon \u0161to je po\u010dinjen najgori pokolj \u017didova od Holokausta?\u2018<\/em><\/p>\n\n\n\n<p><a href=\"https:\/\/www.jutarnji.hr\/globus\/politika\/prof-boris-havel-zeljku-pericu-hamas-je-kult-smrti-priznati-im-drzavnost-idiotizam-je-epskih-razmjera-15477564\">https:\/\/www.jutarnji.hr\/globus\/politika\/prof-boris-havel-zeljku-pericu-hamas-je-kult-smrti-priznati-im-drzavnost-idiotizam-je-epskih-razmjera-15477564<\/a><\/p>\n\n\n\n<hr class=\"wp-block-separator\"\/>\n\n\n\n<p><strong>\u017dustra rasprava u &#8220;Otvorenom&#8221; o priznanju Palestine<\/strong><\/p>\n\n\n\n<p>Boris Havel s Fakulteta politi\u010dkih znanosti u Zagrebu naglasio je u &#8220;Otvorenom&#8221; da bi priznanje Palestine bilo suprotno miru i zdravom razumu, dok Hassan Haidar Diab, novinar Ve\u010dernjeg lista, odgovara da je &#8220;proma\u0161io cijelu pri\u010du&#8221;. Emina Bu\u017einki\u0107 iz Inicijative za slobodnu Palestinu isti\u010de da se razgovorima o priznanju palestinske dr\u017eave kamuflira genocid. Davor \u0160tern, stru\u010dnjak za Bliski istok, problematizirao je \u0161utnju me\u0111unarodne zajednice kada je rije\u010d o otetim Izraelcima.<\/p>\n\n\n\n<p><a href=\"https:\/\/vijesti.hrt.hr\/svijet\/zustra-raspava-u-otvorenom-oko-pitanja-priznanja-palestine-11591672\">https:\/\/vijesti.hrt.hr\/svijet\/zustra-raspava-u-otvorenom-oko-pitanja-priznanja-palestine-11591672<\/a><\/p>\n\n\n\n<p><a href=\"https:\/\/www.tportal.hr\/vijesti\/clanak\/zustra-rasprava-u-otvorenom-oko-priznanja-palestine-pogledajte-tko-se-sukobio-foto-20240605\">https:\/\/www.tportal.hr\/vijesti\/clanak\/zustra-rasprava-u-otvorenom-oko-priznanja-palestine-pogledajte-tko-se-sukobio-foto-20240605<\/a><\/p>\n\n\n\n<hr class=\"wp-block-separator\"\/>\n","protected":false},"excerpt":{"rendered":"","protected":false},"author":2,"featured_media":41417,"comment_status":"open","ping_status":"open","sticky":false,"template":"","format":"standard","meta":{"_acf_changed":false,"jetpack_post_was_ever_published":false,"_jetpack_newsletter_access":"","_jetpack_dont_email_post_to_subs":false,"_jetpack_newsletter_tier_id":0,"_jetpack_memberships_contains_paywalled_content":false,"_jetpack_memberships_contains_paid_content":false,"footnotes":"","jetpack_publicize_message":"","jetpack_publicize_feature_enabled":true,"jetpack_social_post_already_shared":true,"jetpack_social_options":{"image_generator_settings":{"template":"highway","default_image_id":0,"font":"","enabled":false},"version":2}},"categories":[3,17],"tags":[],"class_list":["post-41416","post","type-post","status-publish","format-standard","has-post-thumbnail","hentry","category-novosti","category-rasprave"],"acf":{"facebook_opis":""},"jetpack_publicize_connections":[],"jetpack_featured_media_url":"https:\/\/i0.wp.com\/historiografija.hr\/wp-content\/uploads\/2024\/07\/Otvoreno.jpeg?fit=988%2C593&ssl=1","jetpack_sharing_enabled":true,"jetpack-related-posts":[],"_links":{"self":[{"href":"https:\/\/historiografija.hr\/index.php?rest_route=\/wp\/v2\/posts\/41416","targetHints":{"allow":["GET"]}}],"collection":[{"href":"https:\/\/historiografija.hr\/index.php?rest_route=\/wp\/v2\/posts"}],"about":[{"href":"https:\/\/historiografija.hr\/index.php?rest_route=\/wp\/v2\/types\/post"}],"author":[{"embeddable":true,"href":"https:\/\/historiografija.hr\/index.php?rest_route=\/wp\/v2\/users\/2"}],"replies":[{"embeddable":true,"href":"https:\/\/historiografija.hr\/index.php?rest_route=%2Fwp%2Fv2%2Fcomments&post=41416"}],"version-history":[{"count":1,"href":"https:\/\/historiografija.hr\/index.php?rest_route=\/wp\/v2\/posts\/41416\/revisions"}],"predecessor-version":[{"id":41418,"href":"https:\/\/historiografija.hr\/index.php?rest_route=\/wp\/v2\/posts\/41416\/revisions\/41418"}],"wp:featuredmedia":[{"embeddable":true,"href":"https:\/\/historiografija.hr\/index.php?rest_route=\/wp\/v2\/media\/41417"}],"wp:attachment":[{"href":"https:\/\/historiografija.hr\/index.php?rest_route=%2Fwp%2Fv2%2Fmedia&parent=41416"}],"wp:term":[{"taxonomy":"category","embeddable":true,"href":"https:\/\/historiografija.hr\/index.php?rest_route=%2Fwp%2Fv2%2Fcategories&post=41416"},{"taxonomy":"post_tag","embeddable":true,"href":"https:\/\/historiografija.hr\/index.php?rest_route=%2Fwp%2Fv2%2Ftags&post=41416"}],"curies":[{"name":"wp","href":"https:\/\/api.w.org\/{rel}","templated":true}]}}