{"id":41403,"date":"2024-07-02T16:02:06","date_gmt":"2024-07-02T16:02:06","guid":{"rendered":"http:\/\/historiografija.hr\/?p=41403"},"modified":"2024-07-02T16:02:06","modified_gmt":"2024-07-02T16:02:06","slug":"znanstveni-kolokvij-o-120-obljetnici-otkupa-otoka-sestrunj-od-zadarske-plemicke-obitelji-borelli","status":"publish","type":"post","link":"https:\/\/historiografija.hr\/?p=41403","title":{"rendered":"Znanstveni kolokvij o 120. obljetnici otkupa otoka Sestrunj od zadarske plemi\u0107ke obitelji Borelli"},"content":{"rendered":"\n<p>Sveu\u010dili\u0161te u Zadru, Dru\u0161tvo za povjesnicu Zadarske nadbiskupije \u201eZmajevi\u0107\u201c, \u017dupni ured sv. Petra \u2013 Sestrunj i Op\u0107ina Preko \u2013 Mjesni odbor Sestrunj organiziraju znanstveni kolokvij povodom 120. obljetnice otkupa otoka Sestrunj od zadarske plemi\u0107ke obitelji Borelli 1904. godine. Znanstveni kolokvij odr\u017eat \u0107e se na Sestrunju (Prislik) 6. srpnja 2024. godine s po\u010detkom u 10 sati. Tom prigodom znanstvenici \u0107e odr\u017eati izlaganja o prostoru i o pro\u0161losti otoka Sestrunja s razli\u010ditih znanstvenih motri\u0161ta, i to na temelju prou\u010davanja izvornoga arhivskog gradiva i drugih izvora relevantnih podataka. Znanstveni kolokvij o otoku Sestrunju zami\u0161ljen je kao poticaj promi\u0161ljanju o pro\u0161losti, sada\u0161njosti i budu\u0107nosti malih otoka, s posebnim obzirom na njihovo stanovni\u0161tvo, a rezultati istra\u017eivanja bit \u0107e objavljeni u znanstvenoj knjizi.<\/p>\n\n\n\n<p><a rel=\"noreferrer noopener\" href=\"https:\/\/www.unizd.hr\/Portals\/0\/Program%20Sestrunj_1.pdf\" target=\"_blank\">program<\/a><\/p>\n\n\n\n<hr class=\"wp-block-separator\"\/>\n\n\n\n<p>Izvor:<\/p>\n\n\n\n<p><a href=\"https:\/\/www.unizd.hr\/obavijesti\/view\/znanstveni-kolokvij-o-120-obljetnici-otkupa-otoka-sestrunj-od-zadarske-plemicke-obitelji-borelli\">https:\/\/www.unizd.hr\/obavijesti\/view\/znanstveni-kolokvij-o-120-obljetnici-otkupa-otoka-sestrunj-od-zadarske-plemicke-obitelji-borelli<\/a><\/p>\n\n\n\n<hr class=\"wp-block-separator\"\/>\n","protected":false},"excerpt":{"rendered":"","protected":false},"author":2,"featured_media":41404,"comment_status":"open","ping_status":"open","sticky":false,"template":"","format":"standard","meta":{"_acf_changed":false,"jetpack_post_was_ever_published":false,"_jetpack_newsletter_access":"","_jetpack_dont_email_post_to_subs":false,"_jetpack_newsletter_tier_id":0,"_jetpack_memberships_contains_paywalled_content":false,"_jetpack_memberships_contains_paid_content":false,"footnotes":"","jetpack_publicize_message":"","jetpack_publicize_feature_enabled":true,"jetpack_social_post_already_shared":true,"jetpack_social_options":{"image_generator_settings":{"template":"highway","default_image_id":0,"font":"","enabled":false},"version":2}},"categories":[3,9],"tags":[],"class_list":["post-41403","post","type-post","status-publish","format-standard","has-post-thumbnail","hentry","category-novosti","category-skupovi"],"acf":{"facebook_opis":""},"jetpack_publicize_connections":[],"jetpack_featured_media_url":"https:\/\/i0.wp.com\/historiografija.hr\/wp-content\/uploads\/2024\/07\/Sestrunj.jpg?fit=427%2C600&ssl=1","jetpack_sharing_enabled":true,"jetpack-related-posts":[],"_links":{"self":[{"href":"https:\/\/historiografija.hr\/index.php?rest_route=\/wp\/v2\/posts\/41403","targetHints":{"allow":["GET"]}}],"collection":[{"href":"https:\/\/historiografija.hr\/index.php?rest_route=\/wp\/v2\/posts"}],"about":[{"href":"https:\/\/historiografija.hr\/index.php?rest_route=\/wp\/v2\/types\/post"}],"author":[{"embeddable":true,"href":"https:\/\/historiografija.hr\/index.php?rest_route=\/wp\/v2\/users\/2"}],"replies":[{"embeddable":true,"href":"https:\/\/historiografija.hr\/index.php?rest_route=%2Fwp%2Fv2%2Fcomments&post=41403"}],"version-history":[{"count":1,"href":"https:\/\/historiografija.hr\/index.php?rest_route=\/wp\/v2\/posts\/41403\/revisions"}],"predecessor-version":[{"id":41405,"href":"https:\/\/historiografija.hr\/index.php?rest_route=\/wp\/v2\/posts\/41403\/revisions\/41405"}],"wp:featuredmedia":[{"embeddable":true,"href":"https:\/\/historiografija.hr\/index.php?rest_route=\/wp\/v2\/media\/41404"}],"wp:attachment":[{"href":"https:\/\/historiografija.hr\/index.php?rest_route=%2Fwp%2Fv2%2Fmedia&parent=41403"}],"wp:term":[{"taxonomy":"category","embeddable":true,"href":"https:\/\/historiografija.hr\/index.php?rest_route=%2Fwp%2Fv2%2Fcategories&post=41403"},{"taxonomy":"post_tag","embeddable":true,"href":"https:\/\/historiografija.hr\/index.php?rest_route=%2Fwp%2Fv2%2Ftags&post=41403"}],"curies":[{"name":"wp","href":"https:\/\/api.w.org\/{rel}","templated":true}]}}