{"id":41400,"date":"2024-07-02T15:48:34","date_gmt":"2024-07-02T15:48:34","guid":{"rendered":"http:\/\/historiografija.hr\/?p=41400"},"modified":"2024-07-02T15:48:34","modified_gmt":"2024-07-02T15:48:34","slug":"objavljen-zbornik-radova-hrvati-i-bugari-diplomacija-politika-kultura-i-znanost","status":"publish","type":"post","link":"https:\/\/historiografija.hr\/?p=41400","title":{"rendered":"Objavljen zbornik radova \u201eHrvati i Bugari. Diplomacija, politika, kultura i znanost\u201d"},"content":{"rendered":"\n<p>U izdanju Hrvatske akademije znanosti i umjetnosti iz tiska je iza\u0161ao zbornik radova \u201eHrvati i Bugari. Diplomacija, politika, kultura i znanost \/ \u0425\u044a\u0440\u0432\u0430\u0442\u0438 \u0438 \u0431\u044a\u043b\u0433\u0430\u0440\u0438. \u0414\u0438\u043f\u043b\u043e\u043c\u0430\u0446\u0438\u044f, \u043f\u043e\u043b\u0438\u0442\u0438\u043a\u0430, \u043a\u0443\u043b\u0442\u0443\u0440\u0430 \u0438 \u043d\u0430\u0443\u043a\u0430\u201c, ur. Damir Karbi\u0107 \u2013 Tihana Lueti\u0107. Zbornik je rezultat rada znanstvenog skupa odr\u017eanog u Zagrebu od 28. do 30. rujna 2022., povodom 30. obljetnice uspostave diplomatskih odnosa izme\u0111u Republike Bugarske i Republike Hrvatske, te 25. obljetnice uspostave znanstvene suradnje izme\u0111u Bugarske akademije znanosti i Hrvatske akademije znanosti i umjetnosti. Skup je organiziran od strane Odsjeka za povijesne znanosti Zavoda za povijesne i dru\u0161tvene znanosti HAZU u Zagrebu, Veleposlanstva Republike Bugarske u Republici Hrvatskoj, te Hrvatsko-bugarskog dru\u0161tva u Zagrebu. Rije\u010d je bila o nastavku zajedni\u010dke 25. godi\u0161nje suradnje dviju najvi\u0161ih znanstvenih institucija Republike Hrvatske i Republike Bugarske\u00a0 \u0336\u00a0 Hrvatske akademije znanosti i umjetnosti i Bugarske akademije znanosti, odnosno njihovih znanstvenih jedinica\u00a0 \u0336 Odsjeka za povijesne znanosti i Instituta za balkanistiku s Centrom za trakologiju. Kao i u dosada\u0161njim zbornicima o hrvatsko-bugarskim odnosima u pro\u0161losti, i ovim izdanjem obuhva\u0107en je \u0161iroki opseg tema iz politi\u010dke, vjerske i dru\u0161tvene povijesti, kulturnih, znanstvenih i umjetni\u010dkih kontakata Hrvata i Bugara, te tema s podru\u010dja knji\u017eevnosti, glazbe i jezika u razli\u010ditim povijesnim razdobljima, od srednjega vijeka do suvremenosti, s naglaskom na vrijeme modernizacijskih procesa i formiranja gra\u0111anskog dru\u0161tva (19. i 20. st.). Zbornik ukupno broji 24 rada na 469 stranica a autori radova su bugarski i hrvatski znanstvenici, profesori i kulturni djelatnici iz razli\u010ditih akademskih i kulturnih ustanova iz Bugarske i Hrvatske.<\/p>\n\n\n\n<hr class=\"wp-block-separator\"\/>\n\n\n\n<p>Izvor:<\/p>\n\n\n\n<figure class=\"wp-block-embed-wordpress wp-block-embed is-type-wp-embed is-provider-hazu\"><div class=\"wp-block-embed__wrapper\">\n<blockquote class=\"wp-embedded-content\" data-secret=\"4wBQwY9IQw\"><a href=\"https:\/\/www.info.hazu.hr\/2024\/07\/objavljen-zbornik-radova-hrvati-i-bugari-diplomacija-politika-kultura-i-znanost\/\">Objavljen zbornik radova \u201eHrvati i Bugari. Diplomacija, politika, kultura i znanost&#8221;<\/a><\/blockquote><iframe loading=\"lazy\" class=\"wp-embedded-content\" sandbox=\"allow-scripts\" security=\"restricted\" style=\"position: absolute; clip: rect(1px, 1px, 1px, 1px);\" title=\"&#8220;Objavljen zbornik radova \u201eHrvati i Bugari. Diplomacija, politika, kultura i znanost&#8221;&#8221; &#8212; HAZU\" src=\"https:\/\/www.info.hazu.hr\/2024\/07\/objavljen-zbornik-radova-hrvati-i-bugari-diplomacija-politika-kultura-i-znanost\/embed\/#?secret=4wBQwY9IQw\" data-secret=\"4wBQwY9IQw\" width=\"600\" height=\"338\" frameborder=\"0\" marginwidth=\"0\" marginheight=\"0\" scrolling=\"no\"><\/iframe>\n<\/div><\/figure>\n\n\n\n<hr class=\"wp-block-separator\"\/>\n","protected":false},"excerpt":{"rendered":"","protected":false},"author":2,"featured_media":41401,"comment_status":"open","ping_status":"open","sticky":false,"template":"","format":"standard","meta":{"_acf_changed":false,"jetpack_post_was_ever_published":false,"_jetpack_newsletter_access":"","_jetpack_dont_email_post_to_subs":false,"_jetpack_newsletter_tier_id":0,"_jetpack_memberships_contains_paywalled_content":false,"_jetpack_memberships_contains_paid_content":false,"footnotes":"","jetpack_publicize_message":"","jetpack_publicize_feature_enabled":true,"jetpack_social_post_already_shared":true,"jetpack_social_options":{"image_generator_settings":{"template":"highway","default_image_id":0,"font":"","enabled":false},"version":2}},"categories":[8,3],"tags":[],"class_list":["post-41400","post","type-post","status-publish","format-standard","has-post-thumbnail","hentry","category-knjige","category-novosti"],"acf":{"facebook_opis":""},"jetpack_publicize_connections":[],"jetpack_featured_media_url":"https:\/\/i0.wp.com\/historiografija.hr\/wp-content\/uploads\/2024\/07\/Hrvati_i_Bugari.jpg?fit=1000%2C1406&ssl=1","jetpack_sharing_enabled":true,"jetpack-related-posts":[],"_links":{"self":[{"href":"https:\/\/historiografija.hr\/index.php?rest_route=\/wp\/v2\/posts\/41400","targetHints":{"allow":["GET"]}}],"collection":[{"href":"https:\/\/historiografija.hr\/index.php?rest_route=\/wp\/v2\/posts"}],"about":[{"href":"https:\/\/historiografija.hr\/index.php?rest_route=\/wp\/v2\/types\/post"}],"author":[{"embeddable":true,"href":"https:\/\/historiografija.hr\/index.php?rest_route=\/wp\/v2\/users\/2"}],"replies":[{"embeddable":true,"href":"https:\/\/historiografija.hr\/index.php?rest_route=%2Fwp%2Fv2%2Fcomments&post=41400"}],"version-history":[{"count":1,"href":"https:\/\/historiografija.hr\/index.php?rest_route=\/wp\/v2\/posts\/41400\/revisions"}],"predecessor-version":[{"id":41402,"href":"https:\/\/historiografija.hr\/index.php?rest_route=\/wp\/v2\/posts\/41400\/revisions\/41402"}],"wp:featuredmedia":[{"embeddable":true,"href":"https:\/\/historiografija.hr\/index.php?rest_route=\/wp\/v2\/media\/41401"}],"wp:attachment":[{"href":"https:\/\/historiografija.hr\/index.php?rest_route=%2Fwp%2Fv2%2Fmedia&parent=41400"}],"wp:term":[{"taxonomy":"category","embeddable":true,"href":"https:\/\/historiografija.hr\/index.php?rest_route=%2Fwp%2Fv2%2Fcategories&post=41400"},{"taxonomy":"post_tag","embeddable":true,"href":"https:\/\/historiografija.hr\/index.php?rest_route=%2Fwp%2Fv2%2Ftags&post=41400"}],"curies":[{"name":"wp","href":"https:\/\/api.w.org\/{rel}","templated":true}]}}