{"id":41351,"date":"2024-06-27T21:34:03","date_gmt":"2024-06-27T21:34:03","guid":{"rendered":"http:\/\/historiografija.hr\/?p=41351"},"modified":"2024-06-27T21:34:26","modified_gmt":"2024-06-27T21:34:26","slug":"znanstveni-skup-marko-polo-i-prostori-knjizevnosti-komparativna-povijest-hrvatske-knjizevnosti-u-korculi","status":"publish","type":"post","link":"https:\/\/historiografija.hr\/?p=41351","title":{"rendered":"Znanstveni skup \u201eMarko Polo i prostori knji\u017eevnosti \u2013 Komparativna povijest hrvatske knji\u017eevnosti\u201c u Kor\u010duli"},"content":{"rendered":"\n<p>Znanstveni skup <em>Marko Polo i prostori knji\u017eevnosti \u2013 Komparativna povijest hrvatske knji\u017eevnosti <\/em>odr\u017eava se 28. lipnja s po\u010detkom u 10 sati u Gradskom muzeju Kor\u010dula. Rije\u010d je o nastavku komparatisti\u010dkog skupa u organizaciji Matice hrvatske, koji se odr\u017eao tijekom svibnja u Zagrebu, a posve\u0107en je istra\u017eivanju Marka Pola kao inspirativnog srednjovjekovnog autora, zatim utjecaju njegovog putopisnog teksta na kasnija razdoblja, kao i ostale oblike umjetnosti te fenomenu trajne i suvremene recepcije i interesa.<\/p>\n\n\n\n<p>Program u Kor\u010duli rezultat je suradnje Matice hrvatske, Grada Kor\u010dula, Gradskog muzeja Kor\u010dula \u2013 Marko Polo centra i Turisti\u010dke zajednice Grada Kor\u010dule, te je znanstveni i istra\u017eiva\u010dki doprinos obilje\u017eavanju obljetnica ro\u0111enja i smrti Marka Pola 1254. \u2013 1324.<\/p>\n\n\n\n<p>Voditeljice skupa su prof. dr. sc. Cvijeta Pavlovi\u0107, Odsjek za komparativnu knji\u017eevnost Filozofskoga fakulteta Sveu\u010dili\u0161ta u Zagrebu \u2013 Odjel za knji\u017eevnost Matice hrvatske i Sani Sardeli\u0107, kustosica Gradskog muzeja Kor\u010dula. U popratnom programu skupa predstavit \u0107e se proizvodnja svile.<\/p>\n\n\n\n<p>Detaljnije o programu u privitku:<\/p>\n\n\n\n<p><a href=\"https:\/\/www.gradskimuzej-korcula.hr\/hr\/novosti\/dogadanja.html\">https:\/\/www.gradskimuzej-korcula.hr\/hr\/novosti\/dogadanja.html<\/a><\/p>\n\n\n\n<hr class=\"wp-block-separator\"\/>\n\n\n\n<p>Izvor:<\/p>\n\n\n\n<p><a href=\"https:\/\/www.gradskimuzej-korcula.hr\/hr\/novosti\/dogadanja\/marko-polo-knjizevnost.html\">https:\/\/www.gradskimuzej-korcula.hr\/hr\/novosti\/dogadanja\/marko-polo-knjizevnost.html<\/a><\/p>\n\n\n\n<hr class=\"wp-block-separator\"\/>\n","protected":false},"excerpt":{"rendered":"","protected":false},"author":2,"featured_media":41352,"comment_status":"open","ping_status":"open","sticky":false,"template":"","format":"standard","meta":{"_acf_changed":false,"jetpack_post_was_ever_published":false,"_jetpack_newsletter_access":"","_jetpack_dont_email_post_to_subs":false,"_jetpack_newsletter_tier_id":0,"_jetpack_memberships_contains_paywalled_content":false,"_jetpack_memberships_contains_paid_content":false,"footnotes":"","jetpack_publicize_message":"","jetpack_publicize_feature_enabled":true,"jetpack_social_post_already_shared":true,"jetpack_social_options":{"image_generator_settings":{"template":"highway","default_image_id":0,"font":"","enabled":false},"version":2}},"categories":[3,9],"tags":[],"class_list":["post-41351","post","type-post","status-publish","format-standard","has-post-thumbnail","hentry","category-novosti","category-skupovi"],"acf":{"facebook_opis":""},"jetpack_publicize_connections":[],"jetpack_featured_media_url":"https:\/\/i0.wp.com\/historiografija.hr\/wp-content\/uploads\/2024\/06\/mp700-logotip.jpg?fit=850%2C400&ssl=1","jetpack_sharing_enabled":true,"jetpack-related-posts":[],"_links":{"self":[{"href":"https:\/\/historiografija.hr\/index.php?rest_route=\/wp\/v2\/posts\/41351","targetHints":{"allow":["GET"]}}],"collection":[{"href":"https:\/\/historiografija.hr\/index.php?rest_route=\/wp\/v2\/posts"}],"about":[{"href":"https:\/\/historiografija.hr\/index.php?rest_route=\/wp\/v2\/types\/post"}],"author":[{"embeddable":true,"href":"https:\/\/historiografija.hr\/index.php?rest_route=\/wp\/v2\/users\/2"}],"replies":[{"embeddable":true,"href":"https:\/\/historiografija.hr\/index.php?rest_route=%2Fwp%2Fv2%2Fcomments&post=41351"}],"version-history":[{"count":2,"href":"https:\/\/historiografija.hr\/index.php?rest_route=\/wp\/v2\/posts\/41351\/revisions"}],"predecessor-version":[{"id":41354,"href":"https:\/\/historiografija.hr\/index.php?rest_route=\/wp\/v2\/posts\/41351\/revisions\/41354"}],"wp:featuredmedia":[{"embeddable":true,"href":"https:\/\/historiografija.hr\/index.php?rest_route=\/wp\/v2\/media\/41352"}],"wp:attachment":[{"href":"https:\/\/historiografija.hr\/index.php?rest_route=%2Fwp%2Fv2%2Fmedia&parent=41351"}],"wp:term":[{"taxonomy":"category","embeddable":true,"href":"https:\/\/historiografija.hr\/index.php?rest_route=%2Fwp%2Fv2%2Fcategories&post=41351"},{"taxonomy":"post_tag","embeddable":true,"href":"https:\/\/historiografija.hr\/index.php?rest_route=%2Fwp%2Fv2%2Ftags&post=41351"}],"curies":[{"name":"wp","href":"https:\/\/api.w.org\/{rel}","templated":true}]}}