{"id":41340,"date":"2024-06-26T20:12:48","date_gmt":"2024-06-26T20:12:48","guid":{"rendered":"http:\/\/historiografija.hr\/?p=41340"},"modified":"2024-06-26T20:13:25","modified_gmt":"2024-06-26T20:13:25","slug":"dan-ekonomske-historije","status":"publish","type":"post","link":"https:\/\/historiografija.hr\/?p=41340","title":{"rendered":"Dan ekonomske historije"},"content":{"rendered":"\n<p>Dan ekonomske historije. Me\u0111unarodni znanstveni skup povodom objavljivanja knjige Tomislava Bran\u0111olice i Hrvoja Petri\u0107a \u201eEkonomska zbilja je crvena nit povijesti: hrvatska historiografija i ekonomska historija\u201c (Zagreb: FF press, 2024.) odr\u017eat \u0107e se u petak, 28. lipnja 2024. u Vije\u0107nici Filozofskog fakulteta u Zagrebu, s po\u010detkom u 11 sati. Skup se odr\u017eava u suorganizaciji Odsjeka za povijest Filozofskog fakulteta u Zagrebu, Centra za komparativnohistorijske i interkulturne studije \u2013 Centra za inovativne studije Filozofskog fakulteta u Zagrebu i Dru\u0161tva za hrvatsku ekonomsku povijest i ekohistoriju. Program je dio obilje\u017eavanja 150. obljetnice Filozofskog fakulteta u Zagrebu.<\/p>\n\n\n\n<hr class=\"wp-block-separator\"\/>\n\n\n\n<div class=\"wp-block-file\"><a href=\"https:\/\/historiografija.hr\/wp-content\/uploads\/2024\/06\/Program-Dana-ekonomske-historije.pdf\">Program-Dana-ekonomske-historije<\/a><a href=\"https:\/\/historiografija.hr\/wp-content\/uploads\/2024\/06\/Program-Dana-ekonomske-historije.pdf\" class=\"wp-block-file__button\" download>Preuzmi<\/a><\/div>\n\n\n\n<hr class=\"wp-block-separator\"\/>\n\n\n\n<p>Dodatne obavijesti:<\/p>\n\n\n\n<p><a href=\"https:\/\/lidermedia.hr\/financije\/povjesnicari-petric-i-brandolica-objavili-knjigu-o-ekonomiji-kao-crvenoj-niti-hrvatske-povijesti-157150\">https:\/\/lidermedia.hr\/financije\/povjesnicari-petric-i-brandolica-objavili-knjigu-o-ekonomiji-kao-crvenoj-niti-hrvatske-povijesti-157150<\/a><\/p>\n\n\n\n<p><a href=\"https:\/\/historiografija.ba\/article.php?id=2474\">https:\/\/historiografija.ba\/article.php?id=2474<\/a><\/p>\n\n\n\n<p><a href=\"http:\/\/ckhis.ffzg.unizg.hr\/hr\/novosti\/predstavljanje-knjige-ekonomska-zbilja-je-crvena-nit-povijesti,76.html\">http:\/\/ckhis.ffzg.unizg.hr\/hr\/novosti\/predstavljanje-knjige-ekonomska-zbilja-je-crvena-nit-povijesti,76.html<\/a><\/p>\n\n\n\n<hr class=\"wp-block-separator\"\/>\n","protected":false},"excerpt":{"rendered":"","protected":false},"author":2,"featured_media":41342,"comment_status":"open","ping_status":"open","sticky":false,"template":"","format":"standard","meta":{"_acf_changed":false,"jetpack_post_was_ever_published":false,"_jetpack_newsletter_access":"","_jetpack_dont_email_post_to_subs":false,"_jetpack_newsletter_tier_id":0,"_jetpack_memberships_contains_paywalled_content":false,"_jetpack_memberships_contains_paid_content":false,"footnotes":"","jetpack_publicize_message":"","jetpack_publicize_feature_enabled":true,"jetpack_social_post_already_shared":true,"jetpack_social_options":{"image_generator_settings":{"template":"highway","default_image_id":0,"font":"","enabled":false},"version":2}},"categories":[3,9],"tags":[],"class_list":["post-41340","post","type-post","status-publish","format-standard","has-post-thumbnail","hentry","category-novosti","category-skupovi"],"acf":{"facebook_opis":""},"jetpack_publicize_connections":[],"jetpack_featured_media_url":"https:\/\/i0.wp.com\/historiografija.hr\/wp-content\/uploads\/2024\/06\/ekonomska-historija.jpg?fit=450%2C699&ssl=1","jetpack_sharing_enabled":true,"jetpack-related-posts":[],"_links":{"self":[{"href":"https:\/\/historiografija.hr\/index.php?rest_route=\/wp\/v2\/posts\/41340","targetHints":{"allow":["GET"]}}],"collection":[{"href":"https:\/\/historiografija.hr\/index.php?rest_route=\/wp\/v2\/posts"}],"about":[{"href":"https:\/\/historiografija.hr\/index.php?rest_route=\/wp\/v2\/types\/post"}],"author":[{"embeddable":true,"href":"https:\/\/historiografija.hr\/index.php?rest_route=\/wp\/v2\/users\/2"}],"replies":[{"embeddable":true,"href":"https:\/\/historiografija.hr\/index.php?rest_route=%2Fwp%2Fv2%2Fcomments&post=41340"}],"version-history":[{"count":2,"href":"https:\/\/historiografija.hr\/index.php?rest_route=\/wp\/v2\/posts\/41340\/revisions"}],"predecessor-version":[{"id":41344,"href":"https:\/\/historiografija.hr\/index.php?rest_route=\/wp\/v2\/posts\/41340\/revisions\/41344"}],"wp:featuredmedia":[{"embeddable":true,"href":"https:\/\/historiografija.hr\/index.php?rest_route=\/wp\/v2\/media\/41342"}],"wp:attachment":[{"href":"https:\/\/historiografija.hr\/index.php?rest_route=%2Fwp%2Fv2%2Fmedia&parent=41340"}],"wp:term":[{"taxonomy":"category","embeddable":true,"href":"https:\/\/historiografija.hr\/index.php?rest_route=%2Fwp%2Fv2%2Fcategories&post=41340"},{"taxonomy":"post_tag","embeddable":true,"href":"https:\/\/historiografija.hr\/index.php?rest_route=%2Fwp%2Fv2%2Ftags&post=41340"}],"curies":[{"name":"wp","href":"https:\/\/api.w.org\/{rel}","templated":true}]}}