{"id":41310,"date":"2024-06-25T12:07:03","date_gmt":"2024-06-25T12:07:03","guid":{"rendered":"http:\/\/historiografija.hr\/?p=41310"},"modified":"2024-06-25T12:12:44","modified_gmt":"2024-06-25T12:12:44","slug":"polemika-u-vijencu-o-mariji-juric-zagorki-3","status":"publish","type":"post","link":"https:\/\/historiografija.hr\/?p=41310","title":{"rendered":"Polemika u \u201cVijencu\u201d o Mariji Juri\u0107 Zagorki (3)"},"content":{"rendered":"\n<p>Nakon polemi\u010dkog priloga Tomislava Karduma \u201eFeministi\u010dka heroina u obrani ognji\u0161ta\u201c i reagiranja Martine Pi\u0161kor i Nede Novosel \u201eUistinu feministi\u010dka heroina u obrani ognji\u0161ta\u201c, objavljen je odgovor Tomislava Karduma \u201eNeuspje\u0161na obrana od nepostoje\u0107ih napada\u201c.<\/p>\n\n\n\n<hr class=\"wp-block-separator\"\/>\n\n\n\n<p>ODGOVOR NA TEKST <em>UISTINU FEMINISTI\u010cKA HEROINA U OBRANI OGNJI\u0160TA<\/em> OBJAVLJEN U <em>VIJENCU<\/em> BR. 787 OD 9. SVIBNJA 2024.<\/p>\n\n\n\n<p><strong>Neuspje\u0161na obrana od nepostoje\u0107ih napada<\/strong><\/p>\n\n\n\n<p>Pi\u0161e Tomislav Kardum<\/p>\n\n\n\n<p><em>Nakon \u0161to su se Martina Pi\u0161kor i Neda Novosel polemi\u010dki osvrnule na \u010dlanak Tomislava Karduma o vrijednosnom sustavu \u010dasopisa koje je ure\u0111ivala Marija Juri\u0107 Zagorka, donosimo i autorov odgovor<\/em><\/p>\n\n\n\n<p><a href=\"https:\/\/www.matica.hr\/vijenac\/790\/neuspjesna-obrana-od-nepostojecih-napada-36512\/\">https:\/\/www.matica.hr\/vijenac\/790\/neuspjesna-obrana-od-nepostojecih-napada-36512\/<\/a><\/p>\n\n\n\n<hr class=\"wp-block-separator\"\/>\n\n\n\n<p>Prethodni prilozi:<\/p>\n\n\n\n<figure class=\"wp-block-embed-wordpress wp-block-embed is-type-wp-embed is-provider-historiografija-hr\"><div class=\"wp-block-embed__wrapper\">\n<blockquote class=\"wp-embedded-content\" data-secret=\"y9FDp2hhti\"><a href=\"https:\/\/historiografija.hr\/?p=41227\">Polemika u &#8220;Vijencu&#8221; o Mariji Juri\u0107 Zagorki (2)<\/a><\/blockquote><iframe loading=\"lazy\" class=\"wp-embedded-content\" sandbox=\"allow-scripts\" security=\"restricted\" style=\"position: absolute; clip: rect(1px, 1px, 1px, 1px);\" title=\"&#8220;Polemika u &#8220;Vijencu&#8221; o Mariji Juri\u0107 Zagorki (2)&#8221; &#8212; Historiografija.hr\" src=\"https:\/\/historiografija.hr\/?p=41227&#038;embed=true#?secret=y9FDp2hhti\" data-secret=\"y9FDp2hhti\" width=\"600\" height=\"338\" frameborder=\"0\" marginwidth=\"0\" marginheight=\"0\" scrolling=\"no\"><\/iframe>\n<\/div><\/figure>\n\n\n\n<hr class=\"wp-block-separator\"\/>\n","protected":false},"excerpt":{"rendered":"","protected":false},"author":2,"featured_media":41313,"comment_status":"open","ping_status":"open","sticky":false,"template":"","format":"standard","meta":{"_acf_changed":false,"jetpack_post_was_ever_published":false,"_jetpack_newsletter_access":"","_jetpack_dont_email_post_to_subs":false,"_jetpack_newsletter_tier_id":0,"_jetpack_memberships_contains_paywalled_content":false,"_jetpack_memberships_contains_paid_content":false,"footnotes":"","jetpack_publicize_message":"","jetpack_publicize_feature_enabled":true,"jetpack_social_post_already_shared":true,"jetpack_social_options":{"image_generator_settings":{"template":"highway","default_image_id":0,"font":"","enabled":false},"version":2}},"categories":[3,17],"tags":[],"class_list":["post-41310","post","type-post","status-publish","format-standard","has-post-thumbnail","hentry","category-novosti","category-rasprave"],"acf":{"facebook_opis":""},"jetpack_publicize_connections":[],"jetpack_featured_media_url":"https:\/\/i0.wp.com\/historiografija.hr\/wp-content\/uploads\/2024\/06\/Vijenac_787_reagiranje.jpg?fit=1200%2C684&ssl=1","jetpack_sharing_enabled":true,"jetpack-related-posts":[],"_links":{"self":[{"href":"https:\/\/historiografija.hr\/index.php?rest_route=\/wp\/v2\/posts\/41310","targetHints":{"allow":["GET"]}}],"collection":[{"href":"https:\/\/historiografija.hr\/index.php?rest_route=\/wp\/v2\/posts"}],"about":[{"href":"https:\/\/historiografija.hr\/index.php?rest_route=\/wp\/v2\/types\/post"}],"author":[{"embeddable":true,"href":"https:\/\/historiografija.hr\/index.php?rest_route=\/wp\/v2\/users\/2"}],"replies":[{"embeddable":true,"href":"https:\/\/historiografija.hr\/index.php?rest_route=%2Fwp%2Fv2%2Fcomments&post=41310"}],"version-history":[{"count":4,"href":"https:\/\/historiografija.hr\/index.php?rest_route=\/wp\/v2\/posts\/41310\/revisions"}],"predecessor-version":[{"id":41316,"href":"https:\/\/historiografija.hr\/index.php?rest_route=\/wp\/v2\/posts\/41310\/revisions\/41316"}],"wp:featuredmedia":[{"embeddable":true,"href":"https:\/\/historiografija.hr\/index.php?rest_route=\/wp\/v2\/media\/41313"}],"wp:attachment":[{"href":"https:\/\/historiografija.hr\/index.php?rest_route=%2Fwp%2Fv2%2Fmedia&parent=41310"}],"wp:term":[{"taxonomy":"category","embeddable":true,"href":"https:\/\/historiografija.hr\/index.php?rest_route=%2Fwp%2Fv2%2Fcategories&post=41310"},{"taxonomy":"post_tag","embeddable":true,"href":"https:\/\/historiografija.hr\/index.php?rest_route=%2Fwp%2Fv2%2Ftags&post=41310"}],"curies":[{"name":"wp","href":"https:\/\/api.w.org\/{rel}","templated":true}]}}