{"id":41305,"date":"2024-06-25T11:56:26","date_gmt":"2024-06-25T11:56:26","guid":{"rendered":"http:\/\/historiografija.hr\/?p=41305"},"modified":"2024-06-25T11:56:26","modified_gmt":"2024-06-25T11:56:26","slug":"odrzan-simpozij-srednjovjekovni-umjetnicki-spomenici-dalmacije-nekad-i-danas","status":"publish","type":"post","link":"https:\/\/historiografija.hr\/?p=41305","title":{"rendered":"Odr\u017ean simpozij &#8220;Srednjovjekovni umjetni\u010dki spomenici Dalmacije \u2013 nekad i danas&#8221;"},"content":{"rendered":"\n<p>Klub studenata povijesti umjetnosti Filozofskog fakulteta u Zagrebu (KSPUFF) organizirao je 10. &#8211; 12. svibnja 2024. simpozij namijenjen studentima. Povod za organizaciju bila je \u017eelja za obra\u0111ivanjem nacionalne srednjovjekovne umjetnosti, pri \u010demu je sudjelovalo \u010dak 20 studenata. Ve\u0107im su to dijelom studenti preddiplomskog i diplomskog studija Odsjeka za povijest umjetnosti Filozofskog fakulteta u Zagrebu, no uklju\u010dili su se i studenti srodnih struka (Odsjek za povijest Filozofskog fakulteta Sveu\u010dili\u0161ta u Zagrebu) ili srodnih fakulteta (Odjel za povijest umjetnosti Sveu\u010dili\u0161ta u Zadru).<br><br>Tijekom simpozija su, osim uobi\u010dajenog dr\u017eanja sesija u dvoranama, bila predvi\u0111ena i izlaganja pred samim spomenicima, zbog \u010dega je on organiziran u obliku trodnevnog putovanja dalmatinskom obalom. Kao polazi\u0161na to\u010dka odabrana je knjiga Rudolfa Eitelbergera von Edelberga, \u010diji se naslov o\u010dituje u imenu simpozija. Ona osim toga ove godine slavi 140 godi\u0161njicu objave drugog pro\u0161irenog izdanja. Radi te je prigode fokus izlaganja stavljen na usporedbu nekada\u0161njih i dana\u0161njih metoda struke, znanja o spomenicima te restauratorsko-konzervatorskih zahvata. To se u raznim izlaganjima razli\u010dito interpretiralo, a ve\u0107inom je uklju\u010divalo obradu historiografije spomenika, popisivanje konzervatorskih zahvata ili izno\u0161enje (od Eitelbergerovog vremena novog) znanja koje je u 19. stolje\u0107u bilo potpuno nepoznato.<br><br>Pritom su obra\u0111eni spomenici Zadra (katedrala sv. Sto\u0161ije i njezin zvonik, crkva sv. Donata, crkva sv. Kr\u0161evana, reljefi crkve sv. Lovre i sv. Nediljice, \u0161krinja sv. \u0160imuna), Splita (katedrala sv. Dujma, njezin zvonik i interijer, Dioklecijanov akvedukt, sarkofag s prikazom prijelaza Izraelaca preko Crvenog mora), Trogira (katedrala sv. Lovre: njezin interijer, zvonik, krstionica, kapela sv. Ivana te njezina prethodna crkva) i \u0160ibenika (katedrala sv. Jakova).<br>Osim ovih spomenika odr\u017eana su i predavanja o samom Eitebergeru u kontekstu njegovog vremena, o prou\u010davanju hrvatske srednjovjekove epigrafije te o metodologiji prou\u010davanja dislociranih kamenih ulomaka.<br> <\/p>\n\n\n\n<p>Paralelno uz odr\u017eavanje simpozija provodio se i srodni projekt &#8220;Jeka srednjeg vijeka &#8211; crtice o ba\u0161tini&#8221; koji podrazumijeva snimanje kratkih dokumentarno-edukativnih filmova o istim spomenicima. Nastao je kao posljedica istra\u017eivanja za izlaganja pri \u010demu je namjera stvaranje razumljivog pregleda umjetni\u010dke ba\u0161tine za \u0161iru publiku. Rad na ovogodi\u0161njoj kampanji tog projekta nastavit \u0107e se u sljede\u0107ih nekoliko mjeseci.<br><br>Mentor simpozija izvanredni je profesor Odsjeka za povijest umjetnosti dr. sc. Franko \u0106ori\u0107. Organizator je Klub studenata povijesti umjetnosti Filozofskog fakulteta Sveu\u010dili\u0161ta u Zagrebu, a organizacijski odbor \u010dine studenti diplomskog i preddiplomskog studija Ivan Komar i Ana Leko. Simpozij je financiran sredstvima Odsjeka za povijest umjetnosti Filozofskog fakulteta u Zagrebu, a omogu\u0107ili su ga Odjel za povijest umjetnosti Filozofskog fakulteta Sveu\u010dili\u0161ta u Zadru i \u00a0Muzej hrvatskih arheolo\u0161kih spomenika. Za vizualni identitet i prijelom knji\u017eice sa\u017eetaka zaslu\u017ena je Dora Mihinja\u010d.<\/p>\n\n\n\n<p><strong>KSPUFF<\/strong><\/p>\n\n\n\n<p><em>Klub studenata povijesti umjetnosti Filozofskog fakulteta u Zagrebu<\/em><\/p>\n\n\n\n<hr class=\"wp-block-separator\"\/>\n\n\n\n<p>Izvori, knji\u017eica sa\u017eetaka i dodatne obavijesti:<\/p>\n\n\n\n<p><a href=\"http:\/\/www.dpuh.hr\/\">http:\/\/www.dpuh.hr\/<\/a><\/p>\n\n\n\n<p><a href=\"https:\/\/pum.unizd.hr\/novosti\/view\/odrzan-simpozij-srednjovjekovni-umjetnicki-spomenici-dalmacije-nekad-i-danas\">https:\/\/pum.unizd.hr\/novosti\/view\/odrzan-simpozij-srednjovjekovni-umjetnicki-spomenici-dalmacije-nekad-i-danas<\/a><\/p>\n\n\n\n<hr class=\"wp-block-separator\"\/>\n","protected":false},"excerpt":{"rendered":"","protected":false},"author":2,"featured_media":41306,"comment_status":"open","ping_status":"open","sticky":false,"template":"","format":"standard","meta":{"_acf_changed":false,"jetpack_post_was_ever_published":false,"_jetpack_newsletter_access":"","_jetpack_dont_email_post_to_subs":false,"_jetpack_newsletter_tier_id":0,"_jetpack_memberships_contains_paywalled_content":false,"_jetpack_memberships_contains_paid_content":false,"footnotes":"","jetpack_publicize_message":"","jetpack_publicize_feature_enabled":true,"jetpack_social_post_already_shared":true,"jetpack_social_options":{"image_generator_settings":{"template":"highway","default_image_id":0,"font":"","enabled":false},"version":2}},"categories":[3,9],"tags":[],"class_list":["post-41305","post","type-post","status-publish","format-standard","has-post-thumbnail","hentry","category-novosti","category-skupovi"],"acf":{"facebook_opis":""},"jetpack_publicize_connections":[],"jetpack_featured_media_url":"https:\/\/i0.wp.com\/historiografija.hr\/wp-content\/uploads\/2024\/06\/Simpozij_2024.png?fit=1000%2C511&ssl=1","jetpack_sharing_enabled":true,"jetpack-related-posts":[],"_links":{"self":[{"href":"https:\/\/historiografija.hr\/index.php?rest_route=\/wp\/v2\/posts\/41305","targetHints":{"allow":["GET"]}}],"collection":[{"href":"https:\/\/historiografija.hr\/index.php?rest_route=\/wp\/v2\/posts"}],"about":[{"href":"https:\/\/historiografija.hr\/index.php?rest_route=\/wp\/v2\/types\/post"}],"author":[{"embeddable":true,"href":"https:\/\/historiografija.hr\/index.php?rest_route=\/wp\/v2\/users\/2"}],"replies":[{"embeddable":true,"href":"https:\/\/historiografija.hr\/index.php?rest_route=%2Fwp%2Fv2%2Fcomments&post=41305"}],"version-history":[{"count":1,"href":"https:\/\/historiografija.hr\/index.php?rest_route=\/wp\/v2\/posts\/41305\/revisions"}],"predecessor-version":[{"id":41307,"href":"https:\/\/historiografija.hr\/index.php?rest_route=\/wp\/v2\/posts\/41305\/revisions\/41307"}],"wp:featuredmedia":[{"embeddable":true,"href":"https:\/\/historiografija.hr\/index.php?rest_route=\/wp\/v2\/media\/41306"}],"wp:attachment":[{"href":"https:\/\/historiografija.hr\/index.php?rest_route=%2Fwp%2Fv2%2Fmedia&parent=41305"}],"wp:term":[{"taxonomy":"category","embeddable":true,"href":"https:\/\/historiografija.hr\/index.php?rest_route=%2Fwp%2Fv2%2Fcategories&post=41305"},{"taxonomy":"post_tag","embeddable":true,"href":"https:\/\/historiografija.hr\/index.php?rest_route=%2Fwp%2Fv2%2Ftags&post=41305"}],"curies":[{"name":"wp","href":"https:\/\/api.w.org\/{rel}","templated":true}]}}