{"id":41292,"date":"2024-06-24T18:33:48","date_gmt":"2024-06-24T18:33:48","guid":{"rendered":"http:\/\/historiografija.hr\/?p=41292"},"modified":"2024-06-24T18:34:15","modified_gmt":"2024-06-24T18:34:15","slug":"nationalist-polylingualism-multiple-linguistic-loyalties-and-national-belonging-in-east-central-europe-and-the-balkans","status":"publish","type":"post","link":"https:\/\/historiografija.hr\/?p=41292","title":{"rendered":"Nationalist Polylingualism: Multiple Linguistic Loyalties and National Belonging in East-Central Europe and the Balkans"},"content":{"rendered":"\n<p>Na Filozofskom fakultetu u Ljubljani \u0107e se u srijedu, 26. lipnja 2024. odr\u017eati konferencija \u201eNationalist Polylingualism: Multiple Linguistic Loyalties and National Belonging in East-Central Europe and the Balkans\u201c na kojoj \u0107e o ilirskom pokretu izlagati Nikola Toma\u0161egovi\u0107.<\/p>\n\n\n\n<hr class=\"wp-block-separator\"\/>\n\n\n\n<p><strong>Konferenca: Nacionalisti\u010dna ve\u010djezi\u010dnost: Mnogotere jezikovne lojalnosti in nacionalna pripadnost v Vzhodni in Srednji Evropi ter na Balkanu<\/strong><\/p>\n\n\n\n<p><em>Programska skupina Slovenska zgodovina<\/em> na Filozofski fakulteti Univerzi v Ljubljani in ARIS bilateralni projekt <em>Upravljanje heterogenosti: primer Habsbur\u0161kega imperija in Zdru\u017eenih dr\u017eav Amerike \/ \u00a0Managing Heterogeneity: The Case of the Habsburg Empire and the United States<\/em> vabita na konferenco <em>Nacionalisti\u010dna ve\u010djezi\u010dnost: Mnogotere jezikovne lojalnosti in nacionalna pripadnost v Vzhodni in Srednji Evropi ter na Balkanu, <\/em>ki bo potekala v sredo, <strong>26. 6. 2024<\/strong>, v predavalnici 2-Rim od 9.00 do 16.45. Konferenca bo potekala v angle\u0161kem jeziku.<\/p>\n\n\n\n<hr class=\"wp-block-separator\"\/>\n\n\n\n<p>Program:<\/p>\n\n\n\n<p><a href=\"https:\/\/www.ff.uni-lj.si\/dogodki\/konferenca-nacionalisticna-vecjezicnost-mnogotere-jezikovne-lojalnosti-nacionalna\">https:\/\/www.ff.uni-lj.si\/dogodki\/konferenca-nacionalisticna-vecjezicnost-mnogotere-jezikovne-lojalnosti-nacionalna<\/a><\/p>\n\n\n\n<hr class=\"wp-block-separator\"\/>\n","protected":false},"excerpt":{"rendered":"","protected":false},"author":2,"featured_media":41293,"comment_status":"open","ping_status":"open","sticky":false,"template":"","format":"standard","meta":{"_acf_changed":false,"jetpack_post_was_ever_published":false,"_jetpack_newsletter_access":"","_jetpack_dont_email_post_to_subs":false,"_jetpack_newsletter_tier_id":0,"_jetpack_memberships_contains_paywalled_content":false,"_jetpack_memberships_contains_paid_content":false,"footnotes":"","jetpack_publicize_message":"","jetpack_publicize_feature_enabled":true,"jetpack_social_post_already_shared":true,"jetpack_social_options":{"image_generator_settings":{"template":"highway","default_image_id":0,"font":"","enabled":false},"version":2}},"categories":[3,9],"tags":[],"class_list":["post-41292","post","type-post","status-publish","format-standard","has-post-thumbnail","hentry","category-novosti","category-skupovi"],"acf":{"facebook_opis":""},"jetpack_publicize_connections":[],"jetpack_featured_media_url":"https:\/\/i0.wp.com\/historiografija.hr\/wp-content\/uploads\/2024\/06\/FF_Ljubljana.jpg?fit=960%2C365&ssl=1","jetpack_sharing_enabled":true,"jetpack-related-posts":[],"_links":{"self":[{"href":"https:\/\/historiografija.hr\/index.php?rest_route=\/wp\/v2\/posts\/41292","targetHints":{"allow":["GET"]}}],"collection":[{"href":"https:\/\/historiografija.hr\/index.php?rest_route=\/wp\/v2\/posts"}],"about":[{"href":"https:\/\/historiografija.hr\/index.php?rest_route=\/wp\/v2\/types\/post"}],"author":[{"embeddable":true,"href":"https:\/\/historiografija.hr\/index.php?rest_route=\/wp\/v2\/users\/2"}],"replies":[{"embeddable":true,"href":"https:\/\/historiografija.hr\/index.php?rest_route=%2Fwp%2Fv2%2Fcomments&post=41292"}],"version-history":[{"count":2,"href":"https:\/\/historiografija.hr\/index.php?rest_route=\/wp\/v2\/posts\/41292\/revisions"}],"predecessor-version":[{"id":41295,"href":"https:\/\/historiografija.hr\/index.php?rest_route=\/wp\/v2\/posts\/41292\/revisions\/41295"}],"wp:featuredmedia":[{"embeddable":true,"href":"https:\/\/historiografija.hr\/index.php?rest_route=\/wp\/v2\/media\/41293"}],"wp:attachment":[{"href":"https:\/\/historiografija.hr\/index.php?rest_route=%2Fwp%2Fv2%2Fmedia&parent=41292"}],"wp:term":[{"taxonomy":"category","embeddable":true,"href":"https:\/\/historiografija.hr\/index.php?rest_route=%2Fwp%2Fv2%2Fcategories&post=41292"},{"taxonomy":"post_tag","embeddable":true,"href":"https:\/\/historiografija.hr\/index.php?rest_route=%2Fwp%2Fv2%2Ftags&post=41292"}],"curies":[{"name":"wp","href":"https:\/\/api.w.org\/{rel}","templated":true}]}}