{"id":41269,"date":"2024-06-20T22:45:12","date_gmt":"2024-06-20T22:45:12","guid":{"rendered":"http:\/\/historiografija.hr\/?p=41269"},"modified":"2024-06-20T22:45:12","modified_gmt":"2024-06-20T22:45:12","slug":"projekcije-filma-sume-sume-u-rijeci-i-zagrebu","status":"publish","type":"post","link":"https:\/\/historiografija.hr\/?p=41269","title":{"rendered":"Projekcije filma &#8221;\u0160ume \u0161ume&#8221; u Rijeci i Zagrebu"},"content":{"rendered":"\n<p>Pozivamo vas na projekcije filma &#8221;\u0160ume \u0161ume&#8221; redateljice Renate Poljak koji ko-produciraju Documenta i Kinematograf. Projekcije filma odr\u017eat \u0107e se u 21. lipnja u Rijeci te 22. lipnja u Zagrebu.<\/p>\n\n\n\n<hr class=\"wp-block-separator\"\/>\n\n\n\n<p>Prva projekcija odr\u017eat \u0107e se u susret Danu antifa\u0161isti\u010dke borbe na velikom platnu Ljetnog Art-kina u Rijeci. Na projekciji filma nazo\u010dit \u0107e i redateljica filma Renata Poljak.<\/p>\n\n\n\n<p>Petak, 21. lipnja u 21:30 sati<\/p>\n\n\n\n<p>Rijeka, Ljetno Art-kino (u dvori\u0161tu kapucinskog samostana, ulaz kroz <a href=\"https:\/\/www.facebook.com\/art.kino.croatia?__cft__%5b0%5d=AZXdUlynyggxLjCup4urW0EW7ijDO_ij9F45-ivXXhaU53PqyXdfnPsx2ZYGanwSL7O6-EO_vhnhDii9vgrONTgd58mOXGtQWJNOyc9eCQf_t_UderKLoAEedtpW1UvWwyosprgGk1SvU8E4r8BGZ2rfcEcP2nQ2pw74OWmA-VnR7cwDNMP6mpM6ePQbMhQDmlNOmfjLIzo5B5Hkp7io_Pz0&amp;__tn__=-%5dK-R\">Art-kino Croatia<\/a>)<\/p>\n\n\n\n<p>Vi\u0161e informacija nalazi se ovdje: <a href=\"https:\/\/www.art-kino.org\/hr\/novosti\/otvorenje-ljetnog-art-kina-uz-premijeru-sume-sume\">https:\/\/www.art-kino.org\/hr\/novosti\/otvorenje-ljetnog-art-kina-uz-premijeru-sume-sume<\/a><\/p>\n\n\n\n<hr class=\"wp-block-separator\"\/>\n\n\n\n<p>Druga projekcija odr\u017eat \u0107e se povodom Dana antifa\u0161isti\u010dke borbe, 22. lipnja u Dokukinu KIC u Zagrebu. Film je svoju premijeru imao na nedavno zavr\u0161enom ZagrebDoxu.<\/p>\n\n\n\n<p>Nakon projekcije slijedi razgovor s redateljicom filma Renatom Poljak te povjesni\u010darkom Nata\u0161om Matau\u0161i\u0107 \u2013 suradnicom filma i jednom od najboljih poznavateljica Antifa\u0161isti\u010dke fronte \u017eena. Razgovor \u0107e moderirati filmski kriti\u010dar i politolog Bo\u0161ko Picula.<\/p>\n\n\n\n<p>Subota, 22. lipnja u 19:00<\/p>\n\n\n\n<p>Zagreb, <a href=\"https:\/\/www.facebook.com\/dokukino?__cft__%5b0%5d=AZXdUlynyggxLjCup4urW0EW7ijDO_ij9F45-ivXXhaU53PqyXdfnPsx2ZYGanwSL7O6-EO_vhnhDii9vgrONTgd58mOXGtQWJNOyc9eCQf_t_UderKLoAEedtpW1UvWwyosprgGk1SvU8E4r8BGZ2rfcEcP2nQ2pw74OWmA-VnR7cwDNMP6mpM6ePQbMhQDmlNOmfjLIzo5B5Hkp7io_Pz0&amp;__tn__=-%5dK-R\">Dokukino Kic<\/a> (Preradovi\u0107eva 5)<\/p>\n\n\n\n<p>Vi\u0161e informacija nalazi se ovdje: <a rel=\"noreferrer noopener\" href=\"https:\/\/l.facebook.com\/l.php?u=https%3A%2F%2Fdokukino.net%2Ffilm%2Fsume-sume%2F%3Ffbclid%3DIwZXh0bgNhZW0CMTAAAR1AHTifBIdh_YW_OLfa8X5Aucd2kiLmxhzw4X8solX24U_Y6bnpDVa2dBg_aem_ZmFrZWR1bW15MTZieXRlcw&amp;h=AT01uIm7ZL3tWPLB_egr4cwHWWeb7JRt1xlv0T2LZC2Wowjs0byuJKG4wBRw98L97X6p4UwmnB4BatT-28t8FYw9mm0tOpTfeoP9iQFiivkmhbcCAPSreEcx715o9k99BC1V&amp;__tn__=-UK-R&amp;c%5b0%5d=AT1HQz2bmXH-Ri7qQ8CGtM2Zc80fauy-GBbJpcmyIHnZfuV-CYktdqCXN7OQLH9_t_b4w912GkL0aIr6A6AO-ahiQywVPKTKDzgQbWsZJXGhxkPzXFWG7H6WIbooNyewfFCiyBtSBU3RwIJ30MT5J62ZcA267fwV51CjGzUmrwHiL5AiNJfdwC2a47D41fV0IydKs6sEPjuXYIdQw8ikR4CE6EWEA3h3lKyP\" target=\"_blank\">https:\/\/dokukino.net\/film\/sume-sume\/<\/a><\/p>\n\n\n\n<hr class=\"wp-block-separator\"\/>\n\n\n\n<p>Izvor:<\/p>\n\n\n\n<p><a href=\"https:\/\/www.facebook.com\/DocumentaZagreb\/\">https:\/\/www.facebook.com\/DocumentaZagreb\/<\/a><\/p>\n\n\n\n<hr class=\"wp-block-separator\"\/>\n","protected":false},"excerpt":{"rendered":"","protected":false},"author":2,"featured_media":41270,"comment_status":"open","ping_status":"open","sticky":false,"template":"","format":"standard","meta":{"_acf_changed":false,"jetpack_post_was_ever_published":false,"_jetpack_newsletter_access":"","_jetpack_dont_email_post_to_subs":false,"_jetpack_newsletter_tier_id":0,"_jetpack_memberships_contains_paywalled_content":false,"_jetpack_memberships_contains_paid_content":false,"footnotes":"","jetpack_publicize_message":"","jetpack_publicize_feature_enabled":true,"jetpack_social_post_already_shared":true,"jetpack_social_options":{"image_generator_settings":{"template":"highway","default_image_id":0,"font":"","enabled":false},"version":2}},"categories":[13,3],"tags":[],"class_list":["post-41269","post","type-post","status-publish","format-standard","has-post-thumbnail","hentry","category-filmovi-i-serije","category-novosti"],"acf":{"facebook_opis":""},"jetpack_publicize_connections":[],"jetpack_featured_media_url":"https:\/\/i0.wp.com\/historiografija.hr\/wp-content\/uploads\/2024\/06\/%C5%A0ume_%C5%A1ume.jpg?fit=961%2C686&ssl=1","jetpack_sharing_enabled":true,"jetpack-related-posts":[],"_links":{"self":[{"href":"https:\/\/historiografija.hr\/index.php?rest_route=\/wp\/v2\/posts\/41269","targetHints":{"allow":["GET"]}}],"collection":[{"href":"https:\/\/historiografija.hr\/index.php?rest_route=\/wp\/v2\/posts"}],"about":[{"href":"https:\/\/historiografija.hr\/index.php?rest_route=\/wp\/v2\/types\/post"}],"author":[{"embeddable":true,"href":"https:\/\/historiografija.hr\/index.php?rest_route=\/wp\/v2\/users\/2"}],"replies":[{"embeddable":true,"href":"https:\/\/historiografija.hr\/index.php?rest_route=%2Fwp%2Fv2%2Fcomments&post=41269"}],"version-history":[{"count":1,"href":"https:\/\/historiografija.hr\/index.php?rest_route=\/wp\/v2\/posts\/41269\/revisions"}],"predecessor-version":[{"id":41271,"href":"https:\/\/historiografija.hr\/index.php?rest_route=\/wp\/v2\/posts\/41269\/revisions\/41271"}],"wp:featuredmedia":[{"embeddable":true,"href":"https:\/\/historiografija.hr\/index.php?rest_route=\/wp\/v2\/media\/41270"}],"wp:attachment":[{"href":"https:\/\/historiografija.hr\/index.php?rest_route=%2Fwp%2Fv2%2Fmedia&parent=41269"}],"wp:term":[{"taxonomy":"category","embeddable":true,"href":"https:\/\/historiografija.hr\/index.php?rest_route=%2Fwp%2Fv2%2Fcategories&post=41269"},{"taxonomy":"post_tag","embeddable":true,"href":"https:\/\/historiografija.hr\/index.php?rest_route=%2Fwp%2Fv2%2Ftags&post=41269"}],"curies":[{"name":"wp","href":"https:\/\/api.w.org\/{rel}","templated":true}]}}