{"id":41264,"date":"2024-06-20T21:27:00","date_gmt":"2024-06-20T21:27:00","guid":{"rendered":"http:\/\/historiografija.hr\/?p=41264"},"modified":"2024-06-20T22:27:28","modified_gmt":"2024-06-20T22:27:28","slug":"poziv-na-sudjelovanje-na-znanstveno-strucnom-skupu-opcina-saborsko-i-okolica-u-proslosti-i-sadasnjosti","status":"publish","type":"post","link":"https:\/\/historiografija.hr\/?p=41264","title":{"rendered":"Poziv na sudjelovanje na znanstveno-stru\u010dnom skupu \u201eOp\u0107ina Saborsko i okolica u pro\u0161losti i sada\u0161njosti\u201c"},"content":{"rendered":"\n<p class=\"has-text-align-center\">Udruga \u201ePodplje\u0161ivi\u010dki grani\u010dari\u201c Zagreb<\/p>\n\n\n\n<p class=\"has-text-align-center\">organizira<\/p>\n\n\n\n<p class=\"has-text-align-center\"><strong>Znanstveno-stru\u010dni skup<\/strong><\/p>\n\n\n\n<p class=\"has-text-align-center\"><strong>Op\u0107ina Saborsko i okolica u pro\u0161losti i sada\u0161njosti<\/strong><strong><\/strong><\/p>\n\n\n\n<p class=\"has-text-align-center\"><strong>(Saborsko, 17. svibnja 2025.)<\/strong><\/p>\n\n\n\n<p>Pozivamo vas da sudjelujete na znanstveno-stru\u010dnom skupu \u00bbOp\u0107ina Saborsko i okolica u pro\u0161losti i sada\u0161njosti\u00ab, koji \u0107e se odr\u017eati u&nbsp;Saborskom 17. svibnja 2025.<\/p>\n\n\n\n<p>Ispunjeni prijavni list&nbsp;(koji treba sadr\u017eavati: ime i prezime; titulu; ustanovu zaposlenja; e-mail; telefon\/mobitel za kontakt) s naslovom izlaganja molimo poslati do&nbsp;15. prosinca 2024.&nbsp;na e-mail:&nbsp;<a href=\"mailto:podpljesivickigranicari@gmail.com\" target=\"_blank\" rel=\"noreferrer noopener\">podpljesivickigranicari@gmail.com<\/a><\/p>\n\n\n\n<p>Sa\u017eetke izlaganja&nbsp;(do 250 rije\u010di) molimo poslati najkasnije do&nbsp;15. velja\u010de 2025.&nbsp;na e-mail:<\/p>\n\n\n\n<p><a href=\"mailto:podpljesivickigranicari@gmail.com\" target=\"_blank\" rel=\"noreferrer noopener\">podpljesivickigranicari@gmail.com<\/a><\/p>\n\n\n\n<p>Gotove radove&nbsp;molimo predati najkasnije do&nbsp;1. rujna 2025.&nbsp;na e-mail:&nbsp;<a href=\"mailto:podpljesivickigranicari@gmail.com\" target=\"_blank\" rel=\"noreferrer noopener\">podpljesivickigranicari@gmail.com<\/a><\/p>\n\n\n\n<p>***<\/p>\n\n\n\n<p>Okvirna tema skupa je prezentirati povijesni razvoj prostora op\u0107ine Saborsko i okolice od najstarijih vremena do na\u0161ih dana. Podru\u010dje izlaganja\/radova vrlo je \u0161iroko a mo\u017ee uklju\u010divati radove iz povijesti, demografije, sociologije, etnologije, geografije, turisti\u010dke geografije, ekonomije itd.<\/p>\n\n\n\n<p>Za sve Va\u0161e upite molim da nas kontaktirate na mail\u00a0<a rel=\"noreferrer noopener\" href=\"mailto:podpljesivickigranicari@gmail.com\" target=\"_blank\">podpljesivickigranicari@gmail.com<\/a>.<\/p>\n\n\n\n<hr class=\"wp-block-separator\"\/>\n","protected":false},"excerpt":{"rendered":"","protected":false},"author":2,"featured_media":41265,"comment_status":"open","ping_status":"open","sticky":false,"template":"","format":"standard","meta":{"_acf_changed":false,"jetpack_post_was_ever_published":false,"_jetpack_newsletter_access":"","_jetpack_dont_email_post_to_subs":false,"_jetpack_newsletter_tier_id":0,"_jetpack_memberships_contains_paywalled_content":false,"_jetpack_memberships_contains_paid_content":false,"footnotes":"","jetpack_publicize_message":"","jetpack_publicize_feature_enabled":true,"jetpack_social_post_already_shared":true,"jetpack_social_options":{"image_generator_settings":{"template":"highway","default_image_id":0,"font":"","enabled":false},"version":2}},"categories":[3,9],"tags":[],"class_list":["post-41264","post","type-post","status-publish","format-standard","has-post-thumbnail","hentry","category-novosti","category-skupovi"],"acf":{"facebook_opis":""},"jetpack_publicize_connections":[],"jetpack_featured_media_url":"https:\/\/i0.wp.com\/historiografija.hr\/wp-content\/uploads\/2024\/06\/Saborsko-panorama-scaled.jpg?fit=2560%2C1529&ssl=1","jetpack_sharing_enabled":true,"jetpack-related-posts":[],"_links":{"self":[{"href":"https:\/\/historiografija.hr\/index.php?rest_route=\/wp\/v2\/posts\/41264","targetHints":{"allow":["GET"]}}],"collection":[{"href":"https:\/\/historiografija.hr\/index.php?rest_route=\/wp\/v2\/posts"}],"about":[{"href":"https:\/\/historiografija.hr\/index.php?rest_route=\/wp\/v2\/types\/post"}],"author":[{"embeddable":true,"href":"https:\/\/historiografija.hr\/index.php?rest_route=\/wp\/v2\/users\/2"}],"replies":[{"embeddable":true,"href":"https:\/\/historiografija.hr\/index.php?rest_route=%2Fwp%2Fv2%2Fcomments&post=41264"}],"version-history":[{"count":1,"href":"https:\/\/historiografija.hr\/index.php?rest_route=\/wp\/v2\/posts\/41264\/revisions"}],"predecessor-version":[{"id":41266,"href":"https:\/\/historiografija.hr\/index.php?rest_route=\/wp\/v2\/posts\/41264\/revisions\/41266"}],"wp:featuredmedia":[{"embeddable":true,"href":"https:\/\/historiografija.hr\/index.php?rest_route=\/wp\/v2\/media\/41265"}],"wp:attachment":[{"href":"https:\/\/historiografija.hr\/index.php?rest_route=%2Fwp%2Fv2%2Fmedia&parent=41264"}],"wp:term":[{"taxonomy":"category","embeddable":true,"href":"https:\/\/historiografija.hr\/index.php?rest_route=%2Fwp%2Fv2%2Fcategories&post=41264"},{"taxonomy":"post_tag","embeddable":true,"href":"https:\/\/historiografija.hr\/index.php?rest_route=%2Fwp%2Fv2%2Ftags&post=41264"}],"curies":[{"name":"wp","href":"https:\/\/api.w.org\/{rel}","templated":true}]}}