{"id":41246,"date":"2024-06-18T23:04:33","date_gmt":"2024-06-18T23:04:33","guid":{"rendered":"http:\/\/historiografija.hr\/?p=41246"},"modified":"2024-06-28T20:57:13","modified_gmt":"2024-06-28T20:57:13","slug":"izlozba-povijest-roma-na-bjelovarsko-bilogorskom-podrucju","status":"publish","type":"post","link":"https:\/\/historiografija.hr\/?p=41246","title":{"rendered":"Izlo\u017eba \u201ePovijest Roma na bjelovarsko-bilogorskom podru\u010dju\u201c"},"content":{"rendered":"\n<p>Otvorenje izlo\u017ebe <em>Povijest Roma na bjelovarsko-bilogorskom podru\u010dju<\/em> odr\u017eat \u0107e se u \u010detvrtak 20. 6. 2024. u 13 sati u predvorju zgrade Dr\u017eavnog arhiva u Bjelovaru, Trg E. Kvaternika 6.<\/p>\n\n\n\n<p>Prije samog otvorenja Dr\u017eavni arhiv u Bjelovar i Institut Ivo Pilar iz Zagreba potpisat \u0107e sporazum o suradnji s naglaskom na&nbsp;va\u017enost podupiranja i razvijanja postoje\u0107ih, kao i osmi\u0161ljavanja novih znanstvenih i stru\u010dnih projekata i programa te razvijanja me\u0111usobnih odnosa.<\/p>\n\n\n\n<hr class=\"wp-block-separator\"\/>\n\n\n\n<p>Izvor:<\/p>\n\n\n\n<p><a href=\"https:\/\/dabj.hr\/\">https:\/\/dabj.hr\/<\/a><\/p>\n\n\n\n<hr class=\"wp-block-separator\"\/>\n\n\n\n<p>Dodatne obavijesti:<\/p>\n\n\n\n<figure class=\"wp-block-embed-wordpress wp-block-embed is-type-wp-embed is-provider-institut-drustvenih-znanosti-ivo-pilar\"><div class=\"wp-block-embed__wrapper\">\n<blockquote class=\"wp-embedded-content\" data-secret=\"dsMp7R4mjk\"><a href=\"https:\/\/www.pilar.hr\/2024\/06\/potpisivanje-sporazuma-o-suradnji-i-otvaranje-izlozbe-u-bjelovaru-20-6-2024\/\">Potpisivanje sporazuma o suradnji i otvaranje izlo\u017ebe u Bjelovaru, 20. 6. 2024.<\/a><\/blockquote><iframe loading=\"lazy\" class=\"wp-embedded-content\" sandbox=\"allow-scripts\" security=\"restricted\" style=\"position: absolute; clip: rect(1px, 1px, 1px, 1px);\" title=\"&#8220;Potpisivanje sporazuma o suradnji i otvaranje izlo\u017ebe u Bjelovaru, 20. 6. 2024.&#8221; &#8212; Institut dru\u0161tvenih znanosti Ivo Pilar\" src=\"https:\/\/www.pilar.hr\/2024\/06\/potpisivanje-sporazuma-o-suradnji-i-otvaranje-izlozbe-u-bjelovaru-20-6-2024\/embed\/#?secret=UygsFLjufU#?secret=dsMp7R4mjk\" data-secret=\"dsMp7R4mjk\" width=\"600\" height=\"338\" frameborder=\"0\" marginwidth=\"0\" marginheight=\"0\" scrolling=\"no\"><\/iframe>\n<\/div><\/figure>\n\n\n\n<hr class=\"wp-block-separator\"\/>\n","protected":false},"excerpt":{"rendered":"","protected":false},"author":2,"featured_media":41247,"comment_status":"open","ping_status":"open","sticky":false,"template":"","format":"standard","meta":{"_acf_changed":false,"jetpack_post_was_ever_published":false,"_jetpack_newsletter_access":"","_jetpack_dont_email_post_to_subs":false,"_jetpack_newsletter_tier_id":0,"_jetpack_memberships_contains_paywalled_content":false,"_jetpack_memberships_contains_paid_content":false,"footnotes":"","jetpack_publicize_message":"","jetpack_publicize_feature_enabled":true,"jetpack_social_post_already_shared":true,"jetpack_social_options":{"image_generator_settings":{"template":"highway","default_image_id":0,"font":"","enabled":false},"version":2}},"categories":[10,3],"tags":[],"class_list":["post-41246","post","type-post","status-publish","format-standard","has-post-thumbnail","hentry","category-izlozbe","category-novosti"],"acf":{"facebook_opis":""},"jetpack_publicize_connections":[],"jetpack_featured_media_url":"https:\/\/i0.wp.com\/historiografija.hr\/wp-content\/uploads\/2024\/06\/Povijest_Roma.png?fit=1748%2C1240&ssl=1","jetpack_sharing_enabled":true,"jetpack-related-posts":[],"_links":{"self":[{"href":"https:\/\/historiografija.hr\/index.php?rest_route=\/wp\/v2\/posts\/41246","targetHints":{"allow":["GET"]}}],"collection":[{"href":"https:\/\/historiografija.hr\/index.php?rest_route=\/wp\/v2\/posts"}],"about":[{"href":"https:\/\/historiografija.hr\/index.php?rest_route=\/wp\/v2\/types\/post"}],"author":[{"embeddable":true,"href":"https:\/\/historiografija.hr\/index.php?rest_route=\/wp\/v2\/users\/2"}],"replies":[{"embeddable":true,"href":"https:\/\/historiografija.hr\/index.php?rest_route=%2Fwp%2Fv2%2Fcomments&post=41246"}],"version-history":[{"count":2,"href":"https:\/\/historiografija.hr\/index.php?rest_route=\/wp\/v2\/posts\/41246\/revisions"}],"predecessor-version":[{"id":41380,"href":"https:\/\/historiografija.hr\/index.php?rest_route=\/wp\/v2\/posts\/41246\/revisions\/41380"}],"wp:featuredmedia":[{"embeddable":true,"href":"https:\/\/historiografija.hr\/index.php?rest_route=\/wp\/v2\/media\/41247"}],"wp:attachment":[{"href":"https:\/\/historiografija.hr\/index.php?rest_route=%2Fwp%2Fv2%2Fmedia&parent=41246"}],"wp:term":[{"taxonomy":"category","embeddable":true,"href":"https:\/\/historiografija.hr\/index.php?rest_route=%2Fwp%2Fv2%2Fcategories&post=41246"},{"taxonomy":"post_tag","embeddable":true,"href":"https:\/\/historiografija.hr\/index.php?rest_route=%2Fwp%2Fv2%2Ftags&post=41246"}],"curies":[{"name":"wp","href":"https:\/\/api.w.org\/{rel}","templated":true}]}}