{"id":41242,"date":"2024-06-18T22:57:20","date_gmt":"2024-06-18T22:57:20","guid":{"rendered":"http:\/\/historiografija.hr\/?p=41242"},"modified":"2024-07-12T16:27:49","modified_gmt":"2024-07-12T16:27:49","slug":"medunarodni-znanstveni-skup-vaznost-europskoga-sjecanja-za-europsku-buducnost-komunisticki-zlocini-3","status":"publish","type":"post","link":"https:\/\/historiografija.hr\/?p=41242","title":{"rendered":"Me\u0111unarodni znanstveni skup &#8220;Va\u017enost europskoga sje\u0107anja za europsku budu\u0107nost: komunisti\u010dki zlo\u010dini 3&#8221;"},"content":{"rendered":"\n<p>Znanstveni zavod&nbsp;Fakulteta hrvatskih studija Sveu\u010dili\u0161ta u Zagrebu organizira dvodnevni me\u0111unarodni znanstveni skup naziva Va\u017enost europskoga sje\u0107anja za europsku budu\u0107nost: komunisti\u010dki zlo\u010dini 3, koji \u0107e biti odr\u017ean 20. i 21. lipnja 2024. u dvorani Zagreb.<br>&nbsp;<br>Organizacijski odbor skupa \u010dine:<\/p>\n\n\n\n<ul class=\"wp-block-list\"><li>izv. prof. dr. sc. Vlatka Vukeli\u0107, Fakultet hrvatskih studija Sveu\u010dili\u0161ta u Zagrebu;<\/li><li>doc. dr. sc. Vladimir \u0160umanovi\u0107, Fakultet hrvatskih studija Sveu\u010dili\u0161ta u Zagrebu;<\/li><li>prof. dr. sc. Ante \u010cuvalo, Ohio State University, SAD;<\/li><li>izv. prof. dr. sc. Aurimas \u0160vedas, Lietuvos istorijos instituas, Litva;<\/li><li>dr. sc. Blanka Matkovi\u0107, University of Sheffield, Velika Britanija;<\/li><li>prof. dr. sc. Bojan Dimitrijevi\u0107, Institut za savremenu istoriju Beograd, Republika Srbija;<\/li><li>dr. sc. \u0160imun Novakovi\u0107, Dr\u017eavni arhiv, Bosna i Hercegovina;<\/li><li>doc. dr. sc. Vlatko Smiljani\u0107, Fakultet hrvatskih studija Sveu\u010dili\u0161ta u Zagrebu;<\/li><li>doc. dr. sc. Danijel Jurkovi\u0107, Fakultet hrvatskih studija Sveu\u010dili\u0161ta u Zagrebu.<\/li><\/ul>\n\n\n\n<p><a href=\"https:\/\/www.fhs.unizg.hr\/_news\/43751\/PLAKAT A2.pdf\">Plakat (poveznica na pdf)<\/a><\/p>\n\n\n\n<p><a href=\"https:\/\/www.fhs.unizg.hr\/_news\/43751\/Knjizica sazetaka.pdf\">Program i knji\u017eica sa\u017eetaka (poveznica na pdf)<\/a><\/p>\n\n\n\n<hr class=\"wp-block-separator\"\/>\n\n\n\n<p>Izvor i dodatne obavijesti:<\/p>\n\n\n\n<p><a href=\"https:\/\/www.fhs.unizg.hr\/obavijesti?@=21n80#news_112402\">https:\/\/www.fhs.unizg.hr\/obavijesti?@=21n80#news_112402<\/a><\/p>\n\n\n\n<p><a href=\"https:\/\/www.fhs.unizg.hr\/obavijesti?@=21n9o#news_112402\">https:\/\/www.fhs.unizg.hr\/obavijesti?@=21n9o#news_112402<\/a><\/p>\n\n\n\n<hr class=\"wp-block-separator\"\/>\n\n\n\n<p><a href=\"https:\/\/www.matica.hr\/vijenac\/791\/komunisticki-zlocini-u-hrvatskoj-i-na-baltiku-36552\/\">https:\/\/www.matica.hr\/vijenac\/791\/komunisticki-zlocini-u-hrvatskoj-i-na-baltiku-36552\/<\/a><\/p>\n\n\n\n<hr class=\"wp-block-separator\"\/>\n","protected":false},"excerpt":{"rendered":"","protected":false},"author":2,"featured_media":41243,"comment_status":"open","ping_status":"open","sticky":false,"template":"","format":"standard","meta":{"_acf_changed":false,"jetpack_post_was_ever_published":false,"_jetpack_newsletter_access":"","_jetpack_dont_email_post_to_subs":false,"_jetpack_newsletter_tier_id":0,"_jetpack_memberships_contains_paywalled_content":false,"_jetpack_memberships_contains_paid_content":false,"footnotes":"","jetpack_publicize_message":"","jetpack_publicize_feature_enabled":true,"jetpack_social_post_already_shared":true,"jetpack_social_options":{"image_generator_settings":{"template":"highway","default_image_id":0,"font":"","enabled":false},"version":2}},"categories":[3,9],"tags":[],"class_list":["post-41242","post","type-post","status-publish","format-standard","has-post-thumbnail","hentry","category-novosti","category-skupovi"],"acf":{"facebook_opis":""},"jetpack_publicize_connections":[],"jetpack_featured_media_url":"https:\/\/i0.wp.com\/historiografija.hr\/wp-content\/uploads\/2024\/06\/Pozivnica-KZ3.jpg?fit=1920%2C914&ssl=1","jetpack_sharing_enabled":true,"jetpack-related-posts":[],"_links":{"self":[{"href":"https:\/\/historiografija.hr\/index.php?rest_route=\/wp\/v2\/posts\/41242","targetHints":{"allow":["GET"]}}],"collection":[{"href":"https:\/\/historiografija.hr\/index.php?rest_route=\/wp\/v2\/posts"}],"about":[{"href":"https:\/\/historiografija.hr\/index.php?rest_route=\/wp\/v2\/types\/post"}],"author":[{"embeddable":true,"href":"https:\/\/historiografija.hr\/index.php?rest_route=\/wp\/v2\/users\/2"}],"replies":[{"embeddable":true,"href":"https:\/\/historiografija.hr\/index.php?rest_route=%2Fwp%2Fv2%2Fcomments&post=41242"}],"version-history":[{"count":5,"href":"https:\/\/historiografija.hr\/index.php?rest_route=\/wp\/v2\/posts\/41242\/revisions"}],"predecessor-version":[{"id":41568,"href":"https:\/\/historiografija.hr\/index.php?rest_route=\/wp\/v2\/posts\/41242\/revisions\/41568"}],"wp:featuredmedia":[{"embeddable":true,"href":"https:\/\/historiografija.hr\/index.php?rest_route=\/wp\/v2\/media\/41243"}],"wp:attachment":[{"href":"https:\/\/historiografija.hr\/index.php?rest_route=%2Fwp%2Fv2%2Fmedia&parent=41242"}],"wp:term":[{"taxonomy":"category","embeddable":true,"href":"https:\/\/historiografija.hr\/index.php?rest_route=%2Fwp%2Fv2%2Fcategories&post=41242"},{"taxonomy":"post_tag","embeddable":true,"href":"https:\/\/historiografija.hr\/index.php?rest_route=%2Fwp%2Fv2%2Ftags&post=41242"}],"curies":[{"name":"wp","href":"https:\/\/api.w.org\/{rel}","templated":true}]}}