{"id":41231,"date":"2024-06-17T21:29:15","date_gmt":"2024-06-17T21:29:15","guid":{"rendered":"http:\/\/historiografija.hr\/?p=41231"},"modified":"2024-06-17T21:29:15","modified_gmt":"2024-06-17T21:29:15","slug":"poziv-na-prijavu-izlaganja-za-dane-marije-juric-zagorke-2024","status":"publish","type":"post","link":"https:\/\/historiografija.hr\/?p=41231","title":{"rendered":"Poziv na prijavu izlaganja za Dane Marije Juri\u0107 Zagorke 2024."},"content":{"rendered":"\n<p>Centar za \u017eenske studije Zagreb u suradnji s Odsjekom za komparativnu knji\u017eevnost Filozofskog fakulteta u Zagrebu i Odjelom za komunikologiju, medije i novinarstvo Sveu\u010dili\u0161ta Sjever objavljuje<\/p>\n\n\n\n<p><strong>Poziv na znanstveno-knji\u017eevni skup s me\u0111unarodnim sudjelovanjem:<\/strong><\/p>\n\n\n\n<p><strong>NASILJE, INSTITUCIJE, ROD: IZAZOVI I PERSPEKTIVE<\/strong><\/p>\n\n\n\n<p>koji \u0107e se odr\u017eati u sklopu <strong>Dana Marije Juri\u0107 Zagorke, 22. i 23. studenog 2024.<\/strong> u Zagrebu, u prostorijama Centra za \u017eenske studije\/Memorijalnog stana Marije Juri\u0107 Zagorke, na Dolcu 8<\/p>\n\n\n\n<p>Tema ove konferencije na\u017ealost je iznimno aktualna i relevantna u dana\u0161njem dru\u0161tvu gdje se suo\u010davamo s brojnim izazovima u vezi s pitanjima roda, nasilja i uloge institucija.<\/p>\n\n\n\n<p>Rodno uvjetovano nasilje temelji se na socijalnim konstrukcijama roda i obuhva\u0107a razli\u010dite oblike, uklju\u010duju\u0107i fizi\u010dko nasilje, seksualno nasilje, emocionalno i psihi\u010dko zlostavljanje, ekonomsko nasilje te nasilje u obliku kontrole ili prisile, a koje se doga\u0111a na temelju rodnog identiteta ili spola. \u017drtve rodno uvjetovanog nasilja prema statistikama naj\u010de\u0161\u0107e su \u017eene, posebno \u017eene koje pripadaju marginaliziranim zajednicama, a po\u010dinitelji su naj\u010de\u0161\u0107e intimni partneri. Rodno uvjetovano nasilje proizlazi iz duboko ukorijenjenih dru\u0161tvenih normi, stereotipa i nesrazmjera mo\u0107i. Kulturolo\u0161ki, ekonomski i politi\u010dki faktori tako\u0111er igraju ulogu u perpetuiranju ovog nasilja. Posljedice rodno uvjetovanog nasilja mogu biti izrazito ozbiljne i uklju\u010duju fizi\u010dke ozljede, emocionalni stres, depresiju, anksioznost te dugoro\u010dnu patnju za \u017ertve i njihove obitelji. Rodno uvjetovano nasilje trajno razvojno ko\u010di cijelo dru\u0161tvo i mo\u017ee imati ozbiljan utjecaj na velik broj dru\u0161tvenih procesa, uklju\u010duju\u0107i ekonomske i zdravstvene aspekte.<\/p>\n\n\n\n<p>Osim interpersonalnog nasilja, postoji institucionalno nasilje, tako\u0111er poznato kao sistemsko nasilje ili strukturalno nasilje, a odnosi se na oblik nasilja koji proizlazi iz nefunkcionalnih ili nepravednih institucionalnih struktura, politika ili procesa u dru\u0161tvu. Ova vrsta nasilja mo\u017ee biti manje o\u010digledna od interpersonalnog nasilja, ali mo\u017ee imati ozbiljne negativne posljedice za pojedince i zajednice. Neki su primjeri institucionalnog nasilja sustavna diskriminacija, kr\u0161enje ljudskih prava, nepravedno tretiranje i opstrukcija pristupa resursima, pravdi ili uslugama, nepravedni zakoni i politike, nejednakost u pristupu obrazovanju, zdravstvu i zapo\u0161ljavanju, zlostavljanje u zatvorima, nepravedni pravosudni postupci itd. Tako\u0111er, diskurzivne interpelacije subjektnih pozicija, implicitne pristranosti te pitanja epistemi\u010dkih nepravdi pokazuju da se institucionalno nasilje mo\u017ee doga\u0111ati i na \u0161kolskim, akademskim i znanstvenim ustanovama.<\/p>\n\n\n\n<p>Borba protiv rodno uvjetovanog nasilja zahtijeva holisti\u010dki pristup koji uklju\u010duje edukaciju, promociju rodne ravnopravnosti, znanstveno-istra\u017eiva\u010dki rad, ja\u010danje zakonodavstva i pru\u017eanje podr\u0161ke \u017ertvama. Organizacije civilnog dru\u0161tva, vlasti i zajednica igraju klju\u010dnu ulogu u prevenciji i suzbijanju ovog oblika nasilja. Suo\u010davanje s institucionalnim nasiljem zahtijeva sustavne promjene u institucijama i zakonima, kao i podizanje svijesti i mobilizaciju gra\u0111ana.<\/p>\n\n\n\n<p>U vezi s krovnom temom skupa, Zagorkinim \u017eivotom i djelom, posebno pozivamo priloge koji u sredi\u0161te interesa stavljaju upravo tu temu. Zagorka je u svom \u017eivotu i radu \u010desto bila \u017ertvom kako interpersonalnog nasilja u roditeljskom domu i u braku tako i institucionalnog, \u010desto upravo rodno uvjetovanog nasilja na radnom mjestu i u kulturnoj javnoj sferi, od prisilne izolacije u \u201eposebnoj sobi\u201c tijekom anga\u017emana u Obzoru do brojnih slu\u010dajeva zlostavljanja i vrije\u0111anja koje je redovito pratila eksploatacija uspjeha i popularnosti njezinih djela. Uvijek buntovna i hrabra, Zagorka je te slu\u010dajeve detaljno opisala u svojim autobiografskih tekstovima, a to je iskustvo upotrijebila i u kreiranju borbenih junakinja svojih romana koje se tako\u0111er neumorno suprotstavljaju rodno, klasno i nacionalno uvjetovanom nasilju koje ponekad dolazi od mizoginih mu\u0161karaca, ali i autoritarnih \u017eena, ponekad od represivne dr\u017eave i drugih institucija, a naj\u010de\u0161\u0107e u obliku maskuline figure koja u sebi ujedinjuje obje vrste nasilja.<\/p>\n\n\n\n<p><strong>Teme koje \u0107e se razmatrati na konferenciji uklju\u010duju, ali nisu ograni\u010dene na:<\/strong><br>\u2022 povijest nasilja<br>\u2022 teorijski pristupi problematici roda i nasilja<br>\u2022 rod i nasilje u razli\u010ditim diskurzivnim poljima<br>\u2022 pravni okviri i dokumenti<br>\u2022 analize knji\u017eevnih i drugih umjetni\u010dkih ekspresija<br>\u2022 oblici rodno uvjetovanog nasilja i nasilja nad \u017eenama<br>\u2022 institucije kao po\u010dinitelji nasilja<br>\u2022 institucionalni odgovor na nasilje<br>\u2022 identifikacija i prevencija<br>\u2022 podr\u0161ka \u017ertvama<br>\u2022 problemi s prijavljivanjem rodno uvjetovanog nasilja<br>\u2022 izazovi u \u017eivotima transrodnih i interseksualnih osoba<br>\u2022 aktivizam i zalaganje za pravdu, dru\u0161tveni pokreti<br>\u2022 utjecaj pandemije na rodnu neravnopravnost i nasilje<br>\u2022 mediji, nasilje i rod<br>\u2022 obrazovne institucije, nasilje i rod<br>\u2022 religija, nasilje i rod<br>\u2022 rodno uvjetovano nasilje na radnom mjestu<br>\u2022 digitalno nasilje, dru\u0161tvene mre\u017ee i rod<br>\u2022 videoigre, nasilje i rod<br>\u2022 (ne)ka\u017enjavanje zlo\u010dina i primjerenost kazne<br>\u2022 feministi\u010dka kriminologija i viktimologija.<\/p>\n\n\n\n<p>O\u010dekujemo da \u0107e ova konferencija pru\u017eiti inspiraciju i potaknuti nove na\u010dine razmi\u0161ljanja o pitanjima roda, nasilja i uloge institucija u dru\u0161tvu. Pozivamo zato istra\u017eiva\u010dice i istra\u017eiva\u010de iz svih polja dru\u0161tvenih i humanisti\u010dkih znanosti, prakti\u010dare i prakti\u010darke, aktivistkinje i aktiviste te sve zainteresirane da svojim izlaganjima doprinesu raspravi o ovim temama.<\/p>\n\n\n\n<p><strong>Prihvatit \u0107e se izlaganja na hrvatskom i engleskom jeziku.<\/strong><\/p>\n\n\n\n<p><strong>Sa\u017eetak izlaganja (izme\u0111u 150 i 300 rije\u010di) s kra\u0107im \u017eivotopisom molimo poslati do 20. rujna 2024. na e-mail adresu: <a href=\"mailto:zagorka@zenstud.hr\">zagorka@zenstud.hr<\/a>.<\/strong><\/p>\n\n\n\n<p><strong>Kotizacija:<\/strong><\/p>\n\n\n\n<p>Autori\/ce radova: 25 eura<br>Kotizacija uklju\u010duje: sudjelovanje na konferenciji, konferencijske materijale, osvje\u017eenje, ru\u010dak i potvrdu o sudjelovanju na skupu.<\/p>\n\n\n\n<p>Studenti\/ce postdiplomskih studija, nezaposleni\/e i sudionici\/bez izlaganja <strong>ne<\/strong> pla\u0107aju kotizaciju.<\/p>\n\n\n\n<p><strong>Programski odbor skupa:<\/strong> dr.sc. Lidija Duji\u0107, dr.sc. Anita Dremel, dr.sc. Ma\u0161a Grde\u0161i\u0107, dr.sc. Suzana Coha, mr.sc. Sandra Prlenda, Ana Zbiljski<\/p>\n\n\n\n<p>Program financijski podupiru Grad Zagreb i Ministarstvo kulture.<\/p>\n\n\n\n<hr class=\"wp-block-separator\"\/>\n\n\n\n<p>Izvor:<\/p>\n\n\n\n<figure class=\"wp-block-embed-wordpress wp-block-embed is-type-wp-embed is-provider-memorijalni-stan-marije-juric-zagorke\"><div class=\"wp-block-embed__wrapper\">\n<blockquote class=\"wp-embedded-content\" data-secret=\"i4YsrVehJF\"><a href=\"http:\/\/zagorka.net\/poziv-na-prijavu-izlaganja-za-dane-marije-juric-zagorke-2024\/\">Poziv na prijavu izlaganja za Dane Marije Juri\u0107 Zagorke 2024.<\/a><\/blockquote><iframe loading=\"lazy\" class=\"wp-embedded-content\" sandbox=\"allow-scripts\" security=\"restricted\" style=\"position: absolute; clip: rect(1px, 1px, 1px, 1px);\" title=\"&#8220;Poziv na prijavu izlaganja za Dane Marije Juri\u0107 Zagorke 2024.&#8221; &#8212; Memorijalni stan Marije Juri\u0107 Zagorke\" src=\"http:\/\/zagorka.net\/poziv-na-prijavu-izlaganja-za-dane-marije-juric-zagorke-2024\/embed\/#?secret=i4YsrVehJF\" data-secret=\"i4YsrVehJF\" width=\"600\" height=\"338\" frameborder=\"0\" marginwidth=\"0\" marginheight=\"0\" scrolling=\"no\"><\/iframe>\n<\/div><\/figure>\n\n\n\n<hr class=\"wp-block-separator\"\/>\n","protected":false},"excerpt":{"rendered":"","protected":false},"author":2,"featured_media":10369,"comment_status":"open","ping_status":"open","sticky":false,"template":"","format":"standard","meta":{"_acf_changed":false,"jetpack_post_was_ever_published":false,"_jetpack_newsletter_access":"","_jetpack_dont_email_post_to_subs":false,"_jetpack_newsletter_tier_id":0,"_jetpack_memberships_contains_paywalled_content":false,"_jetpack_memberships_contains_paid_content":false,"footnotes":"","jetpack_publicize_message":"","jetpack_publicize_feature_enabled":true,"jetpack_social_post_already_shared":true,"jetpack_social_options":{"image_generator_settings":{"template":"highway","default_image_id":0,"font":"","enabled":false},"version":2}},"categories":[3,9],"tags":[],"class_list":["post-41231","post","type-post","status-publish","format-standard","has-post-thumbnail","hentry","category-novosti","category-skupovi"],"acf":{"facebook_opis":""},"jetpack_publicize_connections":[],"jetpack_featured_media_url":"https:\/\/i0.wp.com\/historiografija.hr\/wp-content\/uploads\/2018\/06\/dani-marije-juric-zagorke.jpg?fit=1168%2C524&ssl=1","jetpack_sharing_enabled":true,"jetpack-related-posts":[],"_links":{"self":[{"href":"https:\/\/historiografija.hr\/index.php?rest_route=\/wp\/v2\/posts\/41231","targetHints":{"allow":["GET"]}}],"collection":[{"href":"https:\/\/historiografija.hr\/index.php?rest_route=\/wp\/v2\/posts"}],"about":[{"href":"https:\/\/historiografija.hr\/index.php?rest_route=\/wp\/v2\/types\/post"}],"author":[{"embeddable":true,"href":"https:\/\/historiografija.hr\/index.php?rest_route=\/wp\/v2\/users\/2"}],"replies":[{"embeddable":true,"href":"https:\/\/historiografija.hr\/index.php?rest_route=%2Fwp%2Fv2%2Fcomments&post=41231"}],"version-history":[{"count":1,"href":"https:\/\/historiografija.hr\/index.php?rest_route=\/wp\/v2\/posts\/41231\/revisions"}],"predecessor-version":[{"id":41232,"href":"https:\/\/historiografija.hr\/index.php?rest_route=\/wp\/v2\/posts\/41231\/revisions\/41232"}],"wp:featuredmedia":[{"embeddable":true,"href":"https:\/\/historiografija.hr\/index.php?rest_route=\/wp\/v2\/media\/10369"}],"wp:attachment":[{"href":"https:\/\/historiografija.hr\/index.php?rest_route=%2Fwp%2Fv2%2Fmedia&parent=41231"}],"wp:term":[{"taxonomy":"category","embeddable":true,"href":"https:\/\/historiografija.hr\/index.php?rest_route=%2Fwp%2Fv2%2Fcategories&post=41231"},{"taxonomy":"post_tag","embeddable":true,"href":"https:\/\/historiografija.hr\/index.php?rest_route=%2Fwp%2Fv2%2Ftags&post=41231"}],"curies":[{"name":"wp","href":"https:\/\/api.w.org\/{rel}","templated":true}]}}