{"id":41227,"date":"2024-06-17T21:22:40","date_gmt":"2024-06-17T21:22:40","guid":{"rendered":"http:\/\/historiografija.hr\/?p=41227"},"modified":"2024-06-25T12:01:50","modified_gmt":"2024-06-25T12:01:50","slug":"polemika-o-mariji-juric-zagorki","status":"publish","type":"post","link":"https:\/\/historiografija.hr\/?p=41227","title":{"rendered":"Polemika u &#8220;Vijencu&#8221; o Mariji Juri\u0107 Zagorki (2)"},"content":{"rendered":"\n<p>Na polemi\u010dki prilog Tomislava Karduma \u201eFeministi\u010dka heroina u obrani ognji\u0161ta\u201c, objavljen u \u010dasopisu &#8220;Vijenac&#8221;, reagirale su u istom \u010dasopisu Martina Pi\u0161kor i Neda Novosel prilogom \u201eUistinu feministi\u010dka heroina u obrani ognji\u0161ta\u201c.<\/p>\n\n\n\n<hr class=\"wp-block-separator\"\/>\n\n\n\n<p>Reagiranje<\/p>\n\n\n\n<p>Odgovor na tekst TOMISLAVA KARDUMA Feministi\u010dka heroina u obrani ognji\u0161ta OBJAVLJEN U VIJENCU BR. 781 OD 15. VELJA\u010cE<\/p>\n\n\n\n<p><strong>Uistinu feministi\u010dka heroina u obrani ognji\u0161ta<\/strong><\/p>\n\n\n\n<p>Pi\u0161u Martina Pi\u0161kor i Neda Novosel<\/p>\n\n\n\n<p><em>Valja re\u0107i Tomislavu Kardumu da Zagorka jest oboje \u2013 i feministkinja (i aktivistkinja) i velika Hrvatica<\/em><\/p>\n\n\n\n<p><a href=\"https:\/\/www.matica.hr\/vijenac\/787\/uistinu-feministicka-heroina-u-obrani-ognjista-36300\/\">https:\/\/www.matica.hr\/vijenac\/787\/uistinu-feministicka-heroina-u-obrani-ognjista-36300\/<\/a><\/p>\n\n\n\n<hr class=\"wp-block-separator\"\/>\n\n\n\n<p>Zagorka i njezini \u010dasopisi<\/p>\n\n\n\n<p><strong>Feministi\u010dka heroina u obrani ognji\u0161ta<\/strong><\/p>\n\n\n\n<p>Pi\u0161e Tomislav Kardum<\/p>\n\n\n\n<p><em>\u201eDuh obitelji ne mo\u017ee biti internacionalan, a niti je du\u0161a \u017eene kao takva internacionalna, jer su svi osje\u0107aji \u017eene povezani s prilikama u kojima \u017eivi njezin narod\u201c, pisala je Zagorka, stavljaju\u0107i u fokus nacionalno umjesto feministi\u010dkog<\/em><\/p>\n\n\n\n<p><a href=\"https:\/\/www.matica.hr\/vijenac\/781\/feministicka-heroina-u-obrani-ognjista-35883\/\">https:\/\/www.matica.hr\/vijenac\/781\/feministicka-heroina-u-obrani-ognjista-35883\/<\/a><\/p>\n\n\n\n<hr class=\"wp-block-separator\"\/>\n\n\n\n<figure class=\"wp-block-embed-wordpress wp-block-embed is-type-wp-embed is-provider-historiografija-hr\"><div class=\"wp-block-embed__wrapper\">\n<blockquote class=\"wp-embedded-content\" data-secret=\"dY9YI7bjAQ\"><a href=\"https:\/\/historiografija.hr\/?p=39796\">Polemi\u010dki prilog Tomislava Karduma o Mariji Juri\u0107 Zagorki: \u201eFeministi\u010dka heroina u obrani ognji\u0161ta\u201c<\/a><\/blockquote><iframe loading=\"lazy\" class=\"wp-embedded-content\" sandbox=\"allow-scripts\" security=\"restricted\" style=\"position: absolute; clip: rect(1px, 1px, 1px, 1px);\" title=\"&#8220;Polemi\u010dki prilog Tomislava Karduma o Mariji Juri\u0107 Zagorki: \u201eFeministi\u010dka heroina u obrani ognji\u0161ta\u201c&#8221; &#8212; Historiografija.hr\" src=\"https:\/\/historiografija.hr\/?p=39796&#038;embed=true#?secret=dY9YI7bjAQ\" data-secret=\"dY9YI7bjAQ\" width=\"600\" height=\"338\" frameborder=\"0\" marginwidth=\"0\" marginheight=\"0\" scrolling=\"no\"><\/iframe>\n<\/div><\/figure>\n\n\n\n<hr class=\"wp-block-separator\"\/>\n","protected":false},"excerpt":{"rendered":"","protected":false},"author":2,"featured_media":41228,"comment_status":"open","ping_status":"open","sticky":false,"template":"","format":"standard","meta":{"_acf_changed":false,"jetpack_post_was_ever_published":false,"_jetpack_newsletter_access":"","_jetpack_dont_email_post_to_subs":false,"_jetpack_newsletter_tier_id":0,"_jetpack_memberships_contains_paywalled_content":false,"_jetpack_memberships_contains_paid_content":false,"footnotes":"","jetpack_publicize_message":"","jetpack_publicize_feature_enabled":true,"jetpack_social_post_already_shared":true,"jetpack_social_options":{"image_generator_settings":{"template":"highway","default_image_id":0,"font":"","enabled":false},"version":2}},"categories":[3,17],"tags":[],"class_list":["post-41227","post","type-post","status-publish","format-standard","has-post-thumbnail","hentry","category-novosti","category-rasprave"],"acf":{"facebook_opis":""},"jetpack_publicize_connections":[],"jetpack_featured_media_url":"https:\/\/i0.wp.com\/historiografija.hr\/wp-content\/uploads\/2024\/06\/34_vijenac_781_zagorka.jpg?fit=1200%2C1757&ssl=1","jetpack_sharing_enabled":true,"jetpack-related-posts":[],"_links":{"self":[{"href":"https:\/\/historiografija.hr\/index.php?rest_route=\/wp\/v2\/posts\/41227","targetHints":{"allow":["GET"]}}],"collection":[{"href":"https:\/\/historiografija.hr\/index.php?rest_route=\/wp\/v2\/posts"}],"about":[{"href":"https:\/\/historiografija.hr\/index.php?rest_route=\/wp\/v2\/types\/post"}],"author":[{"embeddable":true,"href":"https:\/\/historiografija.hr\/index.php?rest_route=\/wp\/v2\/users\/2"}],"replies":[{"embeddable":true,"href":"https:\/\/historiografija.hr\/index.php?rest_route=%2Fwp%2Fv2%2Fcomments&post=41227"}],"version-history":[{"count":3,"href":"https:\/\/historiografija.hr\/index.php?rest_route=\/wp\/v2\/posts\/41227\/revisions"}],"predecessor-version":[{"id":41309,"href":"https:\/\/historiografija.hr\/index.php?rest_route=\/wp\/v2\/posts\/41227\/revisions\/41309"}],"wp:featuredmedia":[{"embeddable":true,"href":"https:\/\/historiografija.hr\/index.php?rest_route=\/wp\/v2\/media\/41228"}],"wp:attachment":[{"href":"https:\/\/historiografija.hr\/index.php?rest_route=%2Fwp%2Fv2%2Fmedia&parent=41227"}],"wp:term":[{"taxonomy":"category","embeddable":true,"href":"https:\/\/historiografija.hr\/index.php?rest_route=%2Fwp%2Fv2%2Fcategories&post=41227"},{"taxonomy":"post_tag","embeddable":true,"href":"https:\/\/historiografija.hr\/index.php?rest_route=%2Fwp%2Fv2%2Ftags&post=41227"}],"curies":[{"name":"wp","href":"https:\/\/api.w.org\/{rel}","templated":true}]}}