{"id":41221,"date":"2024-06-13T21:17:29","date_gmt":"2024-06-13T21:17:29","guid":{"rendered":"http:\/\/historiografija.hr\/?p=41221"},"modified":"2024-06-13T21:17:29","modified_gmt":"2024-06-13T21:17:29","slug":"alice-zeniter-umijece-gubljenja","status":"publish","type":"post","link":"https:\/\/historiografija.hr\/?p=41221","title":{"rendered":"Alice Zeniter, &#8220;Umije\u0107e gubljenja&#8221;"},"content":{"rendered":"\n<p><strong>Izvanredno postignu\u0107e.<\/strong><\/p>\n\n\n\n<p><em>\u2013 Liesl Schillinger, The Wall Street Journal<\/em><\/p>\n\n\n\n<p>Ali, Hamid i Na\u00efma tri su generacije jedne al\u017eirske obitelji koja je po zavr\u0161etku rata 1962. morala pobje\u0107i u Francusku. Ali \u017eivi vje\u010dnu sada\u0161njost, koja drugima izgleda kao pro\u0161lost, Hamid \u017eivi vje\u010dnu budu\u0107nost, odrekav\u0161i se i pro\u0161losti i sada\u0161njosti, a Na\u00efmu polako preuzima pro\u0161lost u kojoj kao sitom poku\u0161ava izbistriti svoj mnogoobli\u010dni prelamaju\u0107i identitet.<\/p>\n\n\n\n<p><em><strong>Umije\u0107e gubljenja<\/strong><\/em><strong> Alice Zeniter<\/strong> vi\u0161estruko je nagra\u0111ivani roman o bremenitoj povijesti Al\u017eira, Al\u017eirskom ratu, zlo\u010dinima, imigraciji u Francusku, sabirnim logorima koji su \u010dekali izbjegle, imperijalizmu, rasizmu, siroma\u0161tvu, gubitku statusa, jezika, kulture i identiteta i o velikim pukotinama koje je al\u017eirska kolonijalna i ratna pri\u010da ostavila kako u tamo\u0161njemu tako i u francuskom dru\u0161tvu, a naro\u010dito u obiteljima i pojedincima.<\/p>\n\n\n\n<p>Za ovu <em>familienfugu<\/em> Zeniter je, me\u0111u ostalim, u\u0161la u u\u017ei izbor nagrade <strong>Goncourt<\/strong> te osvojila nagradu francuskih srednjo\u0161kolaca <strong>Goncourt des Lyc\u00e9ens<\/strong> 2017.<\/p>\n\n\n\n<p><strong>Iz kritika:<\/strong><\/p>\n\n\n\n<p>Napeto istra\u017eivanje neispri\u010danih pri\u010da Al\u017eirskog rata.<\/p>\n\n\n\n<p><strong>\u2013 Jean Birnbaum, Le Monde<\/strong><\/p>\n\n\n\n<p>Nemogu\u0107e je izbje\u0107i udarac direktno u srce.<\/p>\n\n\n\n<p><strong>\u2013 Laurence Caracalla, Le Figaro<\/strong><\/p>\n\n\n\n<p>Mo\u0107na obiteljska saga&#8230; [Alice Zeniter] pokazuje kako se povijest prenosi s generacije na generaciju u pri\u010dama izbrazdanima onime \u0161to je ostalo neizre\u010deno.<\/p>\n\n\n\n<p><strong>\u2013 Elisabeth Philippe, L\u2019Obs<\/strong><\/p>\n\n\n\n<p>Duboko ljudska pri\u010da o avetima identiteta i dekolonizacije.<\/p>\n\n\n\n<p><strong>\u2013 Vanity Fair (Francuska)<\/strong><\/p>\n\n\n\n<p>Pri\u010da Alice Zeniter\u2026 prepuna je \u010dinjenica i osje\u0107aja o nerijetko slo\u017eenom odnosu Al\u017eira prema Francuskoj i Francuske prema Al\u017eiru\u2026 roman predstavlja ubrzani te\u010daj o jednom suvremenom problemu s povijesnim korijenima. Zeniterina obiteljska saga postavlja pitanje \u2018Odakle si?\u2019, kao i jedno mnogo te\u017ee: \u2018\u0160to ako ne zna\u0161?\u2019\u201d<\/p>\n\n\n\n<p><strong>\u2013 Kirkus Reviews<\/strong><\/p>\n\n\n\n<p><strong>O autorici:<\/strong><\/p>\n\n\n\n<p><strong>Alice Zeniter (1986.)<\/strong> francuska je knji\u017eevnica, prevoditeljica, scenaristica, dramati\u010darka i redateljica. K\u0107i Al\u017eirca i Francuskinje. Poha\u0111ala je \u00c9cole normale sup\u00e9rieure u Parizu te doktorski studij na Sveu\u010dili\u0161tu Paris III. Magistrirala je teatrologiju. Objavila je \u0161est romana, za koje je dobila brojne nagrade, me\u0111u kojima su i <em>Prix litt\u00e9raire de la Porte Dor\u00e9e<\/em>, <em>Prix Renaudot des Lyc\u00e9ens<\/em>, <em>Prix litt\u00e9raire du Monde te Prix Goncourt des Lyc\u00e9ens<\/em>. \u017divi u Bretanji.<\/p>\n\n\n\n<p><strong>O prevoditeljici:<\/strong><\/p>\n\n\n\n<p><strong>Ita Kova\u010d<\/strong> zavr\u0161ila je studij francuskog i talijanskog jezika i knji\u017eevnosti na Filozofskom fakultetu Sveu\u010dili\u0161ta u Zagrebu. \u010clanica je Dru\u0161tva hrvatskih knji\u017eevnih prevodilaca i Hrvatske zajednice slobodnih umjetnika. Prevodi prozu i esejistiku, sura\u0111uje s nakladni\u010dkim ku\u0107ama, knji\u017eevnim i stru\u010dnim \u010dasopisima, Tre\u0107im programom Hrvatskog radija itd. Prevela je \u0161ezdesetak knjiga s francuskog i talijanskog jezika.<\/p>\n\n\n\n<p><strong>O urednici:<\/strong><\/p>\n\n\n\n<p><strong>Nada Brnardi\u0107<\/strong> diplomirala je na Filozofskom fakultetu u Zagrebu, urednica ju u Nakladi Ljevak u Zagrebu. Uredila je vi\u0161e od dvije stotine naslova objavljenih u bibliotekama Cicero, VSK, Graham Greene, Civilizacija i kultura te Bookmarker.<\/p>\n\n\n\n<p><strong>Iz knjige:<\/strong><\/p>\n\n\n\n<p>\u201eZemlja nikad nije samo jedno, zemlju \u010dine nje\u017ena sje\u0107anja iz djetinjstva jednako kao i gra\u0111anski rat, \u010dini je narod kao i plemena, priroda i gradovi, valovi imigracije i emigracije, \u010dini je njezina pro\u0161lost, njezina sada\u0161njost i njezina budu\u0107nost, ona je ono \u0161to se dogodilo i zbroj svojih mogu\u0107nosti.\u201c<\/p>\n\n\n\n<hr class=\"wp-block-separator\"\/>\n\n\n\n<p>Nakladnik: Naklada Ljevak<\/p>\n\n\n\n<p>Biblioteka: Biblioteka Cicero<\/p>\n\n\n\n<p>Jezik: hrvatski<\/p>\n\n\n\n<p>Broj stranica: 496<\/p>\n\n\n\n<p>Godina izdanja: 2023.<\/p>\n\n\n\n<p>Prevoditelj: Ita Kova\u010d<\/p>\n\n\n\n<hr class=\"wp-block-separator\"\/>\n\n\n\n<p>Izvor:<\/p>\n\n\n\n<p><a href=\"https:\/\/www.ljevak.hr\/alice-zeniter\/31406-umijece-gubljenja.html\">https:\/\/www.ljevak.hr\/alice-zeniter\/31406-umijece-gubljenja.html<\/a><\/p>\n\n\n\n<hr class=\"wp-block-separator\"\/>\n","protected":false},"excerpt":{"rendered":"","protected":false},"author":2,"featured_media":41222,"comment_status":"open","ping_status":"open","sticky":false,"template":"","format":"standard","meta":{"_acf_changed":false,"jetpack_post_was_ever_published":false,"_jetpack_newsletter_access":"","_jetpack_dont_email_post_to_subs":false,"_jetpack_newsletter_tier_id":0,"_jetpack_memberships_contains_paywalled_content":false,"_jetpack_memberships_contains_paid_content":false,"footnotes":"","jetpack_publicize_message":"","jetpack_publicize_feature_enabled":true,"jetpack_social_post_already_shared":true,"jetpack_social_options":{"image_generator_settings":{"template":"highway","default_image_id":0,"font":"","enabled":false},"version":2}},"categories":[3,12],"tags":[],"class_list":["post-41221","post","type-post","status-publish","format-standard","has-post-thumbnail","hentry","category-novosti","category-knjizevnost"],"acf":{"facebook_opis":""},"jetpack_publicize_connections":[],"jetpack_featured_media_url":"https:\/\/i0.wp.com\/historiografija.hr\/wp-content\/uploads\/2024\/06\/umijece-gubljenja.jpg?fit=570%2C678&ssl=1","jetpack_sharing_enabled":true,"jetpack-related-posts":[],"_links":{"self":[{"href":"https:\/\/historiografija.hr\/index.php?rest_route=\/wp\/v2\/posts\/41221","targetHints":{"allow":["GET"]}}],"collection":[{"href":"https:\/\/historiografija.hr\/index.php?rest_route=\/wp\/v2\/posts"}],"about":[{"href":"https:\/\/historiografija.hr\/index.php?rest_route=\/wp\/v2\/types\/post"}],"author":[{"embeddable":true,"href":"https:\/\/historiografija.hr\/index.php?rest_route=\/wp\/v2\/users\/2"}],"replies":[{"embeddable":true,"href":"https:\/\/historiografija.hr\/index.php?rest_route=%2Fwp%2Fv2%2Fcomments&post=41221"}],"version-history":[{"count":1,"href":"https:\/\/historiografija.hr\/index.php?rest_route=\/wp\/v2\/posts\/41221\/revisions"}],"predecessor-version":[{"id":41223,"href":"https:\/\/historiografija.hr\/index.php?rest_route=\/wp\/v2\/posts\/41221\/revisions\/41223"}],"wp:featuredmedia":[{"embeddable":true,"href":"https:\/\/historiografija.hr\/index.php?rest_route=\/wp\/v2\/media\/41222"}],"wp:attachment":[{"href":"https:\/\/historiografija.hr\/index.php?rest_route=%2Fwp%2Fv2%2Fmedia&parent=41221"}],"wp:term":[{"taxonomy":"category","embeddable":true,"href":"https:\/\/historiografija.hr\/index.php?rest_route=%2Fwp%2Fv2%2Fcategories&post=41221"},{"taxonomy":"post_tag","embeddable":true,"href":"https:\/\/historiografija.hr\/index.php?rest_route=%2Fwp%2Fv2%2Ftags&post=41221"}],"curies":[{"name":"wp","href":"https:\/\/api.w.org\/{rel}","templated":true}]}}