{"id":41187,"date":"2024-06-11T21:06:05","date_gmt":"2024-06-11T21:06:05","guid":{"rendered":"http:\/\/historiografija.hr\/?p=41187"},"modified":"2024-06-11T21:06:05","modified_gmt":"2024-06-11T21:06:05","slug":"oliver-jens-schmitt-korcula-pod-venecijom-u-xv-stoljecu","status":"publish","type":"post","link":"https:\/\/historiografija.hr\/?p=41187","title":{"rendered":"Oliver Jens Schmitt, \u201eKor\u010dula pod Venecijom u XV. stolje\u0107u\u201c"},"content":{"rendered":"\n<p>U knjizi se prou\u010davaju dru\u0161tvene strukture i stale\u0161ki odnosi u kor\u010dulanskoj komuni 15. stolje\u0107a, odnos centralne vlade prema lokalnom stanovni\u0161tvu, analiziraju se posjedovni odnosi u Komuni, poljoprivredna eksploatacija zemlje i zakonodavni okvir u agrarnoj proizvodnji, a naposljetku sagledavaju se i oto\u010dke trgova\u010dke rute te polo\u017eaj Kor\u010dule u pomorskom i trgova\u010dkom sustavu Mleta\u010dke Republike. Obra\u0111uje se geografsko-politi\u010dki polo\u017eaj Kor\u010dule u 15. stolje\u0107u, ustroj mleta\u010dke vlasti (uprava i na\u010din njezina funkcioniranja), problem sukoba izme\u0111u plemi\u0107a i pu\u010dana, gospodarske prilike (posebice s obzirom na poljodjelstvo, sto\u010darstvo, proizvodnju smole, kao i trgovinu i usmjerenost Kor\u010dule na druge jadranske i sredozemne gradove). Tekst se temelji na podacima sa\u010duvanima u dokumentima Kor\u010dulanskog arhiva iz Dr\u017eavnog arhiva Zadar. Radi se, uglavnom, o privatno-pravnoj notarskoj gra\u0111i koja bilje\u017ei privatnu i poslovnu djelatnost pripadnika kor\u010dulanske komune u 15. st. Uz to, autor se koristi i sa\u010duvanom javno-pravnom gra\u0111om, prije svega normativnim izvorima (komunalnim statutom) te sa\u010duvanim zapisima sa sjednica lokalnih upravnih tijela. Ta kombinacija izvora razli\u010dite provenijencije te uporaba kvantitativno-kvalitativne metode u obradi i interpretaciji sa\u010duvanih vrela prepoznati su u suvremenoj historiografiji kao idealni metodolo\u0161ki okvir u istra\u017eivanjima ovakve vrsti.<\/p>\n\n\n\n<p><br>Ova knjiga je od neizmjerne va\u017enosti za doma\u0107u historiografiju koja ve\u0107 godinama \u010deka detaljnu analizu i sveobuhvatnu interpretaciju sa\u010duvanih izvora srednjovjekovnog kor\u010dulanskog arhiva. Opremljena je brojnim ilustracijama te kazalima.<\/p>\n\n\n\n<hr class=\"wp-block-separator\"\/>\n\n\n\n<p>Izvor:<\/p>\n\n\n\n<figure class=\"wp-block-embed-wordpress wp-block-embed is-type-wp-embed is-provider-knjizevni-krug-split\"><div class=\"wp-block-embed__wrapper\">\n<blockquote class=\"wp-embedded-content\" data-secret=\"wOrcfHyV0b\"><a href=\"https:\/\/www.knjizevni-krug.hr\/knjige\/korcula-pod-venecijom-u-xv-stoljecu\/\">KOR\u010cULA POD VENECIJOM U XV. STOLJE\u0106U<\/a><\/blockquote><iframe loading=\"lazy\" class=\"wp-embedded-content\" sandbox=\"allow-scripts\" security=\"restricted\" style=\"position: absolute; clip: rect(1px, 1px, 1px, 1px);\" title=\"&#8220;KOR\u010cULA POD VENECIJOM U XV. STOLJE\u0106U&#8221; &#8212; Knji\u017eevni krug Split\" src=\"https:\/\/www.knjizevni-krug.hr\/knjige\/korcula-pod-venecijom-u-xv-stoljecu\/embed\/#?secret=wOrcfHyV0b\" data-secret=\"wOrcfHyV0b\" width=\"600\" height=\"338\" frameborder=\"0\" marginwidth=\"0\" marginheight=\"0\" scrolling=\"no\"><\/iframe>\n<\/div><\/figure>\n\n\n\n<hr class=\"wp-block-separator\"\/>\n","protected":false},"excerpt":{"rendered":"","protected":false},"author":2,"featured_media":41188,"comment_status":"open","ping_status":"open","sticky":false,"template":"","format":"standard","meta":{"_acf_changed":false,"jetpack_post_was_ever_published":false,"_jetpack_newsletter_access":"","_jetpack_dont_email_post_to_subs":false,"_jetpack_newsletter_tier_id":0,"_jetpack_memberships_contains_paywalled_content":false,"_jetpack_memberships_contains_paid_content":false,"footnotes":"","jetpack_publicize_message":"","jetpack_publicize_feature_enabled":true,"jetpack_social_post_already_shared":true,"jetpack_social_options":{"image_generator_settings":{"template":"highway","default_image_id":0,"font":"","enabled":false},"version":2}},"categories":[8,3],"tags":[],"class_list":["post-41187","post","type-post","status-publish","format-standard","has-post-thumbnail","hentry","category-knjige","category-novosti"],"acf":{"facebook_opis":""},"jetpack_publicize_connections":[],"jetpack_featured_media_url":"https:\/\/i0.wp.com\/historiografija.hr\/wp-content\/uploads\/2024\/06\/Oliver-Jens-Schmitt.jpg?fit=300%2C419&ssl=1","jetpack_sharing_enabled":true,"jetpack-related-posts":[],"_links":{"self":[{"href":"https:\/\/historiografija.hr\/index.php?rest_route=\/wp\/v2\/posts\/41187","targetHints":{"allow":["GET"]}}],"collection":[{"href":"https:\/\/historiografija.hr\/index.php?rest_route=\/wp\/v2\/posts"}],"about":[{"href":"https:\/\/historiografija.hr\/index.php?rest_route=\/wp\/v2\/types\/post"}],"author":[{"embeddable":true,"href":"https:\/\/historiografija.hr\/index.php?rest_route=\/wp\/v2\/users\/2"}],"replies":[{"embeddable":true,"href":"https:\/\/historiografija.hr\/index.php?rest_route=%2Fwp%2Fv2%2Fcomments&post=41187"}],"version-history":[{"count":1,"href":"https:\/\/historiografija.hr\/index.php?rest_route=\/wp\/v2\/posts\/41187\/revisions"}],"predecessor-version":[{"id":41189,"href":"https:\/\/historiografija.hr\/index.php?rest_route=\/wp\/v2\/posts\/41187\/revisions\/41189"}],"wp:featuredmedia":[{"embeddable":true,"href":"https:\/\/historiografija.hr\/index.php?rest_route=\/wp\/v2\/media\/41188"}],"wp:attachment":[{"href":"https:\/\/historiografija.hr\/index.php?rest_route=%2Fwp%2Fv2%2Fmedia&parent=41187"}],"wp:term":[{"taxonomy":"category","embeddable":true,"href":"https:\/\/historiografija.hr\/index.php?rest_route=%2Fwp%2Fv2%2Fcategories&post=41187"},{"taxonomy":"post_tag","embeddable":true,"href":"https:\/\/historiografija.hr\/index.php?rest_route=%2Fwp%2Fv2%2Ftags&post=41187"}],"curies":[{"name":"wp","href":"https:\/\/api.w.org\/{rel}","templated":true}]}}