{"id":41180,"date":"2024-06-10T21:34:11","date_gmt":"2024-06-10T21:34:11","guid":{"rendered":"http:\/\/historiografija.hr\/?p=41180"},"modified":"2024-06-10T21:37:08","modified_gmt":"2024-06-10T21:37:08","slug":"predstavljanje-knjige-ozrena-bitija-biti-poznat-celebrity-kultura-na-hrvatski-nacin","status":"publish","type":"post","link":"https:\/\/historiografija.hr\/?p=41180","title":{"rendered":"Predstavljanje knjige Ozrena Bitija \u201eBiti poznat: Celebrity kultura na hrvatski na\u010din\u201c"},"content":{"rendered":"\n<p>Iako naizgled udaljena od povijesne tematike, knjiga Ozrena Bitija mo\u017ee se povezati s problematiziranjem znanstvenika \u2013 pa onda i povjesni\u010dara \u2013 kao celebrityja. O tome je pisano 2017. u tekstu <a href=\"https:\/\/historiografija.hr\/?p=5696\">Jesu li povjesni\u010dari u Hrvatskoj celebrity?<\/a> Tada\u0161nji negativni odgovor mogu\u0107e je dovesti u pitanje nedavnim Glorijinim <a href=\"https:\/\/www.gloria.hr\/gl\/scena\/price\/vojnicki-rezim-zivota-povjesnicara-tvrtka-jakovine-15342619\">prilogom<\/a> o privatnom \u017eivotu jednog povjesni\u010dara. No u ovom je trenutku ipak prije rije\u010d o iznimci nego o trendu. Stoga je i ovdje primjenjiv Bitijev odgovor u <a href=\"https:\/\/kritika-hdp.hr\/ozren-biti-celebrityji-simptom-posvemasnje-intimizacije-javnog-zivota\/\">intervjuu<\/a>: \u201eAkademska zajednica generira javne intelektualce pa je samim time logi\u010dno da neki od njih kroz intenzivnu medijsku prisutnost dospijevaju i do statusa celebrityja. U Hrvatskoj to jo\u0161 nisu takvi razmjeri, ali vani svakako.\u201c<\/p>\n\n\n\n<hr class=\"wp-block-separator\"\/>\n\n\n\n<p>U utorak, 11.06.2024. u 19.30 sati u Knji\u017enici i \u010ditaonici Bogdana Ogrizovi\u0107a u Zagrebu odr\u017eat \u0107e se predstavljanje knjige Ozrena Bitija, \u201eBiti poznat: Celebrity kultura na hrvatski na\u010din\u201c. Knjigu \u0107e, uz autora, predstaviti Mirela Holy, Kristina Vugdelija i Hajrudin Hromad\u017ei\u0107.<\/p>\n\n\n\n<p>Izvor:<\/p>\n\n\n\n<p><a href=\"https:\/\/www.kgz.hr\/hr\/knjiznice\/knjiznica-i-citaonica-bogdana-ogrizovica\/72\">https:\/\/www.kgz.hr\/hr\/knjiznice\/knjiznica-i-citaonica-bogdana-ogrizovica\/72<\/a><\/p>\n\n\n\n<hr class=\"wp-block-separator\"\/>\n\n\n\n<p>O knjizi:<\/p>\n\n\n\n<figure class=\"wp-block-embed-wordpress wp-block-embed is-type-wp-embed is-provider-disput\"><div class=\"wp-block-embed__wrapper\">\n<blockquote class=\"wp-embedded-content\" data-secret=\"W0jEDuclly\"><a href=\"https:\/\/disput.hr\/shop\/biti-poznat-celebrity-kultura-na-hrvatski-nacin\/\">BITI POZNAT: CELEBRITY KULTURA NA HRVATSKI NA\u010cIN<\/a><\/blockquote><iframe loading=\"lazy\" class=\"wp-embedded-content\" sandbox=\"allow-scripts\" security=\"restricted\" style=\"position: absolute; clip: rect(1px, 1px, 1px, 1px);\" title=\"&#8220;BITI POZNAT: CELEBRITY KULTURA NA HRVATSKI NA\u010cIN&#8221; &#8212; Disput\" src=\"https:\/\/disput.hr\/shop\/biti-poznat-celebrity-kultura-na-hrvatski-nacin\/embed\/#?secret=vIydyXkYrV#?secret=W0jEDuclly\" data-secret=\"W0jEDuclly\" width=\"600\" height=\"338\" frameborder=\"0\" marginwidth=\"0\" marginheight=\"0\" scrolling=\"no\"><\/iframe>\n<\/div><\/figure>\n\n\n\n<hr class=\"wp-block-separator\"\/>\n\n\n\n<p>Op\u0161irnije:<\/p>\n\n\n\n<figure class=\"wp-block-embed-wordpress wp-block-embed is-type-wp-embed is-provider-kritika-hdp\"><div class=\"wp-block-embed__wrapper\">\n<blockquote class=\"wp-embedded-content\" data-secret=\"Kyqe99wip2\"><a href=\"https:\/\/kritika-hdp.hr\/ozren-biti-celebrityji-simptom-posvemasnje-intimizacije-javnog-zivota\/\">OZREN BITI: Celebrityji &#8211; simptom posvema\u0161nje intimizacije javnog \u017eivota<\/a><\/blockquote><iframe loading=\"lazy\" class=\"wp-embedded-content\" sandbox=\"allow-scripts\" security=\"restricted\" style=\"position: absolute; clip: rect(1px, 1px, 1px, 1px);\" title=\"&#8220;OZREN BITI: Celebrityji &#8211; simptom posvema\u0161nje intimizacije javnog \u017eivota&#8221; &#8212; Kritika HDP\" src=\"https:\/\/kritika-hdp.hr\/ozren-biti-celebrityji-simptom-posvemasnje-intimizacije-javnog-zivota\/embed\/#?secret=otb7BYrctc#?secret=Kyqe99wip2\" data-secret=\"Kyqe99wip2\" width=\"600\" height=\"338\" frameborder=\"0\" marginwidth=\"0\" marginheight=\"0\" scrolling=\"no\"><\/iframe>\n<\/div><\/figure>\n\n\n\n<p><a href=\"https:\/\/www.jutarnji.hr\/kultura\/knjizevnost\/neki-vrijedaju-ellu-dvornik-ali-to-je-posao-buducnosti-a-vrlo-je-zanimljivo-i-sto-radi-zlatko-dalic-15446869\">https:\/\/www.jutarnji.hr\/kultura\/knjizevnost\/neki-vrijedaju-ellu-dvornik-ali-to-je-posao-buducnosti-a-vrlo-je-zanimljivo-i-sto-radi-zlatko-dalic-15446869<\/a><\/p>\n\n\n\n<hr class=\"wp-block-separator\"\/>\n","protected":false},"excerpt":{"rendered":"","protected":false},"author":2,"featured_media":41181,"comment_status":"open","ping_status":"open","sticky":false,"template":"","format":"standard","meta":{"_acf_changed":false,"jetpack_post_was_ever_published":false,"_jetpack_newsletter_access":"","_jetpack_dont_email_post_to_subs":false,"_jetpack_newsletter_tier_id":0,"_jetpack_memberships_contains_paywalled_content":false,"_jetpack_memberships_contains_paid_content":false,"footnotes":"","jetpack_publicize_message":"","jetpack_publicize_feature_enabled":true,"jetpack_social_post_already_shared":true,"jetpack_social_options":{"image_generator_settings":{"template":"highway","default_image_id":0,"font":"","enabled":false},"version":2}},"categories":[3],"tags":[],"class_list":["post-41180","post","type-post","status-publish","format-standard","has-post-thumbnail","hentry","category-novosti"],"acf":{"facebook_opis":""},"jetpack_publicize_connections":[],"jetpack_featured_media_url":"https:\/\/i0.wp.com\/historiografija.hr\/wp-content\/uploads\/2024\/06\/Biti-predstavljanje.jpg?fit=559%2C397&ssl=1","jetpack_sharing_enabled":true,"jetpack-related-posts":[],"_links":{"self":[{"href":"https:\/\/historiografija.hr\/index.php?rest_route=\/wp\/v2\/posts\/41180","targetHints":{"allow":["GET"]}}],"collection":[{"href":"https:\/\/historiografija.hr\/index.php?rest_route=\/wp\/v2\/posts"}],"about":[{"href":"https:\/\/historiografija.hr\/index.php?rest_route=\/wp\/v2\/types\/post"}],"author":[{"embeddable":true,"href":"https:\/\/historiografija.hr\/index.php?rest_route=\/wp\/v2\/users\/2"}],"replies":[{"embeddable":true,"href":"https:\/\/historiografija.hr\/index.php?rest_route=%2Fwp%2Fv2%2Fcomments&post=41180"}],"version-history":[{"count":2,"href":"https:\/\/historiografija.hr\/index.php?rest_route=\/wp\/v2\/posts\/41180\/revisions"}],"predecessor-version":[{"id":41183,"href":"https:\/\/historiografija.hr\/index.php?rest_route=\/wp\/v2\/posts\/41180\/revisions\/41183"}],"wp:featuredmedia":[{"embeddable":true,"href":"https:\/\/historiografija.hr\/index.php?rest_route=\/wp\/v2\/media\/41181"}],"wp:attachment":[{"href":"https:\/\/historiografija.hr\/index.php?rest_route=%2Fwp%2Fv2%2Fmedia&parent=41180"}],"wp:term":[{"taxonomy":"category","embeddable":true,"href":"https:\/\/historiografija.hr\/index.php?rest_route=%2Fwp%2Fv2%2Fcategories&post=41180"},{"taxonomy":"post_tag","embeddable":true,"href":"https:\/\/historiografija.hr\/index.php?rest_route=%2Fwp%2Fv2%2Ftags&post=41180"}],"curies":[{"name":"wp","href":"https:\/\/api.w.org\/{rel}","templated":true}]}}