{"id":41177,"date":"2024-06-10T21:13:48","date_gmt":"2024-06-10T21:13:48","guid":{"rendered":"http:\/\/historiografija.hr\/?p=41177"},"modified":"2024-06-10T21:13:48","modified_gmt":"2024-06-10T21:13:48","slug":"stejarel-olaru-nadia-comaneci-i-securitate-prica-o-sportu-tajnoj-sluzbi-i-bijegu-u-slobodu","status":"publish","type":"post","link":"https:\/\/historiografija.hr\/?p=41177","title":{"rendered":"Stej\u0103rel Olaru, &#8220;Nadia Com\u0103neci i Securitate: Pri\u010da o sportu, tajnoj slu\u017ebi i bijegu u slobodu&#8221;"},"content":{"rendered":"\n<p>Pri\u010da o najve\u0107oj rumunjskoj sporta\u0161ici svih vremena, njezinu sportskom krugu i odnosu sa zloglasnom rumunjskom tajnom slu\u017ebom Kada je Nadia Com\u0103neci u no\u0107i s 27. na 28. studenog 1989. u skupini od sedam prebjega pre\u0161la na ma\u0111arsku stranu granice, policija nije mogla ni sanjati da su ulovili \u201esporta\u0161icu 20. stolje\u0107a\u201d, prvu gimnasti\u010darku koja je zaradila savr\u0161enu desetku za svoju vje\u017ebu, i to ni manje ni vi\u0161e nego na Olimpijskim igrama 1976. sa svega 14 godina! No let Nadije Com\u0103neci do visina bio je sve samo ne zvjezdan.<\/p>\n\n\n\n<p>Od voluntarizma trenera koji su je zlostavljali i izgladnjivali, preko \u017eivota pod 24-satnim nadzorom, do financijskog potkradanja i zabrana putovanja u inozemstvo, autor nam, koriste\u0107i vi\u0161e od 25 000 arhivskih dokumenata i tajnih snimaka, donosi pri\u010du o pravoj cijeni uspjeha i \u017ertvi koju je netko u stanju podnijeti za savr\u0161enu izvedbu.<\/p>\n\n\n\n<hr class=\"wp-block-separator\"\/>\n\n\n\n<p><strong>Stej\u0103rel Olaru<\/strong> (ro\u0111en 1973.) rumunjski je povjesni\u010dar, pisac, istra\u017eiva\u010d i biv\u0161i predava\u010d na Rumunjskoj nacionalnoj obavje\u0161tajnoj akademiji. Bio je savjetnik za nacionalnu sigurnost rumunjskog premijera (2006. \u2013 2008.), dr\u017eavni tajnik u Ministarstvu vanjskih poslova (2013. \u2013 2014.) i glavni ravnatelj Instituta za istra\u017eivanje komunisti\u010dkih zlo\u010dina u Rumunjskoj (2005. \u2013 2010.). Dosad je sam ili u suautorstvu objavio vi\u0161e knjiga o modernoj rumunjskoj povijesti i povijesti rumunjskih tajnih slu\u017ebi.<\/p>\n\n\n\n<hr class=\"wp-block-separator\"\/>\n\n\n\n<p>Nakladnik: Naklada Ljevak<\/p>\n\n\n\n<p>Prijevod: Ana Brnardi\u0107, Adrian Oproiu<\/p>\n\n\n\n<p>05\/2024.<\/p>\n\n\n\n<p>344 str.<\/p>\n\n\n\n<hr class=\"wp-block-separator\"\/>\n\n\n\n<p>Izvori i op\u0161irnije:<\/p>\n\n\n\n<p><a href=\"https:\/\/www.ljevak.hr\/stejarel-olaru\/32856-nadia-comaneci-i-securitate.html\">https:\/\/www.ljevak.hr\/stejarel-olaru\/32856-nadia-comaneci-i-securitate.html<\/a><\/p>\n\n\n\n<p><a href=\"https:\/\/mvinfo.hr\/knjiga\/16729\/nadia-com-neci-i-securitate-prica-o-sportu-tajnoj-sluzbi-i-bijegu-u-slobodu\">https:\/\/mvinfo.hr\/knjiga\/16729\/nadia-com-neci-i-securitate-prica-o-sportu-tajnoj-sluzbi-i-bijegu-u-slobodu<\/a><\/p>\n\n\n\n<hr class=\"wp-block-separator\"\/>\n","protected":false},"excerpt":{"rendered":"","protected":false},"author":2,"featured_media":41178,"comment_status":"open","ping_status":"open","sticky":false,"template":"","format":"standard","meta":{"_acf_changed":false,"jetpack_post_was_ever_published":false,"_jetpack_newsletter_access":"","_jetpack_dont_email_post_to_subs":false,"_jetpack_newsletter_tier_id":0,"_jetpack_memberships_contains_paywalled_content":false,"_jetpack_memberships_contains_paid_content":false,"footnotes":"","jetpack_publicize_message":"","jetpack_publicize_feature_enabled":true,"jetpack_social_post_already_shared":true,"jetpack_social_options":{"image_generator_settings":{"template":"highway","default_image_id":0,"font":"","enabled":false},"version":2}},"categories":[8,3],"tags":[],"class_list":["post-41177","post","type-post","status-publish","format-standard","has-post-thumbnail","hentry","category-knjige","category-novosti"],"acf":{"facebook_opis":""},"jetpack_publicize_connections":[],"jetpack_featured_media_url":"https:\/\/i0.wp.com\/historiografija.hr\/wp-content\/uploads\/2024\/06\/nadia-comaneci-i-securitate.jpg?fit=570%2C678&ssl=1","jetpack_sharing_enabled":true,"jetpack-related-posts":[],"_links":{"self":[{"href":"https:\/\/historiografija.hr\/index.php?rest_route=\/wp\/v2\/posts\/41177","targetHints":{"allow":["GET"]}}],"collection":[{"href":"https:\/\/historiografija.hr\/index.php?rest_route=\/wp\/v2\/posts"}],"about":[{"href":"https:\/\/historiografija.hr\/index.php?rest_route=\/wp\/v2\/types\/post"}],"author":[{"embeddable":true,"href":"https:\/\/historiografija.hr\/index.php?rest_route=\/wp\/v2\/users\/2"}],"replies":[{"embeddable":true,"href":"https:\/\/historiografija.hr\/index.php?rest_route=%2Fwp%2Fv2%2Fcomments&post=41177"}],"version-history":[{"count":1,"href":"https:\/\/historiografija.hr\/index.php?rest_route=\/wp\/v2\/posts\/41177\/revisions"}],"predecessor-version":[{"id":41179,"href":"https:\/\/historiografija.hr\/index.php?rest_route=\/wp\/v2\/posts\/41177\/revisions\/41179"}],"wp:featuredmedia":[{"embeddable":true,"href":"https:\/\/historiografija.hr\/index.php?rest_route=\/wp\/v2\/media\/41178"}],"wp:attachment":[{"href":"https:\/\/historiografija.hr\/index.php?rest_route=%2Fwp%2Fv2%2Fmedia&parent=41177"}],"wp:term":[{"taxonomy":"category","embeddable":true,"href":"https:\/\/historiografija.hr\/index.php?rest_route=%2Fwp%2Fv2%2Fcategories&post=41177"},{"taxonomy":"post_tag","embeddable":true,"href":"https:\/\/historiografija.hr\/index.php?rest_route=%2Fwp%2Fv2%2Ftags&post=41177"}],"curies":[{"name":"wp","href":"https:\/\/api.w.org\/{rel}","templated":true}]}}