{"id":41156,"date":"2024-06-07T22:10:39","date_gmt":"2024-06-07T22:10:39","guid":{"rendered":"http:\/\/historiografija.hr\/?p=41156"},"modified":"2024-06-07T22:10:39","modified_gmt":"2024-06-07T22:10:39","slug":"izlozba-borovski-spomenar-u-fotografiji","status":"publish","type":"post","link":"https:\/\/historiografija.hr\/?p=41156","title":{"rendered":"Izlo\u017eba \u201eBorovski spomenar u fotografiji\u201c"},"content":{"rendered":"\n<p>Izlo\u017eba \u201eBorovski spomenar u fotografiji\u201c otvorena je u petak, 7. lipnja 2024. u Gradskom muzeju Vukovar.<\/p>\n\n\n\n<hr class=\"wp-block-separator\"\/>\n\n\n\n<p>Izlo\u017eba Borovski spomenar u fotografiji ima za cilj prikazati povijest i kulturu Borova naselja, kroz objektiv fotografija ve\u0107inom iz 70-ih i 80-ih godina pro\u0161log stolje\u0107a koje dokumentiraju \u017eivot, obi\u010daje i doga\u0111aje koji su obilje\u017eili ovo naselje, a tako\u0111er \u0107e uklju\u010diti svjedo\u010danstva i pri\u010de njegovih stanovnika. Kroz ovu izlo\u017ebu, posjetitelji \u0107e imati priliku o\u017eivjeti sje\u0107anja na pro\u0161lost Borova naselja, te se upoznati s njegovim kulturnim, dru\u0161tvenim i povijesnim zna\u010dajem. Vjerujemo da \u0107e izlo\u017eba Borovski spomenar u fotografiji imati zna\u010dajan kulturni i edukativni doprinos te \u0107e poslu\u017eiti kao vrijedan izvor informacija za sve posjetitelje, posebice za mla\u0111e generacije koje nisu imale priliku do\u017eivjeti povijesne trenutke Borova naselja.<\/p>\n\n\n\n<hr class=\"wp-block-separator\"\/>\n\n\n\n<p>Izvor:<\/p>\n\n\n\n<p><a href=\"https:\/\/www.muzej-vukovar.hr\/Aktualno\/Borovski%20spomenar%20u%20fotografiji%20_4432\">https:\/\/www.muzej-vukovar.hr\/Aktualno\/Borovski%20spomenar%20u%20fotografiji%20_4432<\/a><\/p>\n\n\n\n<hr class=\"wp-block-separator\"\/>\n","protected":false},"excerpt":{"rendered":"","protected":false},"author":2,"featured_media":41157,"comment_status":"open","ping_status":"open","sticky":false,"template":"","format":"standard","meta":{"_acf_changed":false,"jetpack_post_was_ever_published":false,"_jetpack_newsletter_access":"","_jetpack_dont_email_post_to_subs":false,"_jetpack_newsletter_tier_id":0,"_jetpack_memberships_contains_paywalled_content":false,"_jetpack_memberships_contains_paid_content":false,"footnotes":"","jetpack_publicize_message":"","jetpack_publicize_feature_enabled":true,"jetpack_social_post_already_shared":true,"jetpack_social_options":{"image_generator_settings":{"template":"highway","default_image_id":0,"font":"","enabled":false},"version":2}},"categories":[10,3],"tags":[],"class_list":["post-41156","post","type-post","status-publish","format-standard","has-post-thumbnail","hentry","category-izlozbe","category-novosti"],"acf":{"facebook_opis":""},"jetpack_publicize_connections":[],"jetpack_featured_media_url":"https:\/\/i0.wp.com\/historiografija.hr\/wp-content\/uploads\/2024\/06\/Borovski-spomenar.jpg?fit=811%2C484&ssl=1","jetpack_sharing_enabled":true,"jetpack-related-posts":[],"_links":{"self":[{"href":"https:\/\/historiografija.hr\/index.php?rest_route=\/wp\/v2\/posts\/41156","targetHints":{"allow":["GET"]}}],"collection":[{"href":"https:\/\/historiografija.hr\/index.php?rest_route=\/wp\/v2\/posts"}],"about":[{"href":"https:\/\/historiografija.hr\/index.php?rest_route=\/wp\/v2\/types\/post"}],"author":[{"embeddable":true,"href":"https:\/\/historiografija.hr\/index.php?rest_route=\/wp\/v2\/users\/2"}],"replies":[{"embeddable":true,"href":"https:\/\/historiografija.hr\/index.php?rest_route=%2Fwp%2Fv2%2Fcomments&post=41156"}],"version-history":[{"count":1,"href":"https:\/\/historiografija.hr\/index.php?rest_route=\/wp\/v2\/posts\/41156\/revisions"}],"predecessor-version":[{"id":41158,"href":"https:\/\/historiografija.hr\/index.php?rest_route=\/wp\/v2\/posts\/41156\/revisions\/41158"}],"wp:featuredmedia":[{"embeddable":true,"href":"https:\/\/historiografija.hr\/index.php?rest_route=\/wp\/v2\/media\/41157"}],"wp:attachment":[{"href":"https:\/\/historiografija.hr\/index.php?rest_route=%2Fwp%2Fv2%2Fmedia&parent=41156"}],"wp:term":[{"taxonomy":"category","embeddable":true,"href":"https:\/\/historiografija.hr\/index.php?rest_route=%2Fwp%2Fv2%2Fcategories&post=41156"},{"taxonomy":"post_tag","embeddable":true,"href":"https:\/\/historiografija.hr\/index.php?rest_route=%2Fwp%2Fv2%2Ftags&post=41156"}],"curies":[{"name":"wp","href":"https:\/\/api.w.org\/{rel}","templated":true}]}}