{"id":41154,"date":"2024-06-07T22:02:23","date_gmt":"2024-06-07T22:02:23","guid":{"rendered":"http:\/\/historiografija.hr\/?p=41154"},"modified":"2024-06-07T22:02:23","modified_gmt":"2024-06-07T22:02:23","slug":"predstavljanje-knjige-federica-tenca-montinija-trst-ne-damo-jugoslavija-i-trscansko-pitanje-1945-1954-u-puli","status":"publish","type":"post","link":"https:\/\/historiografija.hr\/?p=41154","title":{"rendered":"Predstavljanje knjige Federica Tenca Montinija \u201eTrst ne damo! Jugoslavija i Tr\u0161\u0107ansko pitanje 1945.-1954.\u201d u Puli"},"content":{"rendered":"\n<p>U utorak, 11. lipnja 2024., s po\u010detkom u 18 sati u dvorani Gradske knji\u017enice i \u010ditaonice Pula (Kandlerova 39) bit \u0107e predstavljena knjiga\u00a0 Federica Tenca Montinija \u201dTrst ne damo! Jugoslavija i Tr\u0161\u0107ansko pitanje 1945.-1954.\u201d. Uz autora knjigu \u0107e predstaviti dr. sc. Darko Dukovski. Organizatori su Istarsko povijesno dru\u0161tvo i Gradska knji\u017enica i \u010ditaonica Pula.<\/p>\n\n\n\n<p>O knjizi:<br>Sudbina Trsta i i Tr\u0161\u0107anska kriza koja je trajala od svibnja 1945. do sklapanja Londonskog memoranduma u listopadu 1954. bila je najosjetljivija mirnodopska dionica u odnosima izme\u0111u Italije i Jugoslavije. Knjiga Trst ne damo! Jugoslavija i Tr\u0161\u0107ansko pitanje 1945.-1954. podrobno obja\u0161njava \u0161to se u deset godina doga\u0111alo izme\u0111u dvije dr\u017eave i dvaju svjetskih politi\u010dkih blokova. Knjiga govori o sukobljavanju Zapada i Istoka, raspravama o pravu naroda na samoopredjeljenje, ali i razmi\u0161ljanjima o ratnom plijenu, kazni i nagradi, odnosu velikih i malih nacija, krivim odlukama u pro\u0161losti, odgovornosti za ratne zlo\u010dine, spremnosti za \u017eestok otpor, kao i o karizmati\u010dnim vo\u0111ama.<\/p>\n\n\n\n<p>O autoru:<br>Federico Tenca Montini je talijanski povjesni\u010dar, istra\u017eiva\u010d-znanstvenik na Odsjeku politi\u010dkih i dru\u0161tvenih znanosti Sveu\u010dili\u0161ta u Trstu te vanjski suradnik Odsjeka za povijest Filozofskog fakulteta Sveu\u010dili\u0161ta u Zagrebu.<\/p>\n\n\n\n<hr class=\"wp-block-separator\"\/>\n\n\n\n<p>Izvor:<\/p>\n\n\n\n<figure class=\"wp-block-embed-wordpress wp-block-embed is-type-wp-embed is-provider-istarsko-povijesno-drustvo-societa-storica-istriana\"><div class=\"wp-block-embed__wrapper\">\n<blockquote class=\"wp-embedded-content\" data-secret=\"2plAwmJeDo\"><a href=\"https:\/\/ipd-ssi.hr\/2024\/06\/07\/predstavljanje-knjige-federica-tenca-montinija-trst-ne-damo-jugoslavija-i-trscansko-pitanje-1945-1954-u-puli\/\">Predstavljanje knjige Federica Tenca Montinija \u201eTrst ne damo! Jugoslavija i Tr\u0161\u0107ansko pitanje 1945.-1954.&#8221; u Puli<\/a><\/blockquote><iframe loading=\"lazy\" class=\"wp-embedded-content\" sandbox=\"allow-scripts\" security=\"restricted\" style=\"position: absolute; clip: rect(1px, 1px, 1px, 1px);\" title=\"&#8220;Predstavljanje knjige Federica Tenca Montinija \u201eTrst ne damo! Jugoslavija i Tr\u0161\u0107ansko pitanje 1945.-1954.&#8221; u Puli&#8221; &#8212; Istarsko povijesno dru\u0161tvo - Societ\u00e0 Storica Istriana\" src=\"https:\/\/ipd-ssi.hr\/2024\/06\/07\/predstavljanje-knjige-federica-tenca-montinija-trst-ne-damo-jugoslavija-i-trscansko-pitanje-1945-1954-u-puli\/embed\/#?secret=ev69CPUPqS#?secret=2plAwmJeDo\" data-secret=\"2plAwmJeDo\" width=\"600\" height=\"338\" frameborder=\"0\" marginwidth=\"0\" marginheight=\"0\" scrolling=\"no\"><\/iframe>\n<\/div><\/figure>\n\n\n\n<hr class=\"wp-block-separator\"\/>\n","protected":false},"excerpt":{"rendered":"","protected":false},"author":2,"featured_media":25892,"comment_status":"open","ping_status":"open","sticky":false,"template":"","format":"standard","meta":{"_acf_changed":false,"jetpack_post_was_ever_published":false,"_jetpack_newsletter_access":"","_jetpack_dont_email_post_to_subs":false,"_jetpack_newsletter_tier_id":0,"_jetpack_memberships_contains_paywalled_content":false,"_jetpack_memberships_contains_paid_content":false,"footnotes":"","jetpack_publicize_message":"","jetpack_publicize_feature_enabled":true,"jetpack_social_post_already_shared":true,"jetpack_social_options":{"image_generator_settings":{"template":"highway","default_image_id":0,"font":"","enabled":false},"version":2}},"categories":[3],"tags":[],"class_list":["post-41154","post","type-post","status-publish","format-standard","has-post-thumbnail","hentry","category-novosti"],"acf":{"facebook_opis":""},"jetpack_publicize_connections":[],"jetpack_featured_media_url":"https:\/\/i0.wp.com\/historiografija.hr\/wp-content\/uploads\/2021\/04\/Trst-ne-damo-naslovnica-treci-print_page-0001.jpg?fit=2115%2C1424&ssl=1","jetpack_sharing_enabled":true,"jetpack-related-posts":[],"_links":{"self":[{"href":"https:\/\/historiografija.hr\/index.php?rest_route=\/wp\/v2\/posts\/41154","targetHints":{"allow":["GET"]}}],"collection":[{"href":"https:\/\/historiografija.hr\/index.php?rest_route=\/wp\/v2\/posts"}],"about":[{"href":"https:\/\/historiografija.hr\/index.php?rest_route=\/wp\/v2\/types\/post"}],"author":[{"embeddable":true,"href":"https:\/\/historiografija.hr\/index.php?rest_route=\/wp\/v2\/users\/2"}],"replies":[{"embeddable":true,"href":"https:\/\/historiografija.hr\/index.php?rest_route=%2Fwp%2Fv2%2Fcomments&post=41154"}],"version-history":[{"count":1,"href":"https:\/\/historiografija.hr\/index.php?rest_route=\/wp\/v2\/posts\/41154\/revisions"}],"predecessor-version":[{"id":41155,"href":"https:\/\/historiografija.hr\/index.php?rest_route=\/wp\/v2\/posts\/41154\/revisions\/41155"}],"wp:featuredmedia":[{"embeddable":true,"href":"https:\/\/historiografija.hr\/index.php?rest_route=\/wp\/v2\/media\/25892"}],"wp:attachment":[{"href":"https:\/\/historiografija.hr\/index.php?rest_route=%2Fwp%2Fv2%2Fmedia&parent=41154"}],"wp:term":[{"taxonomy":"category","embeddable":true,"href":"https:\/\/historiografija.hr\/index.php?rest_route=%2Fwp%2Fv2%2Fcategories&post=41154"},{"taxonomy":"post_tag","embeddable":true,"href":"https:\/\/historiografija.hr\/index.php?rest_route=%2Fwp%2Fv2%2Ftags&post=41154"}],"curies":[{"name":"wp","href":"https:\/\/api.w.org\/{rel}","templated":true}]}}