{"id":41147,"date":"2024-06-07T21:48:18","date_gmt":"2024-06-07T21:48:18","guid":{"rendered":"http:\/\/historiografija.hr\/?p=41147"},"modified":"2024-06-07T21:57:04","modified_gmt":"2024-06-07T21:57:04","slug":"izlozba-velike-price-1944-d-day-i-mi-u-splitu","status":"publish","type":"post","link":"https:\/\/historiografija.hr\/?p=41147","title":{"rendered":"Izlo\u017eba &#8220;VELIKE PRI\u010cE: 1944 D &#8211; DAY I MI&#8221; u Splitu"},"content":{"rendered":"\n<p>VeDRA &#8211; Udruga veterana Domovinskog rata i antifa\u0161ista u suradnji sa Muzejom grada Splita uz potporu Grada Splita organizira <strong>izlo\u017ebu povodom obilje\u017eavanja 80. obljetnice savezni\u010dkog iskrcavanja u Normandiji<\/strong>.<\/p>\n\n\n\n<p>Lokacija: Podrumi Dioklecijanove pala\u010de<\/p>\n\n\n\n<p>Vrijeme: 8. &#8211; 30. lipnja 2024., otvaranje izlo\u017ebe u 15.30 sati<\/p>\n\n\n\n<hr class=\"wp-block-separator\"\/>\n\n\n\n<p>Sredi\u0161nji doga\u0111aj obilje\u017eavanja bit \u0107e sve\u010dani skup u povijesnoj splitskoj Gradskoj vije\u0107nici\u00a0s kratkim izlaganjem prof. dr. sc. Tvrtka Jakovine &#8220;Trenutak povijesti: Zna\u010daj i va\u017enost iskrcavanja u Normandiji i zaposjedanja otoka Visa&#8221;.<\/p>\n\n\n\n<hr class=\"wp-block-separator\"\/>\n\n\n\n<p>Izvor i dodatne obavijesti:<\/p>\n\n\n\n<p><a href=\"https:\/\/visitsplit.com\/hr\/6816\/izlozba-velike-price-1944-d-day-i-mi\">https:\/\/visitsplit.com\/hr\/6816\/izlozba-velike-price-1944-d-day-i-mi<\/a><\/p>\n\n\n\n<p><a href=\"https:\/\/dalmatinskiportal.hr\/vijesti\/udruga-vedra-obiljezavanje-80--obljetnice-saveznickog-iskrcavanja-u-normandiji\/205382\">https:\/\/dalmatinskiportal.hr\/vijesti\/udruga-vedra-obiljezavanje-80&#8211;obljetnice-saveznickog-iskrcavanja-u-normandiji\/205382<\/a><\/p>\n\n\n\n<hr class=\"wp-block-separator\"\/>\n\n\n\n<p>Tvrtko Jakovina<\/p>\n\n\n\n<p><strong>Kako je to zapravo izgledalo prije 80 godina<\/strong><\/p>\n\n\n\n<p><a href=\"https:\/\/www.telegram.hr\/komentari\/kako-je-to-zapravo-izgledalo-prije-80-godina-uvjereni-da-ce-dan-d-krenuti-na-balkanu-nijemci-ganjali-tita-u-ndh-se-rugali-i-kad-ce-ta-invazija\/\">https:\/\/www.telegram.hr\/komentari\/kako-je-to-zapravo-izgledalo-prije-80-godina-uvjereni-da-ce-dan-d-krenuti-na-balkanu-nijemci-ganjali-tita-u-ndh-se-rugali-i-kad-ce-ta-invazija\/<\/a><\/p>\n\n\n\n<hr class=\"wp-block-separator\"\/>\n","protected":false},"excerpt":{"rendered":"","protected":false},"author":2,"featured_media":41148,"comment_status":"open","ping_status":"open","sticky":false,"template":"","format":"standard","meta":{"_acf_changed":false,"jetpack_post_was_ever_published":false,"_jetpack_newsletter_access":"","_jetpack_dont_email_post_to_subs":false,"_jetpack_newsletter_tier_id":0,"_jetpack_memberships_contains_paywalled_content":false,"_jetpack_memberships_contains_paid_content":false,"footnotes":"","jetpack_publicize_message":"","jetpack_publicize_feature_enabled":true,"jetpack_social_post_already_shared":true,"jetpack_social_options":{"image_generator_settings":{"template":"highway","default_image_id":0,"font":"","enabled":false},"version":2}},"categories":[10,3],"tags":[],"class_list":["post-41147","post","type-post","status-publish","format-standard","has-post-thumbnail","hentry","category-izlozbe","category-novosti"],"acf":{"facebook_opis":""},"jetpack_publicize_connections":[],"jetpack_featured_media_url":"https:\/\/i0.wp.com\/historiografija.hr\/wp-content\/uploads\/2024\/06\/Split_2024.jpg?fit=500%2C668&ssl=1","jetpack_sharing_enabled":true,"jetpack-related-posts":[],"_links":{"self":[{"href":"https:\/\/historiografija.hr\/index.php?rest_route=\/wp\/v2\/posts\/41147","targetHints":{"allow":["GET"]}}],"collection":[{"href":"https:\/\/historiografija.hr\/index.php?rest_route=\/wp\/v2\/posts"}],"about":[{"href":"https:\/\/historiografija.hr\/index.php?rest_route=\/wp\/v2\/types\/post"}],"author":[{"embeddable":true,"href":"https:\/\/historiografija.hr\/index.php?rest_route=\/wp\/v2\/users\/2"}],"replies":[{"embeddable":true,"href":"https:\/\/historiografija.hr\/index.php?rest_route=%2Fwp%2Fv2%2Fcomments&post=41147"}],"version-history":[{"count":5,"href":"https:\/\/historiografija.hr\/index.php?rest_route=\/wp\/v2\/posts\/41147\/revisions"}],"predecessor-version":[{"id":41153,"href":"https:\/\/historiografija.hr\/index.php?rest_route=\/wp\/v2\/posts\/41147\/revisions\/41153"}],"wp:featuredmedia":[{"embeddable":true,"href":"https:\/\/historiografija.hr\/index.php?rest_route=\/wp\/v2\/media\/41148"}],"wp:attachment":[{"href":"https:\/\/historiografija.hr\/index.php?rest_route=%2Fwp%2Fv2%2Fmedia&parent=41147"}],"wp:term":[{"taxonomy":"category","embeddable":true,"href":"https:\/\/historiografija.hr\/index.php?rest_route=%2Fwp%2Fv2%2Fcategories&post=41147"},{"taxonomy":"post_tag","embeddable":true,"href":"https:\/\/historiografija.hr\/index.php?rest_route=%2Fwp%2Fv2%2Ftags&post=41147"}],"curies":[{"name":"wp","href":"https:\/\/api.w.org\/{rel}","templated":true}]}}