{"id":41113,"date":"2024-06-04T23:08:00","date_gmt":"2024-06-04T23:08:00","guid":{"rendered":"http:\/\/historiografija.hr\/?p=41113"},"modified":"2024-06-04T23:17:22","modified_gmt":"2024-06-04T23:17:22","slug":"caponeu-workshop-european-centers-and-peripheries-in-the-political-novel","status":"publish","type":"post","link":"https:\/\/historiografija.hr\/?p=41113","title":{"rendered":"(CAPONEU) Workshop \u201eEuropean Centers and Peripheries in the Political Novel\u201c"},"content":{"rendered":"\n<p><strong>06 Jun 2024 \u2013 07 Jun 2024<\/strong><\/p>\n\n\n\n<p><strong>Venue:<\/strong> Leibniz-Zentrum f\u00fcr Literatur- und Kulturforschung, Pariser Str. 1, 10719 Berlin<\/p>\n\n\n\n<p><strong>Organized by<\/strong> Kyung-Ho Cha, Patrick Eiden-Offe, Ivana Perica, Aurore Peyroles (all ZfL), Johanna-Charlotte Horst (Martin Luther University Halle-Wittenberg), Christoph Schaub (University of Vechta)<\/p>\n\n\n\n<p><strong>Contact:<\/strong> caponeu@zfl-berlin.org<\/p>\n\n\n\n<p><strong>Research project(s):<\/strong> <a href=\"https:\/\/www.zfl-berlin.org\/project\/the-cartography-of-the-political-novel-in-europe.html\">The Cartography of the Political Novel in Europe<\/a><\/p>\n\n\n\n<p>When analyzing asymmetries between centers, semi-peripheries, and peripheries, literary scholars draw on various theoretical and methodological traditions, such as post- and decolonial approaches or, as for example the Warwick Research Collective, world-systems analysis. Some of these literary scholars rather emphasize asymmetries and exchanges between (the) European center(s) and non-European (semi-)peripheries, while paying less attention to how global economic centers such as Europe\u2014whatever its boundaries may be\u2014are marked by internal center-periphery-dynamics (e.g., between Germany, or France, and Eastern Europe). Additionally, sociological approaches in world literature studies (e.g., Pascale Casanova, Franco Moretti) focus on examining center-periphery dynamics in literary fields, or systems, and highlight how these dynamics influence literary form. They supplement approaches that analyze how specific literary texts represent center-periphery-asymmetries.<\/p>\n\n\n\n<p>The workshop builds on these lines of inquiry, yet organizes its discussion around the question of how center-periphery-dynamics are articulated in explicitly political terms by the political novel, a genre that we tentatively understand as a set of procedures by means of which a novel is coded and decoded as political in a particular constellation of circumstances, resulting in it being recognized, or misread, as political. The workshop aims to put special emphasis on examining Europe as a combined and uneven formation characterized by economic, social, cultural, and literary asymmetries. Finally, we wish to investigate the question of what formal and textual features are common, if not typical, of literary capitals (centers) on the one hand and margins and peripheries on the other, as well as the question of how literary centers and peripheries respond to political novels \u2013 and how these literary texts, their authors, publishers, and reading publics anticipate, react to, and interact with these responses.<\/p>\n\n\n\n<p>Further questions we hope to engage with are:<\/p>\n\n\n\n<ul class=\"wp-block-list\"><li>To what extent are interrelations between different kinds of centers, semi-peripheries and peripheries represented in the political novel?<\/li><li>Which topics are particularly relevant to and which aesthetic forms are particularly suitable for literary negotiations of economic, political, social, and cultural centers and peripheries?<\/li><li>How have center-periphery-dynamics in the literary world-system and in the European literary field in particular affected aesthetic manifestations of the political novel in different European literary regions and in different historical contexts?<\/li><li>How do the specifically European spatial and literary relations interact (uncover, reflect, problematize, counter, resist) with the relations between Europe and other regions across the globe?<\/li><li>Can the political novel be used as a resource to develop a better understanding of Europe as characterized by economic, political, social, cultural, and literary asymmetries? How does it reflect processes of European integration and disintegration?<\/li><li>Which theoretical and methodological approaches are particularly helpful to discuss center-periphery-dynamics in and around literary texts in Europe and beyond?<\/li><\/ul>\n\n\n\n<p><strong>Program<\/strong><\/p>\n\n\n\n<p><strong>Thursday, 6 Jun 2024<\/strong><\/p>\n\n\n\n<p><strong>13.00<\/strong><\/p>\n\n\n\n<ul class=\"wp-block-list\"><li>Welcome &amp; Introduction<\/li><li>Alina Bako (Lucian Blaga University of Sibiu\/Romania): Spatial representations and circulation of political ideas. The case of the Romanian novel<br>Respondent: Paul Stewart (University of Nicosia\/Cyprus)<\/li><li>Charles Sabatos (Yeditepe University\/Turkey): Reimagining Political Peripheries in Pi\u0161\u0165anek\u2019s and Boldizar\u2019s Siberian Slovakia<br>Respondent: Nina Weller (ZfL)<\/li><\/ul>\n\n\n\n<p><strong>15.15<\/strong><\/p>\n\n\n\n<ul class=\"wp-block-list\"><li>M\u00f3nika D\u00e1n\u00e9l (E\u00f6tv\u00f6s Lor\u00e1nd University Budapest\/Hungary): Multilingual Minority: Poetical Decomposition of the Embodied Dictatorial Legacy (Andrea Tompa\u2019s <em>The Hangman\u2019s House<\/em>, 2010)<br>Respondent: Philipp Wegmann (Humboldt-Universit\u00e4t zu Berlin\/Germany)<\/li><li>Alexandra Irimia (University of Bonn\/Germany): Bureaucracies of Memory. Institutionalized History in Four Contemporary European Novels<br>Respondent: Stephen Shapiro (University of Warwick\/United Kingdom)<\/li><\/ul>\n\n\n\n<p><strong>17.15<\/strong><\/p>\n\n\n\n<ul class=\"wp-block-list\"><li>Discussion of text excerpts<br>(Closed session for workshop participants only)<\/li><\/ul>\n\n\n\n<p><br><strong>Friday, 7 Jun 2024<\/strong><\/p>\n\n\n\n<p><strong>9.00<\/strong><\/p>\n\n\n\n<ul class=\"wp-block-list\"><li>Br\u00eendu\u015fa Nicolaescu (Bucharest University\/Romania): A Political Novel between the Periphery and the Center: <em>The Black Envelope<\/em> by Norman Manea (1986\/1995)<br>Respondent: Natalya Bekhta (Tampere Institute for Advanced Study\/Finland) [Online]<\/li><li>Stefan Segi (Czech Academy of Sciences Prague\/Czech Republic): A Kidnapped East. The Tragedy of Western Europe from the perspective of a Czech populist novelist<br>Respondent: B\u0142a\u017cej Warkocki (Adam Mickiewicz University Pozna\u0144\/Poland)<\/li><\/ul>\n\n\n\n<p><strong>11.00<\/strong><\/p>\n\n\n\n<ul class=\"wp-block-list\"><li>Discussion of text excerpts<br>(Closed session for workshop participants only)<\/li><\/ul>\n\n\n\n<p><strong>12.30<\/strong><\/p>\n\n\n\n<ul class=\"wp-block-list\"><li>Final discussion<\/li><\/ul>\n\n\n\n<hr class=\"wp-block-separator\"\/>\n\n\n\n<p><a href=\"https:\/\/www.zfl-berlin.org\/event\/european-centers-and-peripheries-in-the-political-novel.html\">https:\/\/www.zfl-berlin.org\/event\/european-centers-and-peripheries-in-the-political-novel.html<\/a><\/p>\n\n\n\n<p><a href=\"https:\/\/www.caponeu.eu\/news\/workshop-european-centers-and-peripheries-in-the-political-novel\">https:\/\/www.caponeu.eu\/news\/workshop-european-centers-and-peripheries-in-the-political-novel<\/a><\/p>\n\n\n\n<hr class=\"wp-block-separator\"\/>\n","protected":false},"excerpt":{"rendered":"","protected":false},"author":2,"featured_media":41114,"comment_status":"open","ping_status":"open","sticky":false,"template":"","format":"standard","meta":{"_acf_changed":false,"jetpack_post_was_ever_published":false,"_jetpack_newsletter_access":"","_jetpack_dont_email_post_to_subs":false,"_jetpack_newsletter_tier_id":0,"_jetpack_memberships_contains_paywalled_content":false,"_jetpack_memberships_contains_paid_content":false,"footnotes":"","jetpack_publicize_message":"","jetpack_publicize_feature_enabled":true,"jetpack_social_post_already_shared":true,"jetpack_social_options":{"image_generator_settings":{"template":"highway","default_image_id":0,"font":"","enabled":false},"version":2}},"categories":[3,12,9],"tags":[],"class_list":["post-41113","post","type-post","status-publish","format-standard","has-post-thumbnail","hentry","category-novosti","category-knjizevnost","category-skupovi"],"acf":{"facebook_opis":""},"jetpack_publicize_connections":[],"jetpack_featured_media_url":"https:\/\/i0.wp.com\/historiografija.hr\/wp-content\/uploads\/2024\/06\/2024_caponeu_european-centres-and-peripheries.jpg?fit=1110%2C379&ssl=1","jetpack_sharing_enabled":true,"jetpack-related-posts":[],"_links":{"self":[{"href":"https:\/\/historiografija.hr\/index.php?rest_route=\/wp\/v2\/posts\/41113","targetHints":{"allow":["GET"]}}],"collection":[{"href":"https:\/\/historiografija.hr\/index.php?rest_route=\/wp\/v2\/posts"}],"about":[{"href":"https:\/\/historiografija.hr\/index.php?rest_route=\/wp\/v2\/types\/post"}],"author":[{"embeddable":true,"href":"https:\/\/historiografija.hr\/index.php?rest_route=\/wp\/v2\/users\/2"}],"replies":[{"embeddable":true,"href":"https:\/\/historiografija.hr\/index.php?rest_route=%2Fwp%2Fv2%2Fcomments&post=41113"}],"version-history":[{"count":1,"href":"https:\/\/historiografija.hr\/index.php?rest_route=\/wp\/v2\/posts\/41113\/revisions"}],"predecessor-version":[{"id":41115,"href":"https:\/\/historiografija.hr\/index.php?rest_route=\/wp\/v2\/posts\/41113\/revisions\/41115"}],"wp:featuredmedia":[{"embeddable":true,"href":"https:\/\/historiografija.hr\/index.php?rest_route=\/wp\/v2\/media\/41114"}],"wp:attachment":[{"href":"https:\/\/historiografija.hr\/index.php?rest_route=%2Fwp%2Fv2%2Fmedia&parent=41113"}],"wp:term":[{"taxonomy":"category","embeddable":true,"href":"https:\/\/historiografija.hr\/index.php?rest_route=%2Fwp%2Fv2%2Fcategories&post=41113"},{"taxonomy":"post_tag","embeddable":true,"href":"https:\/\/historiografija.hr\/index.php?rest_route=%2Fwp%2Fv2%2Ftags&post=41113"}],"curies":[{"name":"wp","href":"https:\/\/api.w.org\/{rel}","templated":true}]}}