{"id":41110,"date":"2024-06-04T23:09:35","date_gmt":"2024-06-04T23:09:35","guid":{"rendered":"http:\/\/historiografija.hr\/?p=41110"},"modified":"2024-06-04T23:09:35","modified_gmt":"2024-06-04T23:09:35","slug":"izlozba-portreti-hrvatskih-ljekarnika-iz-zbirke-hrvatskog-muzeja-medicine-i-farmacije-hazu","status":"publish","type":"post","link":"https:\/\/historiografija.hr\/?p=41110","title":{"rendered":"Izlo\u017eba &#8220;Portreti hrvatskih ljekarnika iz zbirke Hrvatskog muzeja medicine i farmacije HAZU&#8221;"},"content":{"rendered":"\n<p>Izlo\u017eba &#8220;Portreti hrvatskih ljekarnika iz zbirke Hrvatskog muzeja medicine i farmacije HAZU&#8221; odr\u017eat \u0107e se u foajeu Galerije Klovi\u0107evi dvori u razdoblju od 6. do 30. lipnja 2024.<\/p>\n\n\n\n<p>Na izlo\u017ebi \u0107e se predstaviti osam portreta hrvatskih ljekarnika koje je naslikao slikar amater, primarno ljekarnik i kolekcionar Hinko Brodjovin. Rije\u010d je o istaknutim vlasnicima ljekarni koji su u pojedinim razdobljima bili predstojnici Hrvatskoga ljekarni\u010dkog zbora: Josip Grahovac, Drago Jelinek, \u017diga Klju\u010dec, Slavko Zimmermann, Oton L\u00f6schner, Anton Ernest Katki\u0107, uklju\u010duju\u0107i i autoportret autora ve\u0107ine portreta \u2013 ljekarnika Hinka Brodjovina.<\/p>\n\n\n\n<p>Hinko Brodjovin, hrvatski farmaceut (Zagreb, 3. prosinca 1864. \u2013 6. rujna 1941.), diplomirao je farmaciju u Zagrebu 1887. godine. Nakon zavr\u0161etka studija radio je u Be\u010du i u Splitu. Bio je vlasnik kraljevske ljekarne K Zrinjskomu na uglu Zrinjevca i dana\u0161nje Tesline ulice u Zagrebu u razdoblju od 1894. do 1928. godine, kada je prodao koncesiju Josipu Salopeku. Brodjovin se probio na tr\u017ei\u0161te u ono doba glasovitom BabyMira kremom za djecu i sapunom, koje je nazvao po svojoj k\u0107eri. Bio je aktivan i u djelatnostima vezanim za razvoj struke i promicanje farmaceutskih stale\u0161kih interesa. Od 1895. bio je odbornik, a od 1903. do 1908. godine predstojnik Hrvatsko-slavonskog zemaljskoga ljekarni\u010dkog zbora te poziva na reviziju Zakona o ljekarni\u0161tvu. U slobodno je vrijeme slikao i bavio se kolekcionarstvom. Po\u010detkom 20. stolje\u0107a polazio je privatnu slikarsku \u0161kolu Otona Ivekovi\u0107a. Na skupnoj izlo\u017ebi odr\u017eanoj 1901. u Umjetni\u010dkom paviljonu predstavio se sa sedam radova. Za pro\u010delje zgrade svoje ljekarne naslikao je kopiju \u010ciko\u0161eve slike Nikola \u0160ubi\u0107 Zrinjski pred vratima sigetske tvr\u0111ave. Prikupio je zna\u010dajnu zbirku hrvatskih slikara 19. i 20. stolje\u0107a. U ljekarni\u010dkim krugovima poznat je i kao donator.<\/p>\n\n\n\n<p>Sredi\u0161nji eksponat je Portret ljekarnika Hinka Brodjovina, slika istaknutoga hrvatskog umjetnika Milivoja Uzelca (1897. \u2013 1977.), djelo do sada nepoznato javnosti \u2013 Hrvatski muzej medicine i farmacije u Klovi\u0107evim \u0107e ga dvorima po prvi put predstaviti zainteresiranoj publici!<\/p>\n\n\n\n<p>Osim slika, na ovoj izlo\u017ebi bit \u0107e predstavljen dio bogate ba\u0161tine hrvatskog ljekarni\u0161tva koja potje\u010de iz zbirke nekada\u0161njeg Instituta za povijest farmacije.<\/p>\n\n\n\n<hr class=\"wp-block-separator\"\/>\n\n\n\n<p>Izvori i dodatne obavijesti:<\/p>\n\n\n\n<figure class=\"wp-block-embed-wordpress wp-block-embed is-type-wp-embed is-provider-hazu\"><div class=\"wp-block-embed__wrapper\">\n<blockquote class=\"wp-embedded-content\" data-secret=\"GXLGQLmAxu\"><a href=\"https:\/\/www.info.hazu.hr\/events\/izlozba-portreti-hrvatskih-ljekarnika-iz-zbirke-hrvatskog-muzeja-medicine-i-farmacije-hazu\/\">Izlo\u017eba Portreti hrvatskih ljekarnika iz zbirke Hrvatskog muzeja medicine i farmacije HAZU<\/a><\/blockquote><iframe loading=\"lazy\" class=\"wp-embedded-content\" sandbox=\"allow-scripts\" security=\"restricted\" style=\"position: absolute; clip: rect(1px, 1px, 1px, 1px);\" title=\"&#8220;Izlo\u017eba Portreti hrvatskih ljekarnika iz zbirke Hrvatskog muzeja medicine i farmacije HAZU&#8221; &#8212; HAZU\" src=\"https:\/\/www.info.hazu.hr\/events\/izlozba-portreti-hrvatskih-ljekarnika-iz-zbirke-hrvatskog-muzeja-medicine-i-farmacije-hazu\/embed\/#?secret=GXLGQLmAxu\" data-secret=\"GXLGQLmAxu\" width=\"600\" height=\"338\" frameborder=\"0\" marginwidth=\"0\" marginheight=\"0\" scrolling=\"no\"><\/iframe>\n<\/div><\/figure>\n\n\n\n<figure class=\"wp-block-embed-wordpress wp-block-embed is-type-wp-embed is-provider-galerija-klovicevi-dvori\"><div class=\"wp-block-embed__wrapper\">\n<blockquote class=\"wp-embedded-content\" data-secret=\"CFdl5L3ZVo\"><a href=\"https:\/\/gkd.hr\/2024\/05\/07\/izlozba-portreti-hrvatskih-ljekarnika-iz-zbirke-hrvatskog-muzeja-medicine-i-farmacije-hazu-6-30-lipanj-2024\/\">Izlo\u017eba PORTRETI HRVATSKIH LJEKARNIKA iz zbirke Hrvatskog muzeja medicine i farmacije HAZU [6. &#8211; 30. lipanj 2024.]<\/a><\/blockquote><iframe loading=\"lazy\" class=\"wp-embedded-content\" sandbox=\"allow-scripts\" security=\"restricted\" style=\"position: absolute; clip: rect(1px, 1px, 1px, 1px);\" title=\"&#8220;Izlo\u017eba PORTRETI HRVATSKIH LJEKARNIKA iz zbirke Hrvatskog muzeja medicine i farmacije HAZU [6. &#8211; 30. lipanj 2024.]&#8221; &#8212; Galerija Klovi\u0107evi dvori\" src=\"https:\/\/gkd.hr\/2024\/05\/07\/izlozba-portreti-hrvatskih-ljekarnika-iz-zbirke-hrvatskog-muzeja-medicine-i-farmacije-hazu-6-30-lipanj-2024\/embed\/#?secret=lR5EDLQ8dE#?secret=CFdl5L3ZVo\" data-secret=\"CFdl5L3ZVo\" width=\"600\" height=\"338\" frameborder=\"0\" marginwidth=\"0\" marginheight=\"0\" scrolling=\"no\"><\/iframe>\n<\/div><\/figure>\n\n\n\n<hr class=\"wp-block-separator\"\/>\n","protected":false},"excerpt":{"rendered":"","protected":false},"author":2,"featured_media":41111,"comment_status":"open","ping_status":"open","sticky":false,"template":"","format":"standard","meta":{"_acf_changed":false,"jetpack_post_was_ever_published":false,"_jetpack_newsletter_access":"","_jetpack_dont_email_post_to_subs":false,"_jetpack_newsletter_tier_id":0,"_jetpack_memberships_contains_paywalled_content":false,"_jetpack_memberships_contains_paid_content":false,"footnotes":"","jetpack_publicize_message":"","jetpack_publicize_feature_enabled":true,"jetpack_social_post_already_shared":true,"jetpack_social_options":{"image_generator_settings":{"template":"highway","default_image_id":0,"font":"","enabled":false},"version":2}},"categories":[10,3],"tags":[],"class_list":["post-41110","post","type-post","status-publish","format-standard","has-post-thumbnail","hentry","category-izlozbe","category-novosti"],"acf":{"facebook_opis":""},"jetpack_publicize_connections":[],"jetpack_featured_media_url":"https:\/\/i0.wp.com\/historiografija.hr\/wp-content\/uploads\/2024\/06\/Ljekarnici_plakat.jpg?fit=1654%2C2362&ssl=1","jetpack_sharing_enabled":true,"jetpack-related-posts":[],"_links":{"self":[{"href":"https:\/\/historiografija.hr\/index.php?rest_route=\/wp\/v2\/posts\/41110","targetHints":{"allow":["GET"]}}],"collection":[{"href":"https:\/\/historiografija.hr\/index.php?rest_route=\/wp\/v2\/posts"}],"about":[{"href":"https:\/\/historiografija.hr\/index.php?rest_route=\/wp\/v2\/types\/post"}],"author":[{"embeddable":true,"href":"https:\/\/historiografija.hr\/index.php?rest_route=\/wp\/v2\/users\/2"}],"replies":[{"embeddable":true,"href":"https:\/\/historiografija.hr\/index.php?rest_route=%2Fwp%2Fv2%2Fcomments&post=41110"}],"version-history":[{"count":1,"href":"https:\/\/historiografija.hr\/index.php?rest_route=\/wp\/v2\/posts\/41110\/revisions"}],"predecessor-version":[{"id":41112,"href":"https:\/\/historiografija.hr\/index.php?rest_route=\/wp\/v2\/posts\/41110\/revisions\/41112"}],"wp:featuredmedia":[{"embeddable":true,"href":"https:\/\/historiografija.hr\/index.php?rest_route=\/wp\/v2\/media\/41111"}],"wp:attachment":[{"href":"https:\/\/historiografija.hr\/index.php?rest_route=%2Fwp%2Fv2%2Fmedia&parent=41110"}],"wp:term":[{"taxonomy":"category","embeddable":true,"href":"https:\/\/historiografija.hr\/index.php?rest_route=%2Fwp%2Fv2%2Fcategories&post=41110"},{"taxonomy":"post_tag","embeddable":true,"href":"https:\/\/historiografija.hr\/index.php?rest_route=%2Fwp%2Fv2%2Ftags&post=41110"}],"curies":[{"name":"wp","href":"https:\/\/api.w.org\/{rel}","templated":true}]}}