{"id":41062,"date":"2024-05-29T22:18:58","date_gmt":"2024-05-29T22:18:58","guid":{"rendered":"http:\/\/historiografija.hr\/?p=41062"},"modified":"2024-09-18T18:20:40","modified_gmt":"2024-09-18T18:20:40","slug":"novi-medijski-prilozi-o-slucaju-neprimanja-stanka-andrica-u-hazu","status":"publish","type":"post","link":"https:\/\/historiografija.hr\/?p=41062","title":{"rendered":"Novi medijski prilozi o slu\u010daju neprimanja Stanka Andri\u0107a u HAZU (1)"},"content":{"rendered":"\n<p>Nakon prvih objava u medijima o ishodu izbora novih \u010dlanova HAZU &#8211; kao i komentara na portalu Historiografija.hr te reakcije Filozofskog fakulteta u Osijeku &#8211; ovih je dana objavljeno i nekoliko novih priloga u medijima o \u010ditavom slu\u010daju, zajedno s izjavama Stanka Andri\u0107a i razgovora s njime.<\/p>\n\n\n\n<hr class=\"wp-block-separator\"\/>\n\n\n\n<p><strong>Op\u0161irnije:<\/strong><\/p>\n\n\n\n<p><a href=\"https:\/\/www.jutarnji.hr\/kultura\/knjizevnost\/za-sve-je-kriva-tudmanova-bista-otkrivamo-pozadinu-skandala-u-hazu-15465529\">https:\/\/www.jutarnji.hr\/kultura\/knjizevnost\/za-sve-je-kriva-tudmanova-bista-otkrivamo-pozadinu-skandala-u-hazu-15465529<\/a><\/p>\n\n\n\n<p><a href=\"https:\/\/www.jutarnji.hr\/vijesti\/hrvatska\/i-eto-imamo-tudmana-2-0-sekularnog-sveca-zbog-kojeg-se-leti-iz-hazu-glavom-niz-pendzere-15467032\">https:\/\/www.jutarnji.hr\/vijesti\/hrvatska\/i-eto-imamo-tudmana-2-0-sekularnog-sveca-zbog-kojeg-se-leti-iz-hazu-glavom-niz-pendzere-15467032<\/a><\/p>\n\n\n\n<p><a href=\"https:\/\/balkans.aljazeera.net\/teme\/2024\/5\/28\/stanko-andric-tudjman-nije-perjanica-hrvatske-historiografije\">https:\/\/balkans.aljazeera.net\/teme\/2024\/5\/28\/stanko-andric-tudjman-nije-perjanica-hrvatske-historiografije<\/a><\/p>\n\n\n\n<figure class=\"wp-block-embed-wordpress wp-block-embed is-type-wp-embed is-provider-nacional-hr\"><div class=\"wp-block-embed__wrapper\">\n<blockquote class=\"wp-embedded-content\" data-secret=\"K9JGb86oDP\"><a href=\"https:\/\/www.nacional.hr\/nacionalna-groupie-za-hazu-spremni\/\">NACIONALNA GROUPIE Za HAZU spremni!<\/a><\/blockquote><iframe loading=\"lazy\" class=\"wp-embedded-content\" sandbox=\"allow-scripts\" security=\"restricted\" style=\"position: absolute; clip: rect(1px, 1px, 1px, 1px);\" title=\"&#8220;NACIONALNA GROUPIE Za HAZU spremni!&#8221; &#8212; NACIONAL.HR\" src=\"https:\/\/www.nacional.hr\/nacionalna-groupie-za-hazu-spremni\/embed\/#?secret=svahDzlvl4#?secret=K9JGb86oDP\" data-secret=\"K9JGb86oDP\" width=\"600\" height=\"338\" frameborder=\"0\" marginwidth=\"0\" marginheight=\"0\" scrolling=\"no\"><\/iframe>\n<\/div><\/figure>\n\n\n\n<p><a href=\"https:\/\/www.hkv.hr\/izdvojeno\/vai-prilozi\/p-r\/peari-josip\/43753-za-sve-je-kriva-tudmanova-bista-otkrivamo-pozadinu-skandala-u-hazu.html\">https:\/\/www.hkv.hr\/izdvojeno\/vai-prilozi\/p-r\/peari-josip\/43753-za-sve-je-kriva-tudmanova-bista-otkrivamo-pozadinu-skandala-u-hazu.html<\/a><\/p>\n\n\n\n<figure class=\"wp-block-embed-wordpress wp-block-embed is-type-wp-embed is-provider-bez-cenzure\"><div class=\"wp-block-embed__wrapper\">\n<blockquote class=\"wp-embedded-content\" data-secret=\"A1C3qBc0I4\"><a href=\"https:\/\/bezcenzure.hr\/vlad\/znate-li-koja-je-jedina-ustanova-u-drzavi-iz-koje-je-uklonjena-bista-franje-tudmana\/\">ZNATE LI KOJA JE JEDINA USTANOVA U DR\u017dAVI IZ KOJE JE UKLONJENA BISTA FRANJE TU\u0110MANA?<\/a><\/blockquote><iframe loading=\"lazy\" class=\"wp-embedded-content\" sandbox=\"allow-scripts\" security=\"restricted\" style=\"position: absolute; clip: rect(1px, 1px, 1px, 1px);\" title=\"&#8220;ZNATE LI KOJA JE JEDINA USTANOVA U DR\u017dAVI IZ KOJE JE UKLONJENA BISTA FRANJE TU\u0110MANA?&#8221; &#8212; Bez Cenzure\" src=\"https:\/\/bezcenzure.hr\/vlad\/znate-li-koja-je-jedina-ustanova-u-drzavi-iz-koje-je-uklonjena-bista-franje-tudmana\/embed\/#?secret=A1C3qBc0I4\" data-secret=\"A1C3qBc0I4\" width=\"600\" height=\"338\" frameborder=\"0\" marginwidth=\"0\" marginheight=\"0\" scrolling=\"no\"><\/iframe>\n<\/div><\/figure>\n\n\n\n<figure class=\"wp-block-embed-wordpress wp-block-embed is-type-wp-embed is-provider-bez-cenzure\"><div class=\"wp-block-embed__wrapper\">\n<blockquote class=\"wp-embedded-content\" data-secret=\"XoO0n3muhI\"><a href=\"https:\/\/bezcenzure.hr\/toptema\/jos-o-reagiranjima-na-izbore-u-hazu\/\">JO\u0160 O REAGIRANJIMA NA IZBORE U HAZU&#8230;.<\/a><\/blockquote><iframe loading=\"lazy\" class=\"wp-embedded-content\" sandbox=\"allow-scripts\" security=\"restricted\" style=\"position: absolute; clip: rect(1px, 1px, 1px, 1px);\" title=\"&#8220;JO\u0160 O REAGIRANJIMA NA IZBORE U HAZU&#8230;.&#8221; &#8212; Bez Cenzure\" src=\"https:\/\/bezcenzure.hr\/toptema\/jos-o-reagiranjima-na-izbore-u-hazu\/embed\/#?secret=XoO0n3muhI\" data-secret=\"XoO0n3muhI\" width=\"600\" height=\"338\" frameborder=\"0\" marginwidth=\"0\" marginheight=\"0\" scrolling=\"no\"><\/iframe>\n<\/div><\/figure>\n\n\n\n<figure class=\"wp-block-embed-wordpress wp-block-embed is-type-wp-embed is-provider-bez-cenzure\"><div class=\"wp-block-embed__wrapper\">\n<blockquote class=\"wp-embedded-content\" data-secret=\"tVPvEkIfdU\"><a href=\"https:\/\/bezcenzure.hr\/toptema\/kako-povjesnicari-smatraju-da-je-ruganje-znanost\/\">KAKO POVJESNI\u010cARI SMATRAJU DA JE RUGANJE ZNANOST&#8230;<\/a><\/blockquote><iframe loading=\"lazy\" class=\"wp-embedded-content\" sandbox=\"allow-scripts\" security=\"restricted\" style=\"position: absolute; clip: rect(1px, 1px, 1px, 1px);\" title=\"&#8220;KAKO POVJESNI\u010cARI SMATRAJU DA JE RUGANJE ZNANOST&#8230;&#8221; &#8212; Bez Cenzure\" src=\"https:\/\/bezcenzure.hr\/toptema\/kako-povjesnicari-smatraju-da-je-ruganje-znanost\/embed\/#?secret=tVPvEkIfdU\" data-secret=\"tVPvEkIfdU\" width=\"600\" height=\"338\" frameborder=\"0\" marginwidth=\"0\" marginheight=\"0\" scrolling=\"no\"><\/iframe>\n<\/div><\/figure>\n\n\n\n<hr class=\"wp-block-separator\"\/>\n\n\n\n<p><strong>Prethodni prilozi na portalu Historiografija.hr:<\/strong><\/p>\n\n\n\n<hr class=\"wp-block-separator\"\/>\n\n\n\n<figure class=\"wp-block-embed-wordpress wp-block-embed is-type-wp-embed is-provider-historiografija-hr\"><div class=\"wp-block-embed__wrapper\">\n<blockquote class=\"wp-embedded-content\" data-secret=\"VdOeRTdns3\"><a href=\"https:\/\/historiografija.hr\/?p=41600\">Reakcija djelatnika Podru\u017enice za povijest Slavonije, Srijema i Baranje Hrvatskog instituta za povijest povodom javnih napada na dr. sc. Stanka Andri\u0107a<\/a><\/blockquote><iframe loading=\"lazy\" class=\"wp-embedded-content\" sandbox=\"allow-scripts\" security=\"restricted\" style=\"position: absolute; clip: rect(1px, 1px, 1px, 1px);\" title=\"&#8220;Reakcija djelatnika Podru\u017enice za povijest Slavonije, Srijema i Baranje Hrvatskog instituta za povijest povodom javnih napada na dr. sc. Stanka Andri\u0107a&#8221; &#8212; Historiografija.hr\" src=\"https:\/\/historiografija.hr\/?p=41600&#038;embed=true#?secret=VdOeRTdns3\" data-secret=\"VdOeRTdns3\" width=\"600\" height=\"338\" frameborder=\"0\" marginwidth=\"0\" marginheight=\"0\" scrolling=\"no\"><\/iframe>\n<\/div><\/figure>\n\n\n\n<hr class=\"wp-block-separator\"\/>\n\n\n\n<figure class=\"wp-block-embed-wordpress wp-block-embed is-type-wp-embed is-provider-historiografija-hr\"><div class=\"wp-block-embed__wrapper\">\n<blockquote class=\"wp-embedded-content\" data-secret=\"KdeNmnqEsn\"><a href=\"https:\/\/historiografija.hr\/?p=41145\">Zdravka Jelaska Marijan: Kako znanstvenika poku\u0161ati diskvalificirati proizvoljnom i neadekvatnom primjenom kriterija<\/a><\/blockquote><iframe loading=\"lazy\" class=\"wp-embedded-content\" sandbox=\"allow-scripts\" security=\"restricted\" style=\"position: absolute; clip: rect(1px, 1px, 1px, 1px);\" title=\"&#8220;Zdravka Jelaska Marijan: Kako znanstvenika poku\u0161ati diskvalificirati proizvoljnom i neadekvatnom primjenom kriterija&#8221; &#8212; Historiografija.hr\" src=\"https:\/\/historiografija.hr\/?p=41145&#038;embed=true#?secret=KdeNmnqEsn\" data-secret=\"KdeNmnqEsn\" width=\"600\" height=\"338\" frameborder=\"0\" marginwidth=\"0\" marginheight=\"0\" scrolling=\"no\"><\/iframe>\n<\/div><\/figure>\n\n\n\n<figure class=\"wp-block-embed-wordpress wp-block-embed is-type-wp-embed is-provider-historiografija-hr\"><div class=\"wp-block-embed__wrapper\">\n<blockquote class=\"wp-embedded-content\" data-secret=\"L1qO4hYyNm\"><a href=\"https:\/\/historiografija.hr\/?p=40952\">Reakcija na neizglasavanje odluke o izboru dr. sc. Stanka Andri\u0107a u redovito \u010dlanstvo Hrvatske akademije znanosti i umjetnosti<\/a><\/blockquote><iframe loading=\"lazy\" class=\"wp-embedded-content\" sandbox=\"allow-scripts\" security=\"restricted\" style=\"position: absolute; clip: rect(1px, 1px, 1px, 1px);\" title=\"&#8220;Reakcija na neizglasavanje odluke o izboru dr. sc. Stanka Andri\u0107a u redovito \u010dlanstvo Hrvatske akademije znanosti i umjetnosti&#8221; &#8212; Historiografija.hr\" src=\"https:\/\/historiografija.hr\/?p=40952&#038;embed=true#?secret=L1qO4hYyNm\" data-secret=\"L1qO4hYyNm\" width=\"600\" height=\"338\" frameborder=\"0\" marginwidth=\"0\" marginheight=\"0\" scrolling=\"no\"><\/iframe>\n<\/div><\/figure>\n\n\n\n<hr class=\"wp-block-separator\"\/>\n\n\n\n<figure class=\"wp-block-embed-wordpress wp-block-embed is-type-wp-embed is-provider-historiografija-hr\"><div class=\"wp-block-embed__wrapper\">\n<blockquote class=\"wp-embedded-content\" data-secret=\"cztxz0WvVa\"><a href=\"https:\/\/historiografija.hr\/?p=40907\">Kako Stanko Andri\u0107 nije primljen u HAZU zbog teksta na portalu Historiografija.hr<\/a><\/blockquote><iframe loading=\"lazy\" class=\"wp-embedded-content\" sandbox=\"allow-scripts\" security=\"restricted\" style=\"position: absolute; clip: rect(1px, 1px, 1px, 1px);\" title=\"&#8220;Kako Stanko Andri\u0107 nije primljen u HAZU zbog teksta na portalu Historiografija.hr&#8221; &#8212; Historiografija.hr\" src=\"https:\/\/historiografija.hr\/?p=40907&#038;embed=true#?secret=cztxz0WvVa\" data-secret=\"cztxz0WvVa\" width=\"600\" height=\"338\" frameborder=\"0\" marginwidth=\"0\" marginheight=\"0\" scrolling=\"no\"><\/iframe>\n<\/div><\/figure>\n\n\n\n<hr class=\"wp-block-separator\"\/>\n\n\n\n<figure class=\"wp-block-embed-wordpress wp-block-embed is-type-wp-embed is-provider-historiografija-hr\"><div class=\"wp-block-embed__wrapper\">\n<blockquote class=\"wp-embedded-content\" data-secret=\"aQElVCk4op\"><a href=\"https:\/\/historiografija.hr\/?p=40859\">Izabrani novi \u010dlanovi HAZU<\/a><\/blockquote><iframe loading=\"lazy\" class=\"wp-embedded-content\" sandbox=\"allow-scripts\" security=\"restricted\" style=\"position: absolute; clip: rect(1px, 1px, 1px, 1px);\" title=\"&#8220;Izabrani novi \u010dlanovi HAZU&#8221; &#8212; Historiografija.hr\" src=\"https:\/\/historiografija.hr\/?p=40859&#038;embed=true#?secret=aQElVCk4op\" data-secret=\"aQElVCk4op\" width=\"600\" height=\"338\" frameborder=\"0\" marginwidth=\"0\" marginheight=\"0\" scrolling=\"no\"><\/iframe>\n<\/div><\/figure>\n\n\n\n<hr class=\"wp-block-separator\"\/>\n","protected":false},"excerpt":{"rendered":"","protected":false},"author":2,"featured_media":4683,"comment_status":"open","ping_status":"open","sticky":false,"template":"","format":"standard","meta":{"_acf_changed":false,"jetpack_post_was_ever_published":false,"_jetpack_newsletter_access":"","_jetpack_dont_email_post_to_subs":false,"_jetpack_newsletter_tier_id":0,"_jetpack_memberships_contains_paywalled_content":false,"_jetpack_memberships_contains_paid_content":false,"footnotes":"","jetpack_publicize_message":"","jetpack_publicize_feature_enabled":true,"jetpack_social_post_already_shared":true,"jetpack_social_options":{"image_generator_settings":{"template":"highway","default_image_id":0,"font":"","enabled":false},"version":2}},"categories":[3],"tags":[],"class_list":["post-41062","post","type-post","status-publish","format-standard","has-post-thumbnail","hentry","category-novosti"],"acf":{"facebook_opis":""},"jetpack_publicize_connections":[],"jetpack_featured_media_url":"https:\/\/i0.wp.com\/historiografija.hr\/wp-content\/uploads\/2017\/06\/s-andric-slika.jpg?fit=780%2C325&ssl=1","jetpack_sharing_enabled":true,"jetpack-related-posts":[],"_links":{"self":[{"href":"https:\/\/historiografija.hr\/index.php?rest_route=\/wp\/v2\/posts\/41062","targetHints":{"allow":["GET"]}}],"collection":[{"href":"https:\/\/historiografija.hr\/index.php?rest_route=\/wp\/v2\/posts"}],"about":[{"href":"https:\/\/historiografija.hr\/index.php?rest_route=\/wp\/v2\/types\/post"}],"author":[{"embeddable":true,"href":"https:\/\/historiografija.hr\/index.php?rest_route=\/wp\/v2\/users\/2"}],"replies":[{"embeddable":true,"href":"https:\/\/historiografija.hr\/index.php?rest_route=%2Fwp%2Fv2%2Fcomments&post=41062"}],"version-history":[{"count":8,"href":"https:\/\/historiografija.hr\/index.php?rest_route=\/wp\/v2\/posts\/41062\/revisions"}],"predecessor-version":[{"id":42280,"href":"https:\/\/historiografija.hr\/index.php?rest_route=\/wp\/v2\/posts\/41062\/revisions\/42280"}],"wp:featuredmedia":[{"embeddable":true,"href":"https:\/\/historiografija.hr\/index.php?rest_route=\/wp\/v2\/media\/4683"}],"wp:attachment":[{"href":"https:\/\/historiografija.hr\/index.php?rest_route=%2Fwp%2Fv2%2Fmedia&parent=41062"}],"wp:term":[{"taxonomy":"category","embeddable":true,"href":"https:\/\/historiografija.hr\/index.php?rest_route=%2Fwp%2Fv2%2Fcategories&post=41062"},{"taxonomy":"post_tag","embeddable":true,"href":"https:\/\/historiografija.hr\/index.php?rest_route=%2Fwp%2Fv2%2Ftags&post=41062"}],"curies":[{"name":"wp","href":"https:\/\/api.w.org\/{rel}","templated":true}]}}