{"id":41052,"date":"2024-05-28T21:43:03","date_gmt":"2024-05-28T21:43:03","guid":{"rendered":"http:\/\/historiografija.hr\/?p=41052"},"modified":"2024-05-28T21:43:03","modified_gmt":"2024-05-28T21:43:03","slug":"havc-covjek-koji-nije-mogao-sutjeti-nebojse-slijepcevica-osvojio-zlatnu-palmu-na-77-filmskom-festivalu-u-cannesu","status":"publish","type":"post","link":"https:\/\/historiografija.hr\/?p=41052","title":{"rendered":"HAVC: \u201e\u010covjek koji nije mogao \u0161utjeti\u201c Neboj\u0161e Slijep\u010devi\u0107a osvojio Zlatnu palmu na 77. Filmskom festivalu u Cannesu"},"content":{"rendered":"\n<p>Nagradu je u\u017eivo na sve\u010danoj dodjeli u Cannesu preuzeo redatelj i scenarist Neboj\u0161a Slijep\u010devi\u0107. Ovo je prva Zlatna palma (<em>Palme d&#8217;Or<\/em>)&nbsp;za hrvatski film od osamostaljenja. Film su producirali Katarina Prpi\u0107 i Danijel Pek iz Antitalenta, a realiziran je u koprodukciji s ku\u0107ama iz Bugarske, Francuske i Slovenije.&nbsp;<\/p>\n\n\n\n<p>Najbolji naslov u konkurenciji kratkometra\u017enih filmova birao je \u017eiri u sastavu: predsjednica \u017eirija, belgijska glumica <strong>Lubna Azabal<\/strong>, francuska redateljica, scenaristica i producentica <strong>Marie-Castille Mention-Schaar<\/strong>, filmski programer iz Italije <strong>Paolo Moretti<\/strong>, producentica i redateljica <strong>Claudine Nougaret <\/strong>iz Francuske i redatelj i scenarist <strong>Vladimir Peri\u0161i\u0107<\/strong> iz Srbije.&nbsp;<\/p>\n\n\n\n<p>Primaju\u0107i nagradu na sve\u010danoj dodjeli, scenarist i redatelj <strong>Neboj\u0161a Slijep\u010devi\u0107<\/strong> zahvalio je cijeloj ekipi filma i ostalim filmovima u konkureciji, a nakon same dodjele je rekao:<\/p>\n\n\n\n<p><em>&#8220;To je stvarno nevjerojatan do\u017eivljaj popeti se na pozornicu i to u ve\u010deri kad jedan George Lucas prima nagradu za \u017eivotno djelo iz ruku Francisa Forda Coppole. Malo mi je \u010dudno sve skupa zvu\u010di nestvarno, no ono mo\u017eda \u0161to je bitnije od toga je da sam ovu nagradu posvetio Tomi Buzovu, \u010dovjeku koji je inspirirao ovaj film. Jako sam sretan da \u0107e do\u0107i do velikog broja gledatelja zahvaljuju\u0107i ovoj nagradi, uklju\u010duju\u0107i i do hrvatskih gledatelja koji film uskoro mogu o\u010dekivati premijeru na hrvatskim festivalima.&#8221;<\/em><\/p>\n\n\n\n<p>Film je svjetsku premijeru imao u petak, 24. svibnja, u dvorani Debussy, uz <a href=\"https:\/\/havc.hr\/infocentar\/novosti\/uz-filmsku-ekipu-odrzana-svjetska-premijera-covjeka-koji-nije-mogao-sutjeti-u-glavnom-programu-cannesa\" target=\"_blank\" rel=\"noreferrer noopener\">prisustvo filmske ekipe<\/a>.&nbsp;<\/p>\n\n\n\n<p><em><a href=\"https:\/\/havc.hr\/hrvatski-film\/katalog-hrvatskih-filmova\/covjek-koji-nije-mogao-sutjeti\" target=\"_blank\" rel=\"noreferrer noopener\">\u010covjek koji nije mogao \u0161utjeti<\/a>&nbsp;<\/em>Neboj\u0161e Slijep\u010devi\u0107a prvi je hrvatski film od osamostaljenja koji je osvojio Zlatnu palmu i tek drugi koji se za nju natjecao.&nbsp;<\/p>\n\n\n\n<p>Sve\u010danu dodjelu nagrada na Filmskom festivalu u Cannesu mo\u017eete pogledati <a href=\"https:\/\/www.youtube.com\/watch?v=Qk-EgrOQjlc&amp;ab_channel=Brut\" target=\"_blank\" rel=\"noreferrer noopener\">OVDJE<\/a>. Popis svih dobitnika mo\u017eete prona\u0107i <a href=\"https:\/\/variety.com\/2024\/film\/news\/cannes-film-festival-2024-palme-dor-prizes-awards-1236016498\/\" target=\"_blank\" rel=\"noreferrer noopener\">ovdje<\/a>.&nbsp;<\/p>\n\n\n\n<p>Neboj\u0161a Slijep\u010devi\u0107 je 2018. godine osvojio DOC Allience nagradu u Cannesu za svoj dugometra\u017eni dokumentarni film <a href=\"https:\/\/havc.hr\/hrvatski-film\/katalog-hrvatskih-filmova\/srbenka\" target=\"_blank\" rel=\"noreferrer noopener\"><em>Srbenka<\/em><\/a>. Producentska ku\u0107a Antitalent u Cannesu je ve\u0107 &#8216;slavila&#8217; s dugometra\u017enim prvijencem <strong>Antonete Alamat Kusijanovi\u0107<\/strong>, <a href=\"https:\/\/havc.hr\/hrvatski-film\/katalog-hrvatskih-filmova\/murina\" target=\"_blank\" rel=\"noreferrer noopener\"><em>Murina<\/em><\/a>, koja je Zlatnu kameru (Camera d\u2019Or) osvojila 2021. godine. Na ovom presti\u017enom festivalu veliki uspjeh do\u017eivio je i film <a href=\"https:\/\/havc.hr\/hrvatski-film\/katalog-hrvatskih-filmova\/zvizdan\" target=\"_blank\" rel=\"noreferrer noopener\"><em>Zvizdan<\/em><\/a> <strong>Dalibora Matani\u0107a<\/strong> koji je 2015. godine progla\u0161en najboljim filmom programa Un Certain Regard.&nbsp;<\/p>\n\n\n\n<p>Radnja filma&nbsp;<em>\u010covjek koji nije mogao \u0161utjeti<\/em>&nbsp;zbiva se 27. velja\u010de 1993. godine, na maloj stanici u \u0160trpcima u Bosni i Hercegovini. Putni\u010dki vlak na liniji&nbsp;Beograd-Bar zaustavljaju paravojne snage u akciji etni\u010dkog \u010di\u0161\u0107enja. Dok odvode nevine civile, samo jedan od pet stotina putnika usu\u0111uje im se suprotstaviti. To je istinita pri\u010da o \u010dovjeku koji nije mogao \u0161utjeti.<\/p>\n\n\n\n<p>Scenarij za film, osnovan na istinitom doga\u0111aju, napisao je redatelj&nbsp;Neboj\u0161a Slijep\u010devi\u0107. Uloge u filmu nose<strong>&nbsp;Goran Bogdan,&nbsp;Alexis Manenti,&nbsp;Dragan Mi\u0107anovi\u0107,&nbsp;Silvio Mumela\u0161,&nbsp;Lara Neki\u0107,&nbsp;Priska Ugrina,&nbsp;Du\u0161an Goji\u0107,&nbsp;Neboj\u0161a Pop Tasi\u0107,&nbsp;Mijo Pavelko, Martin Kuhar, Jakov Zovko&nbsp;<\/strong>i&nbsp;<strong>Robert Ugrina.<\/strong><\/p>\n\n\n\n<p><em>\u010covjek koji nije mogao \u0161utjeti<\/em>&nbsp;realiziran je pod okriljem ku\u0107e Antitalent. Koproducentice su&nbsp;Katya Trichkova&nbsp;(Contrast Films, Bugarska) i&nbsp;No\u00eblle L\u00e9v\u00e9nez&nbsp;(Les Films Norfolk, Francuska), a koproducent&nbsp;Bo\u0161tjan Virc&nbsp;(Studio Virc, Slovenija).<\/p>\n\n\n\n<p>Film je nastao uz potporu Hrvatskog audiovizualnog centra. Prodajni zastupnik filma je francuski Manifest.<\/p>\n\n\n\n<hr class=\"wp-block-separator\"\/>\n\n\n\n<p>Izvor:<\/p>\n\n\n\n<p><a href=\"https:\/\/havc.hr\/infocentar\/novosti\/covjek-koji-nije-mogao-sutjeti-nebojse-slijepcevica-osvojio-zlatnu-palmu-na-77-filmskom-festivalu-u-cannesu\">https:\/\/havc.hr\/infocentar\/novosti\/covjek-koji-nije-mogao-sutjeti-nebojse-slijepcevica-osvojio-zlatnu-palmu-na-77-filmskom-festivalu-u-cannesu<\/a><\/p>\n\n\n\n<hr class=\"wp-block-separator\"\/>\n","protected":false},"excerpt":{"rendered":"","protected":false},"author":2,"featured_media":41053,"comment_status":"open","ping_status":"open","sticky":false,"template":"","format":"standard","meta":{"_acf_changed":false,"jetpack_post_was_ever_published":false,"_jetpack_newsletter_access":"","_jetpack_dont_email_post_to_subs":false,"_jetpack_newsletter_tier_id":0,"_jetpack_memberships_contains_paywalled_content":false,"_jetpack_memberships_contains_paid_content":false,"footnotes":"","jetpack_publicize_message":"","jetpack_publicize_feature_enabled":true,"jetpack_social_post_already_shared":true,"jetpack_social_options":{"image_generator_settings":{"template":"highway","default_image_id":0,"font":"","enabled":false},"version":2}},"categories":[13,3],"tags":[],"class_list":["post-41052","post","type-post","status-publish","format-standard","has-post-thumbnail","hentry","category-filmovi-i-serije","category-novosti"],"acf":{"facebook_opis":""},"jetpack_publicize_connections":[],"jetpack_featured_media_url":"https:\/\/i0.wp.com\/historiografija.hr\/wp-content\/uploads\/2024\/05\/%C5%A0utjeti.jpeg?fit=400%2C576&ssl=1","jetpack_sharing_enabled":true,"jetpack-related-posts":[],"_links":{"self":[{"href":"https:\/\/historiografija.hr\/index.php?rest_route=\/wp\/v2\/posts\/41052","targetHints":{"allow":["GET"]}}],"collection":[{"href":"https:\/\/historiografija.hr\/index.php?rest_route=\/wp\/v2\/posts"}],"about":[{"href":"https:\/\/historiografija.hr\/index.php?rest_route=\/wp\/v2\/types\/post"}],"author":[{"embeddable":true,"href":"https:\/\/historiografija.hr\/index.php?rest_route=\/wp\/v2\/users\/2"}],"replies":[{"embeddable":true,"href":"https:\/\/historiografija.hr\/index.php?rest_route=%2Fwp%2Fv2%2Fcomments&post=41052"}],"version-history":[{"count":1,"href":"https:\/\/historiografija.hr\/index.php?rest_route=\/wp\/v2\/posts\/41052\/revisions"}],"predecessor-version":[{"id":41054,"href":"https:\/\/historiografija.hr\/index.php?rest_route=\/wp\/v2\/posts\/41052\/revisions\/41054"}],"wp:featuredmedia":[{"embeddable":true,"href":"https:\/\/historiografija.hr\/index.php?rest_route=\/wp\/v2\/media\/41053"}],"wp:attachment":[{"href":"https:\/\/historiografija.hr\/index.php?rest_route=%2Fwp%2Fv2%2Fmedia&parent=41052"}],"wp:term":[{"taxonomy":"category","embeddable":true,"href":"https:\/\/historiografija.hr\/index.php?rest_route=%2Fwp%2Fv2%2Fcategories&post=41052"},{"taxonomy":"post_tag","embeddable":true,"href":"https:\/\/historiografija.hr\/index.php?rest_route=%2Fwp%2Fv2%2Ftags&post=41052"}],"curies":[{"name":"wp","href":"https:\/\/api.w.org\/{rel}","templated":true}]}}