{"id":41049,"date":"2024-05-28T21:34:01","date_gmt":"2024-05-28T21:34:01","guid":{"rendered":"http:\/\/historiografija.hr\/?p=41049"},"modified":"2024-05-28T21:34:01","modified_gmt":"2024-05-28T21:34:01","slug":"nakon-nasilja-prakse-stvaranja-kulturne-bastine-u-hrvatskoj-i-bosni-i-hercegovini-nakon-drugog-svjetskog-rata","status":"publish","type":"post","link":"https:\/\/historiografija.hr\/?p=41049","title":{"rendered":"Nakon nasilja: Prakse stvaranja kulturne ba\u0161tine u Hrvatskoj i Bosni i Hercegovini nakon Drugog svjetskog rata"},"content":{"rendered":"\n<p><strong>Sveu\u010dili\u0161te u Durhamu<\/strong><br><strong>28.-29. svibnja 2024.<\/strong><\/p>\n\n\n\n<hr class=\"wp-block-separator\"\/>\n\n\n\n<p>Posljednjih godina, uslijed djelovanja ekstremisti\u010dkih politi\u010dkih skupina, ali i kolektivne ravnodu\u0161nosti, dovedeno je u pitanje javno sje\u0107anje na Drugi svjetski rat, Holokaust i druge genocide. Taj se proces o\u010dituje u uni\u0161tavanju spomenika i mjesta sje\u0107anja, prisutnosti negatora genocida u glavnim medijima, nedostatnom financiranju muzeja i drugih kulturnih institucija te uklanjanju informacija o zlo\u010dinima u Drugom svjetskom ratu iz obrazovnih programa. Suvremene nacionalne i politi\u010dke podjele, kao i ekonomske pote\u0161ko\u0107e, negativno su utjecale na suradnju dionika i stru\u010dnjaka prema zajedni\u010dkim ciljevima. Ovaj dvodnevni doga\u0111aj odgovor je na sve ve\u0107u zabrinutost u vezi s prevencijom nasilja i rata u Europi, uklju\u010divanjem lokalnih organizacija i dionika u \u0161ire rasprave o ljudskim pravima diljem Europe. Cilj doga\u0111aja je stvaranje me\u0111unarodne mre\u017ee dionika i rasprava o inicijativama u zajednici koje imaju me\u0111unarodni zna\u010daj.<\/p>\n\n\n\n<p>Mre\u017ea uklju\u010duje dionike iz Hrvatske i Bosne i Hercegovine \u010dije su obitelji, zajednice i op\u0107ine bile pogo\u0111ene genocidnim praksama Nezavisne Dr\u017eave Hrvatske i Usta\u0161a tijekom Drugog svjetskog rata. Mre\u017ea tako\u0111er uklju\u010duje stru\u010dnjake za kulturnu ba\u0161tinu i tvorce politika koji trenutno provode istra\u017eivanja na ovu temu ili sura\u0111uju s dionicima u programima komemoracije i razvoju obrazovnih projekata.<\/p>\n\n\n\n<p>Na Sveu\u010dili\u0161tu u Durhamu, \u010dlanovi mre\u017ee \u0107e se sastati kako bi raspravljali o zajedni\u010dkom programu koji se bavi odnosom izme\u0111u kulturne ba\u0161tine i sprje\u010davanja strukturnog nasilja.<\/p>\n\n\n\n<p><strong>Organizacija:<\/strong><\/p>\n\n\n\n<p>Rui Gomes Coelho, Odjel za arheologiju, Sveu\u010dili\u0161te u Durhamu<\/p>\n\n\n\n<p>Sanja Horvatin\u010di\u0107, Institut za povijest umjetnosti, Zagreb<\/p>\n\n\n\n<p><strong>Podr\u0161ka: <\/strong><\/p>\n\n\n\n<p>Sastanak je organiziran kroz Grant Seedcorn Fond Sveu\u010dili\u0161ta u Durhamu, a realiziran u partnerstvu s istra\u017eiva\u010dkim projektom DIGitART.<\/p>\n\n\n\n<hr class=\"wp-block-separator\"\/>\n\n\n\n<p>Izvor:<\/p>\n\n\n\n<figure class=\"wp-block-embed-wordpress wp-block-embed is-type-wp-embed is-provider-documenta\"><div class=\"wp-block-embed__wrapper\">\n<blockquote class=\"wp-embedded-content\" data-secret=\"4UP3z6Rau6\"><a href=\"https:\/\/documenta.hr\/novosti\/nakon-nasilja-prakse-stvaranja-kulturne-bastine-u-hrvatskoj-i-bosni-i-hercegovini-nakon-drugog-svjetskog-rata\/\">Nakon nasilja: Prakse stvaranja kulturne ba\u0161tine u Hrvatskoj i Bosni i Hercegovini nakon Drugog svjetskog rata<\/a><\/blockquote><iframe loading=\"lazy\" class=\"wp-embedded-content\" sandbox=\"allow-scripts\" security=\"restricted\" style=\"position: absolute; clip: rect(1px, 1px, 1px, 1px);\" title=\"&#8220;Nakon nasilja: Prakse stvaranja kulturne ba\u0161tine u Hrvatskoj i Bosni i Hercegovini nakon Drugog svjetskog rata&#8221; &#8212; Documenta\" src=\"https:\/\/documenta.hr\/novosti\/nakon-nasilja-prakse-stvaranja-kulturne-bastine-u-hrvatskoj-i-bosni-i-hercegovini-nakon-drugog-svjetskog-rata\/embed\/#?secret=4UP3z6Rau6\" data-secret=\"4UP3z6Rau6\" width=\"600\" height=\"338\" frameborder=\"0\" marginwidth=\"0\" marginheight=\"0\" scrolling=\"no\"><\/iframe>\n<\/div><\/figure>\n\n\n\n<hr class=\"wp-block-separator\"\/>\n","protected":false},"excerpt":{"rendered":"","protected":false},"author":2,"featured_media":41050,"comment_status":"open","ping_status":"open","sticky":false,"template":"","format":"standard","meta":{"_acf_changed":false,"jetpack_post_was_ever_published":false,"_jetpack_newsletter_access":"","_jetpack_dont_email_post_to_subs":false,"_jetpack_newsletter_tier_id":0,"_jetpack_memberships_contains_paywalled_content":false,"_jetpack_memberships_contains_paid_content":false,"footnotes":"","jetpack_publicize_message":"","jetpack_publicize_feature_enabled":true,"jetpack_social_post_already_shared":true,"jetpack_social_options":{"image_generator_settings":{"template":"highway","default_image_id":0,"font":"","enabled":false},"version":2}},"categories":[3],"tags":[],"class_list":["post-41049","post","type-post","status-publish","format-standard","has-post-thumbnail","hentry","category-novosti"],"acf":{"facebook_opis":""},"jetpack_publicize_connections":[],"jetpack_featured_media_url":"https:\/\/i0.wp.com\/historiografija.hr\/wp-content\/uploads\/2024\/05\/Violence.jpg?fit=662%2C937&ssl=1","jetpack_sharing_enabled":true,"jetpack-related-posts":[],"_links":{"self":[{"href":"https:\/\/historiografija.hr\/index.php?rest_route=\/wp\/v2\/posts\/41049","targetHints":{"allow":["GET"]}}],"collection":[{"href":"https:\/\/historiografija.hr\/index.php?rest_route=\/wp\/v2\/posts"}],"about":[{"href":"https:\/\/historiografija.hr\/index.php?rest_route=\/wp\/v2\/types\/post"}],"author":[{"embeddable":true,"href":"https:\/\/historiografija.hr\/index.php?rest_route=\/wp\/v2\/users\/2"}],"replies":[{"embeddable":true,"href":"https:\/\/historiografija.hr\/index.php?rest_route=%2Fwp%2Fv2%2Fcomments&post=41049"}],"version-history":[{"count":1,"href":"https:\/\/historiografija.hr\/index.php?rest_route=\/wp\/v2\/posts\/41049\/revisions"}],"predecessor-version":[{"id":41051,"href":"https:\/\/historiografija.hr\/index.php?rest_route=\/wp\/v2\/posts\/41049\/revisions\/41051"}],"wp:featuredmedia":[{"embeddable":true,"href":"https:\/\/historiografija.hr\/index.php?rest_route=\/wp\/v2\/media\/41050"}],"wp:attachment":[{"href":"https:\/\/historiografija.hr\/index.php?rest_route=%2Fwp%2Fv2%2Fmedia&parent=41049"}],"wp:term":[{"taxonomy":"category","embeddable":true,"href":"https:\/\/historiografija.hr\/index.php?rest_route=%2Fwp%2Fv2%2Fcategories&post=41049"},{"taxonomy":"post_tag","embeddable":true,"href":"https:\/\/historiografija.hr\/index.php?rest_route=%2Fwp%2Fv2%2Ftags&post=41049"}],"curies":[{"name":"wp","href":"https:\/\/api.w.org\/{rel}","templated":true}]}}