{"id":41026,"date":"2024-05-27T10:40:10","date_gmt":"2024-05-27T10:40:10","guid":{"rendered":"http:\/\/historiografija.hr\/?p=41026"},"modified":"2024-05-27T10:40:10","modified_gmt":"2024-05-27T10:40:10","slug":"virtualna-izlozba-tragovima-obitelji-habsburg-u-muzeju-mimara","status":"publish","type":"post","link":"https:\/\/historiografija.hr\/?p=41026","title":{"rendered":"(Virtualna) izlo\u017eba \u201eTragovima obitelji Habsburg u Muzeju Mimara\u201c"},"content":{"rendered":"\n<p>18. svibnja 2024. \u2013 31. prosinca 2024. &nbsp;<\/p>\n\n\n\n<p>Autor izlo\u017ebe: Kre\u0161imir Juraga, vi\u0161i kustos<\/p>\n\n\n\n<hr class=\"wp-block-separator\"\/>\n\n\n\n<p>(Virtual) exhibition<\/p>\n\n\n\n<p><strong>Following the traces of the Habsburg family in the Mimara Museum<\/strong><\/p>\n\n\n\n<p>May 18, 2024 \u2013 December 31, 2024<\/p>\n\n\n\n<p>Exhibition author: Kre\u0161imir Juraga, senior curator<\/p>\n\n\n\n<hr class=\"wp-block-separator\"\/>\n\n\n\n<p>Op\u0161irnije:<\/p>\n\n\n\n<p><a href=\"https:\/\/www.mimara.hr\/aktualno\/tragovima-obitelji-habsburg-u-muzeju-mimara_9888\">https:\/\/www.mimara.hr\/aktualno\/tragovima-obitelji-habsburg-u-muzeju-mimara_9888<\/a><\/p>\n\n\n\n<hr class=\"wp-block-separator\"\/>\n","protected":false},"excerpt":{"rendered":"","protected":false},"author":2,"featured_media":41027,"comment_status":"open","ping_status":"open","sticky":false,"template":"","format":"standard","meta":{"_acf_changed":false,"jetpack_post_was_ever_published":false,"_jetpack_newsletter_access":"","_jetpack_dont_email_post_to_subs":false,"_jetpack_newsletter_tier_id":0,"_jetpack_memberships_contains_paywalled_content":false,"_jetpack_memberships_contains_paid_content":false,"footnotes":"","jetpack_publicize_message":"","jetpack_publicize_feature_enabled":true,"jetpack_social_post_already_shared":true,"jetpack_social_options":{"image_generator_settings":{"template":"highway","default_image_id":0,"font":"","enabled":false},"version":2}},"categories":[10,3],"tags":[],"class_list":["post-41026","post","type-post","status-publish","format-standard","has-post-thumbnail","hentry","category-izlozbe","category-novosti"],"acf":{"facebook_opis":""},"jetpack_publicize_connections":[],"jetpack_featured_media_url":"https:\/\/i0.wp.com\/historiografija.hr\/wp-content\/uploads\/2024\/05\/Habsburg.jpg?fit=557%2C541&ssl=1","jetpack_sharing_enabled":true,"jetpack-related-posts":[],"_links":{"self":[{"href":"https:\/\/historiografija.hr\/index.php?rest_route=\/wp\/v2\/posts\/41026","targetHints":{"allow":["GET"]}}],"collection":[{"href":"https:\/\/historiografija.hr\/index.php?rest_route=\/wp\/v2\/posts"}],"about":[{"href":"https:\/\/historiografija.hr\/index.php?rest_route=\/wp\/v2\/types\/post"}],"author":[{"embeddable":true,"href":"https:\/\/historiografija.hr\/index.php?rest_route=\/wp\/v2\/users\/2"}],"replies":[{"embeddable":true,"href":"https:\/\/historiografija.hr\/index.php?rest_route=%2Fwp%2Fv2%2Fcomments&post=41026"}],"version-history":[{"count":1,"href":"https:\/\/historiografija.hr\/index.php?rest_route=\/wp\/v2\/posts\/41026\/revisions"}],"predecessor-version":[{"id":41028,"href":"https:\/\/historiografija.hr\/index.php?rest_route=\/wp\/v2\/posts\/41026\/revisions\/41028"}],"wp:featuredmedia":[{"embeddable":true,"href":"https:\/\/historiografija.hr\/index.php?rest_route=\/wp\/v2\/media\/41027"}],"wp:attachment":[{"href":"https:\/\/historiografija.hr\/index.php?rest_route=%2Fwp%2Fv2%2Fmedia&parent=41026"}],"wp:term":[{"taxonomy":"category","embeddable":true,"href":"https:\/\/historiografija.hr\/index.php?rest_route=%2Fwp%2Fv2%2Fcategories&post=41026"},{"taxonomy":"post_tag","embeddable":true,"href":"https:\/\/historiografija.hr\/index.php?rest_route=%2Fwp%2Fv2%2Ftags&post=41026"}],"curies":[{"name":"wp","href":"https:\/\/api.w.org\/{rel}","templated":true}]}}