{"id":40989,"date":"2024-05-25T00:22:56","date_gmt":"2024-05-25T00:22:56","guid":{"rendered":"http:\/\/historiografija.hr\/?p=40989"},"modified":"2024-08-23T14:32:26","modified_gmt":"2024-08-23T14:32:26","slug":"polemicki-prilozi-o-ostavci-ravnatelja-javne-ustanove-spomen-podrucja-jasenovac-ive-pejakovica","status":"publish","type":"post","link":"https:\/\/historiografija.hr\/?p=40989","title":{"rendered":"Polemi\u010dki prilozi o ostavci ravnatelja Javne ustanove Spomen-podru\u010dje Jasenovac Ive Pejakovi\u0107a"},"content":{"rendered":"\n<p>Proteklih dana u medijima su objavljeni brojni polemi\u010dki prilozi povodom ostavke ravnatelja Javne ustanove Spomen-podru\u010dje Jasenovac Ive Pejakovi\u0107a potaknute \u010dlankom objavljenim na portalu CroFacta.<\/p>\n\n\n\n<hr class=\"wp-block-separator\"\/>\n\n\n\n<p><strong>Vijesti, izjave i komentari:<\/strong><\/p>\n\n\n\n<hr class=\"wp-block-separator\"\/>\n\n\n\n<p><a href=\"https:\/\/www.vecernji.hr\/vijesti\/na-mreznim-stranicama-spomen-podrucja-jasenovac-netocne-informacije-1770659\">https:\/\/www.vecernji.hr\/vijesti\/na-mreznim-stranicama-spomen-podrucja-jasenovac-netocne-informacije-1770659<\/a><\/p>\n\n\n\n<hr class=\"wp-block-separator\"\/>\n\n\n\n<p><a href=\"https:\/\/www.portalnovosti.com\/ravnatelj-jusp-a-jasenovac-podnio-ostavku\">https:\/\/www.portalnovosti.com\/ravnatelj-jusp-a-jasenovac-podnio-ostavku<\/a><\/p>\n\n\n\n<p><a href=\"https:\/\/vijesti.hrt.hr\/hrvatska\/ravnatelj-spomen-podrucja-jasenovac-podnio-ostavku-11556533\">https:\/\/vijesti.hrt.hr\/hrvatska\/ravnatelj-spomen-podrucja-jasenovac-podnio-ostavku-11556533<\/a><\/p>\n\n\n\n<p><a href=\"https:\/\/www.vecernji.hr\/vijesti\/ravnatelj-jasenovca-ivo-pejakovic-podnio-je-ostavku-1770929\">https:\/\/www.vecernji.hr\/vijesti\/ravnatelj-jasenovca-ivo-pejakovic-podnio-je-ostavku-1770929<\/a><\/p>\n\n\n\n<p><a href=\"https:\/\/historiografija.ba\/article.php?id=2499\">https:\/\/historiografija.ba\/article.php?id=2499<\/a><\/p>\n\n\n\n<hr class=\"wp-block-separator\"\/>\n\n\n\n<p><a href=\"https:\/\/www.jutarnji.hr\/vijesti\/hrvatska\/koji-je-pravi-razlog-ostavke-ravnatelja-jasenovca-hasanbegovic-pitajte-pupovca-15463586\">https:\/\/www.jutarnji.hr\/vijesti\/hrvatska\/koji-je-pravi-razlog-ostavke-ravnatelja-jasenovca-hasanbegovic-pitajte-pupovca-15463586<\/a><\/p>\n\n\n\n<figure class=\"wp-block-embed-wordpress wp-block-embed is-type-wp-embed is-provider-nacional-hr\"><div class=\"wp-block-embed__wrapper\">\n<blockquote class=\"wp-embedded-content\" data-secret=\"E2Y1XXC7xA\"><a href=\"https:\/\/www.nacional.hr\/pozadina-sukoba-hasanbegovic-pitajte-pupovca-zasto-je-ravnatelj-jasenovca-dao-ostavku-sdss-ovac-mu-odmah-odgovorio\/\">POZADINA SUKOBA Hasanbegovi\u0107: Pitajte Pupovca za\u0161to je ravnatelj Jasenovca dao ostavku; SDSS-ovac mu odmah odgovorio<\/a><\/blockquote><iframe loading=\"lazy\" class=\"wp-embedded-content\" sandbox=\"allow-scripts\" security=\"restricted\" style=\"position: absolute; clip: rect(1px, 1px, 1px, 1px);\" title=\"&#8220;POZADINA SUKOBA Hasanbegovi\u0107: Pitajte Pupovca za\u0161to je ravnatelj Jasenovca dao ostavku; SDSS-ovac mu odmah odgovorio&#8221; &#8212; NACIONAL.HR\" src=\"https:\/\/www.nacional.hr\/pozadina-sukoba-hasanbegovic-pitajte-pupovca-zasto-je-ravnatelj-jasenovca-dao-ostavku-sdss-ovac-mu-odmah-odgovorio\/embed\/#?secret=RQ3leR9h4F#?secret=E2Y1XXC7xA\" data-secret=\"E2Y1XXC7xA\" width=\"600\" height=\"338\" frameborder=\"0\" marginwidth=\"0\" marginheight=\"0\" scrolling=\"no\"><\/iframe>\n<\/div><\/figure>\n\n\n\n<p><a href=\"https:\/\/www.jutarnji.hr\/vijesti\/hrvatska\/ravnatelj-jasenovca-otkriva-je-li-dao-ostavku-zbog-domovinskog-pokreta-moj-nasljednik-ce-imati-izazovan-posao-15463678\">https:\/\/www.jutarnji.hr\/vijesti\/hrvatska\/ravnatelj-jasenovca-otkriva-je-li-dao-ostavku-zbog-domovinskog-pokreta-moj-nasljednik-ce-imati-izazovan-posao-15463678<\/a><\/p>\n\n\n\n<figure class=\"wp-block-embed-wordpress wp-block-embed is-type-wp-embed is-provider-n-1\"><div class=\"wp-block-embed__wrapper\">\n<blockquote class=\"wp-embedded-content\" data-secret=\"F8K9SqdJfh\"><a href=\"https:\/\/n1info.hr\/vijesti\/pejakovic-o-ostavci-razisao-sam-se-s-vlastima-za-mene-je-ustaski-genocid-nad-srbima-cinjenica\/\">Pejakovi\u0107 o ostavci: &#8220;Razi\u0161ao sam se s vlastima, za mene je usta\u0161ki genocid nad Srbima &#8211; \u010dinjenica&#8221;<\/a><\/blockquote><iframe loading=\"lazy\" class=\"wp-embedded-content\" sandbox=\"allow-scripts\" security=\"restricted\" style=\"position: absolute; clip: rect(1px, 1px, 1px, 1px);\" title=\"&#8220;Pejakovi\u0107 o ostavci: &#8220;Razi\u0161ao sam se s vlastima, za mene je usta\u0161ki genocid nad Srbima &#8211; \u010dinjenica&#8221;&#8221; &#8212; N1\" src=\"https:\/\/n1info.hr\/vijesti\/pejakovic-o-ostavci-razisao-sam-se-s-vlastima-za-mene-je-ustaski-genocid-nad-srbima-cinjenica\/embed\/#?secret=PsAhKZiiSg#?secret=F8K9SqdJfh\" data-secret=\"F8K9SqdJfh\" width=\"600\" height=\"338\" frameborder=\"0\" marginwidth=\"0\" marginheight=\"0\" scrolling=\"no\"><\/iframe>\n<\/div><\/figure>\n\n\n\n<hr class=\"wp-block-separator\"\/>\n\n\n\n<figure class=\"wp-block-embed-wordpress wp-block-embed is-type-wp-embed is-provider-novi-list\"><div class=\"wp-block-embed__wrapper\">\nhttps:\/\/www.novilist.hr\/novosti\/hrvatska\/otkrivamo-pozadinu-ostavke-ravnatelja-jasenovca-mijenja-se-narativ-u-dp-u-ima-ljudi-koji-bi-rado-redizajnirali-povijest\/\n<\/div><\/figure>\n\n\n\n<p><a href=\"https:\/\/www.rts.rs\/lat\/vesti\/region\/5447093\/ivo-pejakovic-jasenovac-hrvatska-istoricar.html\">https:\/\/www.rts.rs\/lat\/vesti\/region\/5447093\/ivo-pejakovic-jasenovac-hrvatska-istoricar.html<\/a><\/p>\n\n\n\n<hr class=\"wp-block-separator\"\/>\n\n\n\n<figure class=\"wp-block-embed-wordpress wp-block-embed is-type-wp-embed is-provider-documenta\"><div class=\"wp-block-embed__wrapper\">\n<blockquote class=\"wp-embedded-content\" data-secret=\"orayxpBBWY\"><a href=\"https:\/\/documenta.hr\/novosti\/pritisci-na-jusp-jasenovac-tjeraju-one-s-integritetom-na-put-bez-povratka\/\">Pritisci na JUSP Jasenovac tjeraju one s integritetom na put bez povratka<\/a><\/blockquote><iframe loading=\"lazy\" class=\"wp-embedded-content\" sandbox=\"allow-scripts\" security=\"restricted\" style=\"position: absolute; clip: rect(1px, 1px, 1px, 1px);\" title=\"&#8220;Pritisci na JUSP Jasenovac tjeraju one s integritetom na put bez povratka&#8221; &#8212; Documenta\" src=\"https:\/\/documenta.hr\/novosti\/pritisci-na-jusp-jasenovac-tjeraju-one-s-integritetom-na-put-bez-povratka\/embed\/#?secret=orayxpBBWY\" data-secret=\"orayxpBBWY\" width=\"600\" height=\"338\" frameborder=\"0\" marginwidth=\"0\" marginheight=\"0\" scrolling=\"no\"><\/iframe>\n<\/div><\/figure>\n\n\n\n<p><a href=\"https:\/\/www.tportal.hr\/vijesti\/clanak\/documenta-pisala-obuljen-korzinek-smeta-ih-cenzura-neka-kustosi-pripreme-tekst-20240524\">https:\/\/www.tportal.hr\/vijesti\/clanak\/documenta-pisala-obuljen-korzinek-smeta-ih-cenzura-neka-kustosi-pripreme-tekst-20240524<\/a><\/p>\n\n\n\n<p><a href=\"https:\/\/www.jutarnji.hr\/vijesti\/hrvatska\/nakon-odlaska-pejakovica-trazi-se-novi-model-imenovanja-upravnog-vijeca-spomen-podrucja-jasenovac-15464283\">https:\/\/www.jutarnji.hr\/vijesti\/hrvatska\/nakon-odlaska-pejakovica-trazi-se-novi-model-imenovanja-upravnog-vijeca-spomen-podrucja-jasenovac-15464283<\/a><\/p>\n\n\n\n<hr class=\"wp-block-separator\"\/>\n\n\n\n<p><a href=\"https:\/\/www.telegram.hr\/komentari\/ostavka-direktora-jasenovca-je-potpuno-logicna-u-ovakvoj-hrvatskoj-koja-kao-da-kopira-odnos-srbije-prema-srebrenici-on-je-naprosto-visak\/\">https:\/\/www.telegram.hr\/komentari\/ostavka-direktora-jasenovca-je-potpuno-logicna-u-ovakvoj-hrvatskoj-koja-kao-da-kopira-odnos-srbije-prema-srebrenici-on-je-naprosto-visak\/<\/a><\/p>\n\n\n\n<p><a href=\"https:\/\/www.telegram.hr\/komentari\/nepreciznost-o-paktu-ustasa-i-nacista-trijumf-je-revizionista-zamutili-su-vodu-istjerali-ravnatelja-jasenovca-a-pupovac-se-jos-uzda-u-hdz\/\">https:\/\/www.telegram.hr\/komentari\/nepreciznost-o-paktu-ustasa-i-nacista-trijumf-je-revizionista-zamutili-su-vodu-istjerali-ravnatelja-jasenovca-a-pupovac-se-jos-uzda-u-hdz\/<\/a><\/p>\n\n\n\n<hr class=\"wp-block-separator\"\/>\n\n\n\n<figure class=\"wp-block-embed-wordpress wp-block-embed is-type-wp-embed is-provider-tacno-net\"><div class=\"wp-block-embed__wrapper\">\n<blockquote class=\"wp-embedded-content\" data-secret=\"HQfxWWPoC8\"><a href=\"https:\/\/tacno.net\/kako-plenkovic-vucicu-servira-jasenovac\/\">Kako Plenkovi\u0107 Vu\u010di\u0107u servira Jasenovac<\/a><\/blockquote><iframe loading=\"lazy\" class=\"wp-embedded-content\" sandbox=\"allow-scripts\" security=\"restricted\" style=\"position: absolute; clip: rect(1px, 1px, 1px, 1px);\" title=\"&#8220;Kako Plenkovi\u0107 Vu\u010di\u0107u servira Jasenovac&#8221; &#8212; Tacno.net\" src=\"https:\/\/tacno.net\/kako-plenkovic-vucicu-servira-jasenovac\/embed\/#?secret=d7irqJfhrL#?secret=HQfxWWPoC8\" data-secret=\"HQfxWWPoC8\" width=\"600\" height=\"338\" frameborder=\"0\" marginwidth=\"0\" marginheight=\"0\" scrolling=\"no\"><\/iframe>\n<\/div><\/figure>\n\n\n\n<hr class=\"wp-block-separator\"\/>\n\n\n\n<figure class=\"wp-block-embed-wordpress wp-block-embed is-type-wp-embed is-provider-narod-hr\"><div class=\"wp-block-embed__wrapper\">\n<blockquote class=\"wp-embedded-content\" data-secret=\"b6xNkpX0I3\"><a href=\"https:\/\/narod.hr\/hrvatska\/saric-ostavka-ravnatelja-jusp-a-jasenovac-ponovno-je-otvorila-pitanje-smije-li-se-uopce-istrazivati-jasenovac\">\u0160ari\u0107: Ostavka ravnatelja otvara pitanje &#8211; smije li se uop\u0107e istra\u017eivati Jasenovac?<\/a><\/blockquote><iframe loading=\"lazy\" class=\"wp-embedded-content\" sandbox=\"allow-scripts\" security=\"restricted\" style=\"position: absolute; clip: rect(1px, 1px, 1px, 1px);\" title=\"&#8220;\u0160ari\u0107: Ostavka ravnatelja otvara pitanje &#8211; smije li se uop\u0107e istra\u017eivati Jasenovac?&#8221; &#8212; narod.hr\" src=\"https:\/\/narod.hr\/hrvatska\/saric-ostavka-ravnatelja-jusp-a-jasenovac-ponovno-je-otvorila-pitanje-smije-li-se-uopce-istrazivati-jasenovac\/embed#?secret=bgZpusvglq#?secret=b6xNkpX0I3\" data-secret=\"b6xNkpX0I3\" width=\"600\" height=\"338\" frameborder=\"0\" marginwidth=\"0\" marginheight=\"0\" scrolling=\"no\"><\/iframe>\n<\/div><\/figure>\n\n\n\n<figure class=\"wp-block-embed-wordpress wp-block-embed is-type-wp-embed is-provider-narod-hr\"><div class=\"wp-block-embed__wrapper\">\n<blockquote class=\"wp-embedded-content\" data-secret=\"XCrIHl7IAn\"><a href=\"https:\/\/narod.hr\/hrvatska\/prof-marusic-vrijeme-je-da-se-objavi-istina-o-jasenovackom-logoru\">Prof. Maru\u0161i\u0107: Vrijeme je da se objavi istina o jasenova\u010dkom logoru<\/a><\/blockquote><iframe loading=\"lazy\" class=\"wp-embedded-content\" sandbox=\"allow-scripts\" security=\"restricted\" style=\"position: absolute; clip: rect(1px, 1px, 1px, 1px);\" title=\"&#8220;Prof. Maru\u0161i\u0107: Vrijeme je da se objavi istina o jasenova\u010dkom logoru&#8221; &#8212; narod.hr\" src=\"https:\/\/narod.hr\/hrvatska\/prof-marusic-vrijeme-je-da-se-objavi-istina-o-jasenovackom-logoru\/embed#?secret=miG2VoYuib#?secret=XCrIHl7IAn\" data-secret=\"XCrIHl7IAn\" width=\"600\" height=\"338\" frameborder=\"0\" marginwidth=\"0\" marginheight=\"0\" scrolling=\"no\"><\/iframe>\n<\/div><\/figure>\n\n\n\n<figure class=\"wp-block-embed-wordpress wp-block-embed is-type-wp-embed is-provider-narod-hr\"><div class=\"wp-block-embed__wrapper\">\n<blockquote class=\"wp-embedded-content\" data-secret=\"wr2SCZJcBj\"><a href=\"https:\/\/narod.hr\/hrvatska\/miki-bratanic-proboj-istine-iz-logora-jasenovac\">Miki Bratani\u0107: Proboj istine iz logora Jasenovac<\/a><\/blockquote><iframe loading=\"lazy\" class=\"wp-embedded-content\" sandbox=\"allow-scripts\" security=\"restricted\" style=\"position: absolute; clip: rect(1px, 1px, 1px, 1px);\" title=\"&#8220;Miki Bratani\u0107: Proboj istine iz logora Jasenovac&#8221; &#8212; narod.hr\" src=\"https:\/\/narod.hr\/hrvatska\/miki-bratanic-proboj-istine-iz-logora-jasenovac\/embed#?secret=EaSzF0Zhye#?secret=wr2SCZJcBj\" data-secret=\"wr2SCZJcBj\" width=\"600\" height=\"338\" frameborder=\"0\" marginwidth=\"0\" marginheight=\"0\" scrolling=\"no\"><\/iframe>\n<\/div><\/figure>\n\n\n\n<figure class=\"wp-block-embed-wordpress wp-block-embed is-type-wp-embed is-provider-narod-hr\"><div class=\"wp-block-embed__wrapper\">\n<blockquote class=\"wp-embedded-content\" data-secret=\"c0Cx8tuKB6\"><a href=\"https:\/\/narod.hr\/hrvatska\/o-ostavci-ravnatelja-jasenovca-oglasila-se-civilna-udruga-documenta-centar-za-suocavanje-s-prosloscu\">Documenta Pejakovi\u0107a nazvala &#8216;stru\u010dnim i hrabrim&#8217;: Jasenovac treba osloboditi politizacije i poku\u0161aja cenzuriranja<\/a><\/blockquote><iframe loading=\"lazy\" class=\"wp-embedded-content\" sandbox=\"allow-scripts\" security=\"restricted\" style=\"position: absolute; clip: rect(1px, 1px, 1px, 1px);\" title=\"&#8220;Documenta Pejakovi\u0107a nazvala &#8216;stru\u010dnim i hrabrim&#8217;: Jasenovac treba osloboditi politizacije i poku\u0161aja cenzuriranja&#8221; &#8212; narod.hr\" src=\"https:\/\/narod.hr\/hrvatska\/o-ostavci-ravnatelja-jasenovca-oglasila-se-civilna-udruga-documenta-centar-za-suocavanje-s-prosloscu\/embed#?secret=CMe9YaoBAL#?secret=c0Cx8tuKB6\" data-secret=\"c0Cx8tuKB6\" width=\"600\" height=\"338\" frameborder=\"0\" marginwidth=\"0\" marginheight=\"0\" scrolling=\"no\"><\/iframe>\n<\/div><\/figure>\n\n\n\n<figure class=\"wp-block-embed-wordpress wp-block-embed is-type-wp-embed is-provider-narod-hr\"><div class=\"wp-block-embed__wrapper\">\n<blockquote class=\"wp-embedded-content\" data-secret=\"aixSFb441p\"><a href=\"https:\/\/narod.hr\/hrvatska\/banic-i-koic-za-narod-hr-ravnatelj-jusp-jasenovac-je-dosao-s-politikom-i-s-njom-i-odlazi\">Bani\u0107 i Koi\u0107 za Narod.hr: Ravnatelj JUSP Jasenovac je do\u0161ao s politikom i s njom i odlazi<\/a><\/blockquote><iframe loading=\"lazy\" class=\"wp-embedded-content\" sandbox=\"allow-scripts\" security=\"restricted\" style=\"position: absolute; clip: rect(1px, 1px, 1px, 1px);\" title=\"&#8220;Bani\u0107 i Koi\u0107 za Narod.hr: Ravnatelj JUSP Jasenovac je do\u0161ao s politikom i s njom i odlazi&#8221; &#8212; narod.hr\" src=\"https:\/\/narod.hr\/hrvatska\/banic-i-koic-za-narod-hr-ravnatelj-jusp-jasenovac-je-dosao-s-politikom-i-s-njom-i-odlazi\/embed#?secret=Cwmo5tlb3b#?secret=aixSFb441p\" data-secret=\"aixSFb441p\" width=\"600\" height=\"338\" frameborder=\"0\" marginwidth=\"0\" marginheight=\"0\" scrolling=\"no\"><\/iframe>\n<\/div><\/figure>\n\n\n\n<hr class=\"wp-block-separator\"\/>\n\n\n\n<p><a href=\"https:\/\/www.crona.hr\/kolumne\/ivica-marijacic\/5363-zele-da-izmisljeni-ili-nedokazani-jasenovacki-zlocin-opstane\">https:\/\/www.crona.hr\/kolumne\/ivica-marijacic\/5363-zele-da-izmisljeni-ili-nedokazani-jasenovacki-zlocin-opstane<\/a><\/p>\n\n\n\n<hr class=\"wp-block-separator\"\/>\n\n\n\n<p><a href=\"https:\/\/www.popodnevnik.hr\/blog\/predsjednik-savjeta-jusp-a-jasenovac-je-franjo-habulin-predsjednik-komunisticke-udruge-saba-rh\/346\">https:\/\/www.popodnevnik.hr\/blog\/predsjednik-savjeta-jusp-a-jasenovac-je-franjo-habulin-predsjednik-komunisticke-udruge-saba-rh\/346<\/a><\/p>\n\n\n\n<hr class=\"wp-block-separator\"\/>\n\n\n\n<p><a href=\"https:\/\/slobodnadalmacija.hr\/vijesti\/hrvatska\/visnja-staresina-slucaj-pejakovic-pokazao-kako-hrvatski-jusp-jasenovac-lazira-dokaze-genocida-po-mjeri-srpskog-sveta-1391396\">https:\/\/slobodnadalmacija.hr\/vijesti\/hrvatska\/visnja-staresina-slucaj-pejakovic-pokazao-kako-hrvatski-jusp-jasenovac-lazira-dokaze-genocida-po-mjeri-srpskog-sveta-1391396<\/a><\/p>\n\n\n\n<p><a href=\"https:\/\/www.vecernji.hr\/vijesti\/zasto-je-vazno-otkriti-autora-laznih-tvrdnji-o-konacnom-rjesenju-srpskog-pitanja-u-ndh-1772257\">https:\/\/www.vecernji.hr\/vijesti\/zasto-je-vazno-otkriti-autora-laznih-tvrdnji-o-konacnom-rjesenju-srpskog-pitanja-u-ndh-1772257<\/a><\/p>\n\n\n\n<hr class=\"wp-block-separator\"\/>\n\n\n\n<p><a href=\"https:\/\/www.politika.rs\/sr\/clanak\/616030\/Pejakovic-odlazi-zbog-pritiska-desnicara\">https:\/\/www.politika.rs\/sr\/clanak\/616030\/Pejakovic-odlazi-zbog-pritiska-desnicara<\/a><\/p>\n\n\n\n<p><a href=\"https:\/\/www.politika.rs\/sr\/clanak\/615823\/Treba-definisati-termin-sta-se-Srbima-dogodilo-u-NDH\">https:\/\/www.politika.rs\/sr\/clanak\/615823\/Treba-definisati-termin-sta-se-Srbima-dogodilo-u-NDH<\/a><\/p>\n\n\n\n<p><a href=\"https:\/\/www.politika.rs\/sr\/clanak\/615722\/Direktor-JUSP-Jasenovac-Ivo-Pejakovic-podneo-ostavku-doslo-je-takvo-vreme\">https:\/\/www.politika.rs\/sr\/clanak\/615722\/Direktor-JUSP-Jasenovac-Ivo-Pejakovic-podneo-ostavku-doslo-je-takvo-vreme<\/a><\/p>\n\n\n\n<hr class=\"wp-block-separator\"\/>\n\n\n\n<figure class=\"wp-block-embed-wordpress wp-block-embed is-type-wp-embed is-provider-srpskainfo\"><div class=\"wp-block-embed__wrapper\">\n<blockquote class=\"wp-embedded-content\" data-secret=\"9YEWZSPKQ5\"><a href=\"https:\/\/srpskainfo.com\/foto-sta-se-dogodilo-sa-srbima-u-ndh-jasenovac-ponovo-u-fokusu-hrvatske-javnosti\/\">(FOTO) \u0160ta se dogodilo sa Srbima u NDH: Jasenovac ponovo u fokusu hrvatske javnosti<\/a><\/blockquote><iframe loading=\"lazy\" class=\"wp-embedded-content\" sandbox=\"allow-scripts\" security=\"restricted\" style=\"position: absolute; clip: rect(1px, 1px, 1px, 1px);\" title=\"&#8220;(FOTO) \u0160ta se dogodilo sa Srbima u NDH: Jasenovac ponovo u fokusu hrvatske javnosti&#8221; &#8212; Srpskainfo\" src=\"https:\/\/srpskainfo.com\/foto-sta-se-dogodilo-sa-srbima-u-ndh-jasenovac-ponovo-u-fokusu-hrvatske-javnosti\/embed\/#?secret=9MmqaURVvX#?secret=9YEWZSPKQ5\" data-secret=\"9YEWZSPKQ5\" width=\"600\" height=\"338\" frameborder=\"0\" marginwidth=\"0\" marginheight=\"0\" scrolling=\"no\"><\/iframe>\n<\/div><\/figure>\n\n\n\n<hr class=\"wp-block-separator\"\/>\n\n\n\n<figure class=\"wp-block-embed-youtube wp-block-embed is-type-video is-provider-youtube wp-embed-aspect-16-9 wp-has-aspect-ratio\"><div class=\"wp-block-embed__wrapper\">\n<span class=\"embed-youtube\" style=\"text-align:center; display: block;\"><iframe loading=\"lazy\" class=\"youtube-player\" width=\"860\" height=\"484\" src=\"https:\/\/www.youtube.com\/embed\/iz5A8nEV9H8?version=3&#038;rel=1&#038;showsearch=0&#038;showinfo=1&#038;iv_load_policy=1&#038;fs=1&#038;hl=hr&#038;autohide=2&#038;wmode=transparent\" allowfullscreen=\"true\" style=\"border:0;\" sandbox=\"allow-scripts allow-same-origin allow-popups allow-presentation allow-popups-to-escape-sandbox\"><\/iframe><\/span>\n<\/div><\/figure>\n\n\n\n<hr class=\"wp-block-separator\"\/>\n\n\n\n<figure class=\"wp-block-embed-youtube wp-block-embed is-type-video is-provider-youtube wp-embed-aspect-16-9 wp-has-aspect-ratio\"><div class=\"wp-block-embed__wrapper\">\n<span class=\"embed-youtube\" style=\"text-align:center; display: block;\"><iframe loading=\"lazy\" class=\"youtube-player\" width=\"860\" height=\"484\" src=\"https:\/\/www.youtube.com\/embed\/RWTVjdaqBL0?version=3&#038;rel=1&#038;showsearch=0&#038;showinfo=1&#038;iv_load_policy=1&#038;fs=1&#038;hl=hr&#038;autohide=2&#038;wmode=transparent\" allowfullscreen=\"true\" style=\"border:0;\" sandbox=\"allow-scripts allow-same-origin allow-popups allow-presentation allow-popups-to-escape-sandbox\"><\/iframe><\/span>\n<\/div><\/figure>\n\n\n\n<hr class=\"wp-block-separator\"\/>\n\n\n\n<p><a href=\"https:\/\/www.pressreader.com\/croatia\/express-0962\/20240531\/281801404095773\">https:\/\/www.pressreader.com\/croatia\/express-0962\/20240531\/281801404095773<\/a><\/p>\n\n\n\n<hr class=\"wp-block-separator\"\/>\n\n\n\n<p><a href=\"https:\/\/p-portal.net\/tribina-zasto-je-otisao-ivo-pejakovic\">https:\/\/p-portal.net\/tribina-zasto-je-otisao-ivo-pejakovic<\/a><\/p>\n\n\n\n<hr class=\"wp-block-separator\"\/>\n\n\n\n<p><a href=\"https:\/\/portalnovosti.com\/tabuiziranje-genocida\">https:\/\/portalnovosti.com\/tabuiziranje-genocida<\/a><\/p>\n\n\n\n<hr class=\"wp-block-separator\"\/>\n\n\n\n<figure class=\"wp-block-embed-wordpress wp-block-embed is-type-wp-embed is-provider-nacional-hr\"><div class=\"wp-block-embed__wrapper\">\n<blockquote class=\"wp-embedded-content\" data-secret=\"pZTHLVjUHf\"><a href=\"https:\/\/www.nacional.hr\/presuceni-podli-manevar-pejakovic-je-otisao-i-zato-sto-plenkoviceva-vlada-odbija-priznati-ustaski-genocid-nad-srbima\/\">PRE\u0160U\u0106ENI PODLI MANEVAR Pejakovi\u0107 je oti\u0161ao i zato \u0161to Plenkovi\u0107eva vlada odbija priznati usta\u0161ki genocid nad Srbima<\/a><\/blockquote><iframe loading=\"lazy\" class=\"wp-embedded-content\" sandbox=\"allow-scripts\" security=\"restricted\" style=\"position: absolute; clip: rect(1px, 1px, 1px, 1px);\" title=\"&#8220;PRE\u0160U\u0106ENI PODLI MANEVAR Pejakovi\u0107 je oti\u0161ao i zato \u0161to Plenkovi\u0107eva vlada odbija priznati usta\u0161ki genocid nad Srbima&#8221; &#8212; NACIONAL.HR\" src=\"https:\/\/www.nacional.hr\/presuceni-podli-manevar-pejakovic-je-otisao-i-zato-sto-plenkoviceva-vlada-odbija-priznati-ustaski-genocid-nad-srbima\/embed\/#?secret=XQ59zSVvrE#?secret=pZTHLVjUHf\" data-secret=\"pZTHLVjUHf\" width=\"600\" height=\"338\" frameborder=\"0\" marginwidth=\"0\" marginheight=\"0\" scrolling=\"no\"><\/iframe>\n<\/div><\/figure>\n\n\n\n<figure class=\"wp-block-embed-wordpress wp-block-embed is-type-wp-embed is-provider-nacional-hr\"><div class=\"wp-block-embed__wrapper\">\n<blockquote class=\"wp-embedded-content\" data-secret=\"tlukLLQWvS\"><a href=\"https:\/\/www.nacional.hr\/ostavka-podigla-prasinu-klasic-za-nacional-geiger-iskljucivo-trazi-greske-u-tudim-radovima-ne-znam-zna-li-itko\/\">OSTAVKA UZBURKALA JAVNOST Klasi\u0107 za Nacional: Geiger isklju\u010divo tra\u017ei gre\u0161ke u tu\u0111im radovima, ne znam zna li itko&#8230;<\/a><\/blockquote><iframe loading=\"lazy\" class=\"wp-embedded-content\" sandbox=\"allow-scripts\" security=\"restricted\" style=\"position: absolute; clip: rect(1px, 1px, 1px, 1px);\" title=\"&#8220;OSTAVKA UZBURKALA JAVNOST Klasi\u0107 za Nacional: Geiger isklju\u010divo tra\u017ei gre\u0161ke u tu\u0111im radovima, ne znam zna li itko&#8230;&#8221; &#8212; NACIONAL.HR\" src=\"https:\/\/www.nacional.hr\/ostavka-podigla-prasinu-klasic-za-nacional-geiger-iskljucivo-trazi-greske-u-tudim-radovima-ne-znam-zna-li-itko\/embed\/#?secret=jwP0eSNVkK#?secret=tlukLLQWvS\" data-secret=\"tlukLLQWvS\" width=\"600\" height=\"338\" frameborder=\"0\" marginwidth=\"0\" marginheight=\"0\" scrolling=\"no\"><\/iframe>\n<\/div><\/figure>\n\n\n\n<figure class=\"wp-block-embed-wordpress wp-block-embed is-type-wp-embed is-provider-nacional-hr\"><div class=\"wp-block-embed__wrapper\">\n<blockquote class=\"wp-embedded-content\" data-secret=\"ZCIHTYtF1m\"><a href=\"https:\/\/www.nacional.hr\/hrvoje-klasic-ravnatelj-spomen-podrucja-jasenovac-nije-trebao-dati-ostavku-zbog-tude-pogreske\/\">HRVOJE KLASI\u0106 &#8216;Ravnatelj Spomen-podru\u010dja Jasenovac nije trebao dati ostavku zbog tu\u0111e pogre\u0161ke&#8217;<\/a><\/blockquote><iframe loading=\"lazy\" class=\"wp-embedded-content\" sandbox=\"allow-scripts\" security=\"restricted\" style=\"position: absolute; clip: rect(1px, 1px, 1px, 1px);\" title=\"&#8220;HRVOJE KLASI\u0106 &#8216;Ravnatelj Spomen-podru\u010dja Jasenovac nije trebao dati ostavku zbog tu\u0111e pogre\u0161ke&#8217;&#8221; &#8212; NACIONAL.HR\" src=\"https:\/\/www.nacional.hr\/hrvoje-klasic-ravnatelj-spomen-podrucja-jasenovac-nije-trebao-dati-ostavku-zbog-tude-pogreske\/embed\/#?secret=EJKVEJlaT1#?secret=ZCIHTYtF1m\" data-secret=\"ZCIHTYtF1m\" width=\"600\" height=\"338\" frameborder=\"0\" marginwidth=\"0\" marginheight=\"0\" scrolling=\"no\"><\/iframe>\n<\/div><\/figure>\n\n\n\n<figure class=\"wp-block-embed-wordpress wp-block-embed is-type-wp-embed is-provider-n-1\"><div class=\"wp-block-embed__wrapper\">\n<blockquote class=\"wp-embedded-content\" data-secret=\"fQ16yyA1r5\"><a href=\"https:\/\/n1info.hr\/vijesti\/hrvoje-klasic-ako-vi-ubijate-ljude-samo-zato-sto-su-srbi-sto-je-to-nego-genocid\/\">Hrvoje Klasi\u0107: Ako vi ubijate ljude samo zato \u0161to su Srbi, \u0161to je to nego genocid<\/a><\/blockquote><iframe loading=\"lazy\" class=\"wp-embedded-content\" sandbox=\"allow-scripts\" security=\"restricted\" style=\"position: absolute; clip: rect(1px, 1px, 1px, 1px);\" title=\"&#8220;Hrvoje Klasi\u0107: Ako vi ubijate ljude samo zato \u0161to su Srbi, \u0161to je to nego genocid&#8221; &#8212; N1\" src=\"https:\/\/n1info.hr\/vijesti\/hrvoje-klasic-ako-vi-ubijate-ljude-samo-zato-sto-su-srbi-sto-je-to-nego-genocid\/embed\/#?secret=LYAmjoxBno#?secret=fQ16yyA1r5\" data-secret=\"fQ16yyA1r5\" width=\"600\" height=\"338\" frameborder=\"0\" marginwidth=\"0\" marginheight=\"0\" scrolling=\"no\"><\/iframe>\n<\/div><\/figure>\n\n\n\n<p><a href=\"https:\/\/www.tportal.hr\/vijesti\/clanak\/snv-napad-na-pejakovica-je-poricanje-zlocina-genocida-u-jasenovcu-foto-20240605\">https:\/\/www.tportal.hr\/vijesti\/clanak\/snv-napad-na-pejakovica-je-poricanje-zlocina-genocida-u-jasenovcu-foto-20240605<\/a><\/p>\n\n\n\n<p><a href=\"https:\/\/slobodnadalmacija.hr\/vijesti\/hrvatska\/povjesnicar-koji-je-razotkrio-pogreske-na-webu-o-logoru-cemu-histerija-oko-jasenovca-ispravite-netocnosti-i-gotovo-1394198\">https:\/\/slobodnadalmacija.hr\/vijesti\/hrvatska\/povjesnicar-koji-je-razotkrio-pogreske-na-webu-o-logoru-cemu-histerija-oko-jasenovca-ispravite-netocnosti-i-gotovo-1394198<\/a><\/p>\n\n\n\n<p><a href=\"https:\/\/net.hr\/danas\/rtl-direkt\/ministrica-obuljen-o-povijesnom-revizionizmu-oko-jasenovca-cfd441ba-28fa-11ef-bf40-068597f4bbb0\">https:\/\/net.hr\/danas\/rtl-direkt\/ministrica-obuljen-o-povijesnom-revizionizmu-oko-jasenovca-cfd441ba-28fa-11ef-bf40-068597f4bbb0<\/a><\/p>\n\n\n\n<p><a href=\"https:\/\/www.telegram.hr\/politika-kriminal\/istaknuti-britanski-povjesnicar-autor-vise-knjiga-o-ndh-jasenovac-zlorabe-ali-i-hrvatska-uporno-umanjuje-ustaski-genocid-nad-srbima\/\">https:\/\/www.telegram.hr\/politika-kriminal\/istaknuti-britanski-povjesnicar-autor-vise-knjiga-o-ndh-jasenovac-zlorabe-ali-i-hrvatska-uporno-umanjuje-ustaski-genocid-nad-srbima\/<\/a><\/p>\n\n\n\n<hr class=\"wp-block-separator\"\/>\n","protected":false},"excerpt":{"rendered":"","protected":false},"author":2,"featured_media":40992,"comment_status":"open","ping_status":"open","sticky":false,"template":"","format":"standard","meta":{"_acf_changed":false,"jetpack_post_was_ever_published":false,"_jetpack_newsletter_access":"","_jetpack_dont_email_post_to_subs":false,"_jetpack_newsletter_tier_id":0,"_jetpack_memberships_contains_paywalled_content":false,"_jetpack_memberships_contains_paid_content":false,"footnotes":"","jetpack_publicize_message":"","jetpack_publicize_feature_enabled":true,"jetpack_social_post_already_shared":true,"jetpack_social_options":{"image_generator_settings":{"template":"highway","default_image_id":0,"font":"","enabled":false},"version":2}},"categories":[3,17],"tags":[],"class_list":["post-40989","post","type-post","status-publish","format-standard","has-post-thumbnail","hentry","category-novosti","category-rasprave"],"acf":{"facebook_opis":""},"jetpack_publicize_connections":[],"jetpack_featured_media_url":"https:\/\/i0.wp.com\/historiografija.hr\/wp-content\/uploads\/2024\/05\/Foto_Nikola_Cutuk_PIXSELL.jpg?fit=1600%2C655&ssl=1","jetpack_sharing_enabled":true,"jetpack-related-posts":[],"_links":{"self":[{"href":"https:\/\/historiografija.hr\/index.php?rest_route=\/wp\/v2\/posts\/40989","targetHints":{"allow":["GET"]}}],"collection":[{"href":"https:\/\/historiografija.hr\/index.php?rest_route=\/wp\/v2\/posts"}],"about":[{"href":"https:\/\/historiografija.hr\/index.php?rest_route=\/wp\/v2\/types\/post"}],"author":[{"embeddable":true,"href":"https:\/\/historiografija.hr\/index.php?rest_route=\/wp\/v2\/users\/2"}],"replies":[{"embeddable":true,"href":"https:\/\/historiografija.hr\/index.php?rest_route=%2Fwp%2Fv2%2Fcomments&post=40989"}],"version-history":[{"count":16,"href":"https:\/\/historiografija.hr\/index.php?rest_route=\/wp\/v2\/posts\/40989\/revisions"}],"predecessor-version":[{"id":42012,"href":"https:\/\/historiografija.hr\/index.php?rest_route=\/wp\/v2\/posts\/40989\/revisions\/42012"}],"wp:featuredmedia":[{"embeddable":true,"href":"https:\/\/historiografija.hr\/index.php?rest_route=\/wp\/v2\/media\/40992"}],"wp:attachment":[{"href":"https:\/\/historiografija.hr\/index.php?rest_route=%2Fwp%2Fv2%2Fmedia&parent=40989"}],"wp:term":[{"taxonomy":"category","embeddable":true,"href":"https:\/\/historiografija.hr\/index.php?rest_route=%2Fwp%2Fv2%2Fcategories&post=40989"},{"taxonomy":"post_tag","embeddable":true,"href":"https:\/\/historiografija.hr\/index.php?rest_route=%2Fwp%2Fv2%2Ftags&post=40989"}],"curies":[{"name":"wp","href":"https:\/\/api.w.org\/{rel}","templated":true}]}}