{"id":40947,"date":"2024-05-22T18:41:33","date_gmt":"2024-05-22T18:41:33","guid":{"rendered":"http:\/\/historiografija.hr\/?p=40947"},"modified":"2024-05-22T18:43:48","modified_gmt":"2024-05-22T18:43:48","slug":"izlozba-labirint-devedesetih-u-sarajevu","status":"publish","type":"post","link":"https:\/\/historiografija.hr\/?p=40947","title":{"rendered":"Izlo\u017eba \u201eLabirint devedesetih\u201c u Sarajevu"},"content":{"rendered":"\n<p>Izlo\u017eba \u201eLabirint devedesetih\u201c bit \u0107e otvorena u \u010detvrtak, 23. maja\/svibnja 2024. u 19h u Historijskom muzeju Bosne i Hercegovine u Sarajevu.<\/p>\n\n\n\n<p><br>Cilj ove izlo\u017ebe je novo i druga\u010dije sagledavanje decenije koja je promijenila tokove \u017eivota miliona ljudi na ovim prostorima (ali i globalno) i \u010dije posljedice osje\u0107amo i danas, mo\u017eda vi\u0161e nego ikad. Ona je plod trogodi\u0161njeg istra\u017eivanja, rada i saradnje pojedinaca, stru\u010dnjaka, aktivista i partnerskih organizacija iz zemalja biv\u0161e Jugoslavije okupljenih oko inicijative Muzej devedesetih.<\/p>\n\n\n\n<p><br>Postavka pred posjetitelja postavlja pitanje da li smo, kao pojedinci, ali prije svega kao dru\u0161tva, uop\u0107e iza\u0161li iz labirinta u koji smo upali po\u010detkom 1990ih. Od kraja ratova su vladaju\u0107e garniture, uz vlastito boga\u0107enje kroz kriminalne privatizacije, istrajno radile samo na \u0161irenju govora mr\u017enje i stalnom podgrijavanju konflikta, posebno prilikom obilje\u017eavanja godi\u0161njica traumatskih doga\u0111aja, uz gotovo potpuno odsustvo sluha za \u017eivote i dobrobit obi\u010dnih gra\u0111ana. Kao da je sa protokom vremena rat bio sve \u017eivlji umjesto da su se dru\u0161tva suo\u010davala sa njegovim pogubnim posljedicama i gradila mir. Izlo\u017eba Labirint devedesetih je odgovor na politike koje etnonacionalizam i \u0161ovinizam postavljaju iznad dru\u0161tvene pravde, mitove iznad \u017eivota pojedinca, a razdor iznad svakodnevne solidarnosti. Ulazak u labirint i slobodno lutanje njime posjetiteljima daje mogu\u0107nost da tu traumati\u010dnu deceniju sagledaju iz vi\u0161e uglova, ali prije svega iz ugla ljudi kojima je \u017eivot razru\u0161en u jednom danu, onih koji su bili protiv rata, koji su morali napustiti svoj dom i koji su bili okru\u017eeni obmanama sa svih strana.<\/p>\n\n\n\n<p><br>Nijedna izlo\u017eba ne mo\u017ee u potpunosti prikazati jednu deceniju. To se posebno odnosi na devedesete godine koje su u na\u0161oj regiji ostavile neizbrisiv, dugotrajan trag. Zato je princip ove izlo\u017ebe fragment ili krhotina. Posjetitelji su pozvani da Labirint devedesetih u svojim mislima nadopune sa onim \u0161to nedostaje, \u0161to bi trebalo biti prikazano i \u0161to se tek treba razumjeti. Samo zajedni\u010dki mo\u017eemo, gledaju\u0107i u nedavnu pro\u0161lost, spoznati vlastitu sada\u0161njost i zamisliti druga\u010diju budu\u0107nost.<\/p>\n\n\n\n<p><br>Sarajevska izlo\u017eba Labirint devedesetih predstavlja dopunjenu i pro\u0161irenu verziju pilot izlo\u017ebe istog naslova koja je tokom ljeta 2023. godine bila postavljena u Beogradu. Izlo\u017ebu autorski potpisuje tim koji \u010dine Dubravka Stojanovi\u0107, Igor \u0160tiks i Dejan Ubovi\u0107. Izlo\u017ebu su podr\u017eali National Endowment for Democracy i regionalni projekat Podr\u0161ka EU izgradnji poverenja na Zapadnom Balkanu, koji finansira Evropska unija (EU) i sprovodi Program Ujedinjenih nacija za razvoj (UNDP). Sadr\u017eaj ove izlo\u017ebe je isklju\u010diva odgovornost autora i ne odra\u017eava nu\u017eno stavove Evropske unije niti UNDP-a.<\/p>\n\n\n\n<p><br>Izlo\u017eba \u0107e biti otvorena za posjetitelje od petka 24. maja\/svibnja do nedjelje 15. septembra\/rujna 2024. u Historijskom muzeju Bosne i Hercegovine.<\/p>\n\n\n\n<hr class=\"wp-block-separator\"\/>\n\n\n\n<p>Izvori i dodatne obavijesti:<\/p>\n\n\n\n<p><a href=\"https:\/\/www.facebook.com\/histmuzbih\/\">https:\/\/www.facebook.com\/histmuzbih\/<\/a><\/p>\n\n\n\n<p><a href=\"https:\/\/historiografija.ba\/article.php?id=2495\">https:\/\/historiografija.ba\/article.php?id=2495<\/a><\/p>\n\n\n\n<hr class=\"wp-block-separator\"\/>\n\n\n\n<figure class=\"wp-block-embed-wordpress wp-block-embed is-type-wp-embed is-provider-historiografija-hr\"><div class=\"wp-block-embed__wrapper\">\n<blockquote class=\"wp-embedded-content\" data-secret=\"bgr8DDymXC\"><a href=\"https:\/\/historiografija.hr\/?p=36084\">Izlo\u017eba &#8220;Lavirint 90-ih&#8221; u Beogradu<\/a><\/blockquote><iframe loading=\"lazy\" class=\"wp-embedded-content\" sandbox=\"allow-scripts\" security=\"restricted\" style=\"position: absolute; clip: rect(1px, 1px, 1px, 1px);\" title=\"&#8220;Izlo\u017eba &#8220;Lavirint 90-ih&#8221; u Beogradu&#8221; &#8212; Historiografija.hr\" src=\"https:\/\/historiografija.hr\/?p=36084&#038;embed=true#?secret=bgr8DDymXC\" data-secret=\"bgr8DDymXC\" width=\"600\" height=\"338\" frameborder=\"0\" marginwidth=\"0\" marginheight=\"0\" scrolling=\"no\"><\/iframe>\n<\/div><\/figure>\n\n\n\n<hr class=\"wp-block-separator\"\/>\n","protected":false},"excerpt":{"rendered":"","protected":false},"author":2,"featured_media":40948,"comment_status":"open","ping_status":"open","sticky":false,"template":"","format":"standard","meta":{"_acf_changed":false,"jetpack_post_was_ever_published":false,"_jetpack_newsletter_access":"","_jetpack_dont_email_post_to_subs":false,"_jetpack_newsletter_tier_id":0,"_jetpack_memberships_contains_paywalled_content":false,"_jetpack_memberships_contains_paid_content":false,"footnotes":"","jetpack_publicize_message":"","jetpack_publicize_feature_enabled":true,"jetpack_social_post_already_shared":true,"jetpack_social_options":{"image_generator_settings":{"template":"highway","default_image_id":0,"font":"","enabled":false},"version":2}},"categories":[10,3],"tags":[],"class_list":["post-40947","post","type-post","status-publish","format-standard","has-post-thumbnail","hentry","category-izlozbe","category-novosti"],"acf":{"facebook_opis":""},"jetpack_publicize_connections":[],"jetpack_featured_media_url":"https:\/\/i0.wp.com\/historiografija.hr\/wp-content\/uploads\/2024\/05\/Labirint_devedesetih.jpg?fit=2048%2C1072&ssl=1","jetpack_sharing_enabled":true,"jetpack-related-posts":[],"_links":{"self":[{"href":"https:\/\/historiografija.hr\/index.php?rest_route=\/wp\/v2\/posts\/40947","targetHints":{"allow":["GET"]}}],"collection":[{"href":"https:\/\/historiografija.hr\/index.php?rest_route=\/wp\/v2\/posts"}],"about":[{"href":"https:\/\/historiografija.hr\/index.php?rest_route=\/wp\/v2\/types\/post"}],"author":[{"embeddable":true,"href":"https:\/\/historiografija.hr\/index.php?rest_route=\/wp\/v2\/users\/2"}],"replies":[{"embeddable":true,"href":"https:\/\/historiografija.hr\/index.php?rest_route=%2Fwp%2Fv2%2Fcomments&post=40947"}],"version-history":[{"count":2,"href":"https:\/\/historiografija.hr\/index.php?rest_route=\/wp\/v2\/posts\/40947\/revisions"}],"predecessor-version":[{"id":40950,"href":"https:\/\/historiografija.hr\/index.php?rest_route=\/wp\/v2\/posts\/40947\/revisions\/40950"}],"wp:featuredmedia":[{"embeddable":true,"href":"https:\/\/historiografija.hr\/index.php?rest_route=\/wp\/v2\/media\/40948"}],"wp:attachment":[{"href":"https:\/\/historiografija.hr\/index.php?rest_route=%2Fwp%2Fv2%2Fmedia&parent=40947"}],"wp:term":[{"taxonomy":"category","embeddable":true,"href":"https:\/\/historiografija.hr\/index.php?rest_route=%2Fwp%2Fv2%2Fcategories&post=40947"},{"taxonomy":"post_tag","embeddable":true,"href":"https:\/\/historiografija.hr\/index.php?rest_route=%2Fwp%2Fv2%2Ftags&post=40947"}],"curies":[{"name":"wp","href":"https:\/\/api.w.org\/{rel}","templated":true}]}}