{"id":40944,"date":"2024-05-22T18:30:31","date_gmt":"2024-05-22T18:30:31","guid":{"rendered":"http:\/\/historiografija.hr\/?p=40944"},"modified":"2024-05-22T18:30:31","modified_gmt":"2024-05-22T18:30:31","slug":"17-subversive-festival-zivjeti-bez-kapitalizma","status":"publish","type":"post","link":"https:\/\/historiografija.hr\/?p=40944","title":{"rendered":"17. Subversive Festival: \u017divjeti bez kapitalizma"},"content":{"rendered":"\n<p><strong><u>17. izdanje SUBVERSIVE FESTIVALA<\/u><\/strong> odr\u017eat \u0107e se <strong>od 20. svibnja do 8. lipnja<\/strong>. Novi \u201emajski \u0161u\u0161ur\u201c uz rasko\u0161no festivalsko izdanje uz \u010detrdeset dokumentarnih i igranih <strong>filmskih naslova<\/strong>, brojne <strong>panele<\/strong>, <strong>predavanja<\/strong> i <strong>promocije knjiga<\/strong>, <strong>tri izlo\u017ebe<\/strong>, <strong>multimedijalna doga\u0111anja<\/strong> te <strong>gostovanja<\/strong> brojnih svjetskih intelektualaca, filma\u0161a i aktivista, sve uz ovogodi\u0161nju festivalsku temu <strong>\u017dIVJETI BEZ KAPITALIZMA<\/strong>.<\/p>\n\n\n\n<p>Najzvu\u010dnija go\u0161\u0107a ovogodi\u0161njeg festivalskog izdanja je <strong>ANGELA DAVIS<\/strong>, istaknuta ameri\u010dka politi\u010dka aktivistkinja, feministkinja i teoreti\u010darka Crnog marksizma, koja se profilirala na \u010delu Komunisti\u010dke partije SAD-a tijekom 1960-ih, a imala je bliske odnose i s Partijom Crnih pantera kroz svoj anga\u017eman u Pokretu za gra\u0111anska prava. U predavanju koje organiziramo <strong><u>7. lipnja<\/u><\/strong> zajedno s <strong>MaMom i Booksom<\/strong>, Davis \u0107e se osvrnuti na svoj dugogodi\u0161nji aktivisti\u010dki i teorijski rad koji je obilje\u017eilo promi\u0161ljanje, organiziranje i djelovanje protiv historijski situiranog sistemskog rasizma i karceralnog nasilja u SAD-u.<\/p>\n\n\n\n<p><strong>SUBVERSIVE FILM FESTIVAL (20. \u2013 26. 5.)<\/strong><\/p>\n\n\n\n<p><strong><u>Subversive Film Festival<\/u><\/strong><strong> od 20. do 26. svibnja<\/strong> u kinu <strong>Kinoteka<\/strong> i <strong>Dokukinu KIC<\/strong> ponovno \u0107e okupiti autore koji kriti\u010dki promi\u0161ljaju svijet oko nas i opiru se tr\u017ei\u0161noj logici i pasivnoj konzumaciji slika, a filmovi \u0107e se natjecati za nagrade<strong> Wild Dreamer \u201eDragan Rube\u0161a\u201c<\/strong> za najbolji dokumentarni i igrani film. Bogati program donosi nove filmove renomiranih autora kao \u0161to su <strong>Victor Erice, Alice Rohrwacher, Rose Glass, Mladen \u0110or\u0111evi\u0107, Bertrand Bonello, Hong Sang-soo, Godfrey Reggio, Bill Morrison, Ra\u00fal Ruiz <\/strong>i <strong>Subversive Film Collective (Ramallah\/Brisel),<\/strong> pobjednike presti\u017enih filmskih festivala u Locarnu, Veneciji, Cannesu, Sundanceu, Berlinu i Chicagu, kao i aktualne laureate va\u017enih dokumentarnih festivala CPH:DOX, Thessaloniki i Beldocs. Cjelokupan program konkurencije i raspored projekcija bit \u0107e objavljen <strong><u>8. svibnja<\/u><\/strong>.<\/p>\n\n\n\n<p><strong>Ulrike Ottinger dobitnica nagrade Wild Dreamer za \u017eivotno djelo \/ Kinematografije otpora: Milica Raki\u0107<\/strong> <strong>\u201eCrvena, da te nema, trebalo bi te izmisliti\u201c<\/strong><\/p>\n\n\n\n<p>Ovogodi\u0161nja dobitnica nagrade Wild Dreamer za \u017eivotno djelo je renomirana njema\u010dka redateljica i multimedijska umjetnica <strong>Ulrike Ottinger<\/strong>. Ususret festivalu u suradnji s <strong>Umjetni\u010dkim paviljonom u Zagrebu<\/strong> i <strong>MSU Zagreb<\/strong> od 16. do 18. svibnja u dvorani Gorgona u sklopu programa <em><strong>Cosmos Ottinger<\/strong><\/em> ugo\u0161\u0107ujemo Ottinger i prikazujemo izbor njenih filmova u kojima razvija osebujni, transgresivni umjetni\u010dki jezik i inaugurira mnoge dana\u0161nje radikalne kriti\u010dke umjetni\u010dke prakse.&nbsp;\u0160esto izdanje <strong>Kinematografija otpora<\/strong> u MSU Black Boxu donosi izlo\u017ebu srpske umjetnice <strong>Milice Raki\u0107<\/strong> <strong>\u201eCrvena, da te nema\u2026\u201c <\/strong>koja koristi vi\u0161e medija \u2013 performans i video-rad, intrigantne jezi\u010dne konstrukte, pseudoarhivski ambijent \u2013 i preispituje umjetni\u010dke pozicije unutar sistema roda, dru\u0161tveno-politi\u010dkih uloga i traumatskih trenutaka iz vlastite pro\u0161losti, kao i vidljivosti \u017eena u javnom \u017eivotu.<\/p>\n\n\n\n<p><strong>SUBVERSIVE FORUM (27.5. \u2013 1.6.)<\/strong><\/p>\n\n\n\n<p>U fokusu <strong>17. Subversive Foruma<\/strong>, koji \u0107e se odr\u017eati <strong>od 27. svibnja do 1. lipnja<\/strong> u <strong>Kulturno informativnom centru<\/strong> (KIC), pitanje je <strong>klimatskih promjena<\/strong> i obuhvatnije <strong>ekolo\u0161ke krize<\/strong>. Na koji na\u010din je ona povezana s imperativom rasta koji je kapitalizmu inherentan i \u010dini jezgru njegove historijske dinami\u010dnosti. Imamo li kapaciteta suprotstaviti se prijete\u0107oj destrukciji? Koje resurse kreativnosti moramo otkriti i mobilizirati kako bi fatalnu vezu kreativnosti i destrukcije presjekli i na njeno mjesto postavili ne\u0161to drugo? U doba kada prijeti izazov koji nadilazi sve dr\u017eavne granice, raste prijetnja politike koja nema drugog odgovora nego da agresivno umna\u017ea fizi\u010dke i identitetske granice, kako bi se o\u010duvala iluzija da sve mo\u017ee ostati isto. Kako objasniti da ta politika organiziranog poricanja realnosti uspijeva pridobiti sve \u0161iru glasa\u010dku potporu?<\/p>\n\n\n\n<p>Pored bogatog paralelnog programa, okruglih stolova, te promocija knjiga doma\u0107ih i stranih autora i autorica, predavanja \u0107e odr\u017eati politi\u010dka ekonomistkinja i teoreti\u010darka roda <strong>Elle O\u2019Rourke<\/strong>, politi\u010dki komentator i teoreti\u010dar <strong>Richard Seymour<\/strong>, britanska filozofkinja <strong>Kate Soper,<\/strong> ameri\u010dka politologinja <strong>Jodi Dean<\/strong>, \u010dlan Zetkin kolektiva <strong>George Edwards<\/strong> i njema\u010dki sociolog <strong>Oliver Nachtwey<\/strong>. Tu su i ljubljanska filozofkinja te lakanovska teoreti\u010darka <strong>Alenka Zupan\u010di\u010d<\/strong>, poznata britanska feministi\u010dka teoreti\u010darka i \u010dlanica Care kolektiva <strong>Lynne Segal<\/strong>, njema\u010dki filozof <strong>Christoph Henning<\/strong> i hrvatski filozof te publicist <strong>Boris Buden<\/strong>.<\/p>\n\n\n\n<p><strong>\u0160KOLA SUVREMENE HUMANISTIKE I 4. ANTIKAPITALISTI\u010cKI SEMINAR (3. \u2013 9.6.)<\/strong><\/p>\n\n\n\n<p>U sklopu <strong>\u0160kole suvremene humanistike<\/strong> <strong>od 3. do 9. lipnja<\/strong> u <strong>Galeriji SKD \u201eProsvjeta\u201c<\/strong>, odr\u017eava se i <strong>4. Antikapitalisti\u010dki seminar <\/strong>u suradnji s portalom <strong>Slobodni Filozofski<\/strong>, jednotjedni program politi\u010dke edukacije u kojem nastavljamo mapirati i kriti\u010dki sagledavati analiti\u010dke okvire razli\u010ditih oblika dru\u0161tvenog i politi\u010dkog anga\u017emana. Prijave su otvorene do <strong>26. svibnja<\/strong> na e-mail <strong>slobodnifilozofski@gmail.com<\/strong>.<\/p>\n\n\n\n<hr class=\"wp-block-separator\"\/>\n\n\n\n<p>Uo\u010di 17. Subversive Festivala u ponedjeljak <strong>6. svibnja<\/strong> u 19 sati, u <strong>Galeriji Forum<\/strong> otvorit \u0107e se i izlo\u017eba <strong>Du\u0161ana Ga\u010di\u0107a<\/strong> <em>Robovi, zemlja je zvijezda<\/em>. Ga\u010di\u0107 \u0107e predstaviti crte\u017ee i strip stranice nastale prema motivima Krle\u017eine revolucionarne i simbolisti\u010dke drame Kristofor Kolumbo, napisane 1917., s posvetom Lenjinu. Drama je ponovno aktualna danas kada svijet tra\u017ei put prema \u201enovoj zemlji\u201c kao metafori druga\u010dijeg dru\u0161tvenog ure\u0111enja.<\/p>\n\n\n\n<hr class=\"wp-block-separator\"\/>\n\n\n\n<p>Nedugo nakon otvorenja izlo\u017ebe Du\u0161ana Ga\u010di\u0107a, u KIC-u \u0107e se <strong>od 8. do 10. svibnja<\/strong> odr\u017eati multimedijalni doga\u0111aj <em><strong>August Cesarec \u2013 Argumenti za revoluciju<\/strong><\/em>. Bogat program po\u010dinje u srijedu <strong>8. 5. u 19 h<\/strong> otvorenjem izlo\u017ebe <em>Moj brat August, persona non gratae <\/em>uz popratne glazbeno-scenske performanse a zatim od 9. do 10. 5. slijedi dvodnevna konferencija u sklopu koje \u0107e se odr\u017eati 8 panela uz sudjelovanje 20 gostiju.<\/p>\n\n\n\n<hr class=\"wp-block-separator\"\/>\n\n\n\n<p>Izvor i dodatne obavijesti:<\/p>\n\n\n\n<p><a href=\"https:\/\/subversivefestival.com\/sf24\/17-subversive-festival-zivjeti-bez-kapitalizma\/\">https:\/\/subversivefestival.com\/sf24\/17-subversive-festival-zivjeti-bez-kapitalizma\/<\/a><\/p>\n\n\n\n<hr class=\"wp-block-separator\"\/>\n","protected":false},"excerpt":{"rendered":"","protected":false},"author":2,"featured_media":40945,"comment_status":"open","ping_status":"open","sticky":false,"template":"","format":"standard","meta":{"_acf_changed":false,"jetpack_post_was_ever_published":false,"_jetpack_newsletter_access":"","_jetpack_dont_email_post_to_subs":false,"_jetpack_newsletter_tier_id":0,"_jetpack_memberships_contains_paywalled_content":false,"_jetpack_memberships_contains_paid_content":false,"footnotes":"","jetpack_publicize_message":"","jetpack_publicize_feature_enabled":true,"jetpack_social_post_already_shared":true,"jetpack_social_options":{"image_generator_settings":{"template":"highway","default_image_id":0,"font":"","enabled":false},"version":2}},"categories":[13,3],"tags":[],"class_list":["post-40944","post","type-post","status-publish","format-standard","has-post-thumbnail","hentry","category-filmovi-i-serije","category-novosti"],"acf":{"facebook_opis":""},"jetpack_publicize_connections":[],"jetpack_featured_media_url":"https:\/\/i0.wp.com\/historiografija.hr\/wp-content\/uploads\/2024\/05\/Subversive_Festival.jpg?fit=752%2C440&ssl=1","jetpack_sharing_enabled":true,"jetpack-related-posts":[],"_links":{"self":[{"href":"https:\/\/historiografija.hr\/index.php?rest_route=\/wp\/v2\/posts\/40944","targetHints":{"allow":["GET"]}}],"collection":[{"href":"https:\/\/historiografija.hr\/index.php?rest_route=\/wp\/v2\/posts"}],"about":[{"href":"https:\/\/historiografija.hr\/index.php?rest_route=\/wp\/v2\/types\/post"}],"author":[{"embeddable":true,"href":"https:\/\/historiografija.hr\/index.php?rest_route=\/wp\/v2\/users\/2"}],"replies":[{"embeddable":true,"href":"https:\/\/historiografija.hr\/index.php?rest_route=%2Fwp%2Fv2%2Fcomments&post=40944"}],"version-history":[{"count":1,"href":"https:\/\/historiografija.hr\/index.php?rest_route=\/wp\/v2\/posts\/40944\/revisions"}],"predecessor-version":[{"id":40946,"href":"https:\/\/historiografija.hr\/index.php?rest_route=\/wp\/v2\/posts\/40944\/revisions\/40946"}],"wp:featuredmedia":[{"embeddable":true,"href":"https:\/\/historiografija.hr\/index.php?rest_route=\/wp\/v2\/media\/40945"}],"wp:attachment":[{"href":"https:\/\/historiografija.hr\/index.php?rest_route=%2Fwp%2Fv2%2Fmedia&parent=40944"}],"wp:term":[{"taxonomy":"category","embeddable":true,"href":"https:\/\/historiografija.hr\/index.php?rest_route=%2Fwp%2Fv2%2Fcategories&post=40944"},{"taxonomy":"post_tag","embeddable":true,"href":"https:\/\/historiografija.hr\/index.php?rest_route=%2Fwp%2Fv2%2Ftags&post=40944"}],"curies":[{"name":"wp","href":"https:\/\/api.w.org\/{rel}","templated":true}]}}