{"id":40941,"date":"2024-05-22T18:14:12","date_gmt":"2024-05-22T18:14:12","guid":{"rendered":"http:\/\/historiografija.hr\/?p=40941"},"modified":"2024-05-22T18:14:12","modified_gmt":"2024-05-22T18:14:12","slug":"caponeu-workshop-political-novel-in-europe-and-migration-exile","status":"publish","type":"post","link":"https:\/\/historiografija.hr\/?p=40941","title":{"rendered":"(CAPONEU) Workshop &#8220;Political Novel in Europe and Migration\/Exile&#8221;"},"content":{"rendered":"\n<p><strong>Date: <\/strong>23 \u2013 24 May 2024<\/p>\n\n\n\n<p><strong>Venue: <\/strong>The Faculty of Polish and Classical Philology AMU (Fredry 10, Pozna\u0144) and Migrant Info Point (Marcinkowskiego 11, Pozna\u0144)<\/p>\n\n\n\n<p>The workshop is aimed at examining the presence of the issue of (e)migration in the political novel in Europe (PNE), as well as the question of how the novel portrays its causes and effects (geopolitical, social, identity-related, etc.) and presents the phenomena of various exoduses in the context of democracy and authoritarianism. The subject of literary and interdisciplinary analysis will be novels dealing with the problem of (e)migration (for economic, political, military, climatic reasons), banishment, exile, refugee trauma (caused by war), as well as the phenomena of statelessness, nomads and \u2018identity\u2019 migrations in XX and XXI centuries. The workshop is organized by Tomasz Mizerkiewicz, Krystyna Pieni\u0105\u017cek-Markovi\u0107, Anna Gawarecka, Ewa Szperlik, Magda Potok, B\u0142a\u017cej Warkocki, Gerard Ronge (all Adam Mickiewicz University in Pozna\u0144)<\/p>\n\n\n\n<hr class=\"wp-block-separator\"\/>\n\n\n\n<p>Program:<\/p>\n\n\n\n<p><a href=\"https:\/\/www.caponeu.eu\/news\/workshop-political-novel-in-europe-and-migration-exile\">https:\/\/www.caponeu.eu\/news\/workshop-political-novel-in-europe-and-migration-exile<\/a><\/p>\n\n\n\n<p><a href=\"https:\/\/amu.edu.pl\/wiadomosci\/aktualnosci\/ogolnouniwersyteckie\/warsztat-political-novel-in-europe-and-migrationexile\">https:\/\/amu.edu.pl\/wiadomosci\/aktualnosci\/ogolnouniwersyteckie\/warsztat-political-novel-in-europe-and-migrationexile<\/a><\/p>\n\n\n\n<p><a href=\"https:\/\/www.zfl-berlin.org\/event\/political-novel-in-europe-and-migration-exile.html\">https:\/\/www.zfl-berlin.org\/event\/political-novel-in-europe-and-migration-exile.html<\/a><\/p>\n\n\n\n<hr class=\"wp-block-separator\"\/>\n","protected":false},"excerpt":{"rendered":"","protected":false},"author":2,"featured_media":40942,"comment_status":"open","ping_status":"open","sticky":false,"template":"","format":"standard","meta":{"_acf_changed":false,"jetpack_post_was_ever_published":false,"_jetpack_newsletter_access":"","_jetpack_dont_email_post_to_subs":false,"_jetpack_newsletter_tier_id":0,"_jetpack_memberships_contains_paywalled_content":false,"_jetpack_memberships_contains_paid_content":false,"footnotes":"","jetpack_publicize_message":"","jetpack_publicize_feature_enabled":true,"jetpack_social_post_already_shared":true,"jetpack_social_options":{"image_generator_settings":{"template":"highway","default_image_id":0,"font":"","enabled":false},"version":2}},"categories":[3,9],"tags":[],"class_list":["post-40941","post","type-post","status-publish","format-standard","has-post-thumbnail","hentry","category-novosti","category-skupovi"],"acf":{"facebook_opis":""},"jetpack_publicize_connections":[],"jetpack_featured_media_url":"https:\/\/i0.wp.com\/historiografija.hr\/wp-content\/uploads\/2024\/05\/Poznan.jpg?fit=300%2C417&ssl=1","jetpack_sharing_enabled":true,"jetpack-related-posts":[],"_links":{"self":[{"href":"https:\/\/historiografija.hr\/index.php?rest_route=\/wp\/v2\/posts\/40941","targetHints":{"allow":["GET"]}}],"collection":[{"href":"https:\/\/historiografija.hr\/index.php?rest_route=\/wp\/v2\/posts"}],"about":[{"href":"https:\/\/historiografija.hr\/index.php?rest_route=\/wp\/v2\/types\/post"}],"author":[{"embeddable":true,"href":"https:\/\/historiografija.hr\/index.php?rest_route=\/wp\/v2\/users\/2"}],"replies":[{"embeddable":true,"href":"https:\/\/historiografija.hr\/index.php?rest_route=%2Fwp%2Fv2%2Fcomments&post=40941"}],"version-history":[{"count":1,"href":"https:\/\/historiografija.hr\/index.php?rest_route=\/wp\/v2\/posts\/40941\/revisions"}],"predecessor-version":[{"id":40943,"href":"https:\/\/historiografija.hr\/index.php?rest_route=\/wp\/v2\/posts\/40941\/revisions\/40943"}],"wp:featuredmedia":[{"embeddable":true,"href":"https:\/\/historiografija.hr\/index.php?rest_route=\/wp\/v2\/media\/40942"}],"wp:attachment":[{"href":"https:\/\/historiografija.hr\/index.php?rest_route=%2Fwp%2Fv2%2Fmedia&parent=40941"}],"wp:term":[{"taxonomy":"category","embeddable":true,"href":"https:\/\/historiografija.hr\/index.php?rest_route=%2Fwp%2Fv2%2Fcategories&post=40941"},{"taxonomy":"post_tag","embeddable":true,"href":"https:\/\/historiografija.hr\/index.php?rest_route=%2Fwp%2Fv2%2Ftags&post=40941"}],"curies":[{"name":"wp","href":"https:\/\/api.w.org\/{rel}","templated":true}]}}