{"id":40907,"date":"2024-05-20T18:51:55","date_gmt":"2024-05-20T18:51:55","guid":{"rendered":"http:\/\/historiografija.hr\/?p=40907"},"modified":"2024-05-21T20:27:03","modified_gmt":"2024-05-21T20:27:03","slug":"kako-stanko-andric-nije-primljen-u-hazu-zbog-teksta-na-portalu-historiografija-hr","status":"publish","type":"post","link":"https:\/\/historiografija.hr\/?p=40907","title":{"rendered":"Kako Stanko Andri\u0107 nije primljen u HAZU zbog teksta na portalu Historiografija.hr"},"content":{"rendered":"\n<p>U medijima je objavljeno da povjesni\u010dar Stanko Andri\u0107 nije dobio dovoljan broj glasova u izboru novih \u010dlanova Hrvatske akademije znanosti i umjetnosti nakon protivljenja Josipa Pe\u010dari\u0107a zbog Andri\u0107eva teksta \u201eZa\u0161to je pogre\u0161no javni institut za povijest nazvati imenom Franje Tu\u0111mana\u201c. Tekst je objavljen 2019. godine naprije na portalu <a href=\"https:\/\/historiografija.hr\/?p=17933\">Historiografija.hr<\/a>, a zatim 2020. godine i u <a href=\"https:\/\/hrcak.srce.hr\/252590\">Historijskom zborniku<\/a>. Koliko god mi je kao uredniku \u017eao zbog posljedica koje je izazvao tekst na na\u0161em portalu, toliko sam i ponosan \u0161to smo ga upravo mi objavili. Naime, kao i u slu\u010daju povu\u010denog ud\u017ebenika povijesti, nije bitno koliko se sla\u017eemo s onime \u0161to je napisano. Najva\u017enije je da imamo otvorenu raspravu o svim stru\u010dnim pitanjima. U oba slu\u010daja je na\u010din na koji je pisano o Franji Tu\u0111manu, odnosno drugim povijesnim li\u010dnostima, rezultirao institucionalnim ka\u017enjavanjem. Takva izla\u017eenja u susret odre\u0111enim politi\u010dkim i javnim o\u010dekivanjima od strane onih koji odlu\u010duju uvijek su istovremeno poraz za hrvatsku historiografiju. No usprkos svemu \u0161to se doga\u0111a, svakako nastavljamo i dalje otvarati prostor za polemike i pozivamo kolegice i kolege da nastave polemizirati o stru\u010dnim temama. Drugog historiografskog \u2013 kao i dru\u0161tvenog \u2013 puta nema. Ukoliko se pak \u017eelite o\u010ditovati o ovoj temi izjavama, komentarima ili polemi\u010dkim tekstovima (bez obzira na to koje \u0107ete stajali\u0161te pritom zastupati) slobodno po\u0161aljite svoje priloge na e-mail adresu u nastavku. Nastojat \u0107u, kao i dosad, da \u2013 neovisno o mojim stavovima \u2013 portal Historiografija.hr bude otvoren raznim pogledima i historiografskoj zajednici u cjelini. Vjerujem da \u0107emo ve\u0107 i na taj na\u010din pokazati da Stanko Andri\u0107 nije pogrije\u0161io \u0161to je objavio spomenuti tekst iznose\u0107i svoje stru\u010dno mi\u0161ljenje u javnoj raspravi. Pogrije\u0161ili su oni koji su ga zbog toga diskvalificirali.<\/p>\n\n\n\n<hr class=\"wp-block-separator\"\/>\n\n\n\n<p>Branimir Jankovi\u0107<\/p>\n\n\n\n<p>urednik portala Historiografija.hr<\/p>\n\n\n\n<p>bjankovi@m.ffzg.hr<\/p>\n\n\n\n<hr class=\"wp-block-separator\"\/>\n\n\n\n<p>Iz medija:<\/p>\n\n\n\n<p><a href=\"https:\/\/magazin.hrt.hr\/kultura\/izabrani-novi-clanovi-hrvatske-akademije-znanosti-i-umjetnosti-11544069\">https:\/\/magazin.hrt.hr\/kultura\/izabrani-novi-clanovi-hrvatske-akademije-znanosti-i-umjetnosti-11544069<\/a><\/p>\n\n\n\n<p><a href=\"https:\/\/m.hina.hr\/#content\/11621641\">https:\/\/m.hina.hr\/#content\/11621641<\/a><\/p>\n\n\n\n<figure class=\"wp-block-embed-wordpress wp-block-embed is-type-wp-embed is-provider-n-1\"><div class=\"wp-block-embed__wrapper\">\n<blockquote class=\"wp-embedded-content\" data-secret=\"zGpgAR6z87\"><a href=\"https:\/\/n1info.hr\/magazin\/kultura\/hazu-izabrao-38-novih-clanova\/\">HAZU izabrao 38 novih \u010dlanova<\/a><\/blockquote><iframe loading=\"lazy\" class=\"wp-embedded-content\" sandbox=\"allow-scripts\" security=\"restricted\" style=\"position: absolute; clip: rect(1px, 1px, 1px, 1px);\" title=\"&#8220;HAZU izabrao 38 novih \u010dlanova&#8221; &#8212; N1\" src=\"https:\/\/n1info.hr\/magazin\/kultura\/hazu-izabrao-38-novih-clanova\/embed\/#?secret=Pv9DSovGFk#?secret=zGpgAR6z87\" data-secret=\"zGpgAR6z87\" width=\"600\" height=\"338\" frameborder=\"0\" marginwidth=\"0\" marginheight=\"0\" scrolling=\"no\"><\/iframe>\n<\/div><\/figure>\n\n\n\n<p><a href=\"https:\/\/www.tportal.hr\/vijesti\/clanak\/hazu-primio-novih-38-clanova-samo-andric-nije-prosao-evo-sto-mu-je-zamjereno-foto-20240516\">https:\/\/www.tportal.hr\/vijesti\/clanak\/hazu-primio-novih-38-clanova-samo-andric-nije-prosao-evo-sto-mu-je-zamjereno-foto-20240516<\/a><\/p>\n\n\n\n<figure class=\"wp-block-embed-wordpress wp-block-embed is-type-wp-embed is-provider-nacional-hr\"><div class=\"wp-block-embed__wrapper\">\n<blockquote class=\"wp-embedded-content\" data-secret=\"Ugs3XGKNhI\"><a href=\"https:\/\/www.nacional.hr\/najveci-broj-akademkinja-izabrani-novi-clanovi-hazu-a-nije-prosao-samo-povjesnicar-stanko-andric\/\">NAJVE\u0106I BROJ AKADEMKINJA Izabrani novi \u010dlanovi HAZU-a. Nije pro\u0161ao samo povjesni\u010dar Stanko Andri\u0107<\/a><\/blockquote><iframe loading=\"lazy\" class=\"wp-embedded-content\" sandbox=\"allow-scripts\" security=\"restricted\" style=\"position: absolute; clip: rect(1px, 1px, 1px, 1px);\" title=\"&#8220;NAJVE\u0106I BROJ AKADEMKINJA Izabrani novi \u010dlanovi HAZU-a. Nije pro\u0161ao samo povjesni\u010dar Stanko Andri\u0107&#8221; &#8212; NACIONAL.HR\" src=\"https:\/\/www.nacional.hr\/najveci-broj-akademkinja-izabrani-novi-clanovi-hazu-a-nije-prosao-samo-povjesnicar-stanko-andric\/embed\/#?secret=D2buoIZge5#?secret=Ugs3XGKNhI\" data-secret=\"Ugs3XGKNhI\" width=\"600\" height=\"338\" frameborder=\"0\" marginwidth=\"0\" marginheight=\"0\" scrolling=\"no\"><\/iframe>\n<\/div><\/figure>\n\n\n\n<p><a href=\"https:\/\/www.jutarnji.hr\/kultura\/knjizevnost\/facebook-status-slavne-hrvatske-knjizevnice-uzdrmao-akademike-pa-kako-je-moguce-da-on-nije-prosao-15461722\">https:\/\/www.jutarnji.hr\/kultura\/knjizevnost\/facebook-status-slavne-hrvatske-knjizevnice-uzdrmao-akademike-pa-kako-je-moguce-da-on-nije-prosao-15461722<\/a><\/p>\n\n\n\n<p><a href=\"https:\/\/direktno.hr\/zivot\/kultura\/julijana-matanovic-porukom-uzdrmala-mnoge-hrvatskoj-vjerujte-mi-tesko-mi-sto-tako-govorim-345998\/\">https:\/\/direktno.hr\/zivot\/kultura\/julijana-matanovic-porukom-uzdrmala-mnoge-hrvatskoj-vjerujte-mi-tesko-mi-sto-tako-govorim-345998\/<\/a><\/p>\n\n\n\n<p><a href=\"http:\/\/www.glas-slavonije.hr\/550231\/1\/Sablic-Tomic-Ovo-je-privilegij-cast-i-obveza-ali-i-prilika-za-glasniji-zenski-rod-u-HAZU-u\">http:\/\/www.glas-slavonije.hr\/550231\/1\/Sablic-Tomic-Ovo-je-privilegij-cast-i-obveza-ali-i-prilika-za-glasniji-zenski-rod-u-HAZU-u<\/a><\/p>\n\n\n\n<p><a href=\"https:\/\/www.istra24.hr\/zivot\/dr.-sc.-robert-matijasic-izabran-za-redovitog-clana-hrvatske-akademije-znanosti-i-umjetnosti\">https:\/\/www.istra24.hr\/zivot\/dr.-sc.-robert-matijasic-izabran-za-redovitog-clana-hrvatske-akademije-znanosti-i-umjetnosti<\/a><\/p>\n\n\n\n<figure class=\"wp-block-embed-wordpress wp-block-embed is-type-wp-embed is-provider-wordpress\"><div class=\"wp-block-embed__wrapper\">\n<blockquote class=\"wp-embedded-content\" data-secret=\"673LBrR2wu\"><a href=\"https:\/\/hrvatskonebo.org\/2024\/05\/20\/govor-akademika-josipa-pecarica-na-izbornoj-skupstini-hazu\/\">Govor akademika Josipa Pe\u010dari\u0107a na izbornoj skup\u0161tini HAZU<\/a><\/blockquote><iframe loading=\"lazy\" class=\"wp-embedded-content\" sandbox=\"allow-scripts\" security=\"restricted\" style=\"position: absolute; clip: rect(1px, 1px, 1px, 1px);\" title=\"&#8220;Govor akademika Josipa Pe\u010dari\u0107a na izbornoj skup\u0161tini HAZU&#8221; &#8212; \" src=\"https:\/\/hrvatskonebo.org\/2024\/05\/20\/govor-akademika-josipa-pecarica-na-izbornoj-skupstini-hazu\/embed\/#?secret=wABFkN09wO#?secret=673LBrR2wu\" data-secret=\"673LBrR2wu\" width=\"600\" height=\"338\" frameborder=\"0\" marginwidth=\"0\" marginheight=\"0\" scrolling=\"no\"><\/iframe>\n<\/div><\/figure>\n\n\n\n<figure class=\"wp-block-embed-wordpress wp-block-embed is-type-wp-embed is-provider-bez-cenzure\"><div class=\"wp-block-embed__wrapper\">\n<blockquote class=\"wp-embedded-content\" data-secret=\"F2WeNVb7NA\"><a href=\"https:\/\/bezcenzure.hr\/vlad\/jesu-li-istoricari-znanstvenici-napadaju-tudmana-da-umres-od-smijeha-10\/\">JESU LI &#8216;ISTORI\u010cARI&#8217; ZNANSTVENICI?  (NAPADAJU TU\u0110MANA \u2013 DA UMRE\u0160 OD SMIJEHA 10.)<\/a><\/blockquote><iframe loading=\"lazy\" class=\"wp-embedded-content\" sandbox=\"allow-scripts\" security=\"restricted\" style=\"position: absolute; clip: rect(1px, 1px, 1px, 1px);\" title=\"&#8220;JESU LI &#8216;ISTORI\u010cARI&#8217; ZNANSTVENICI?  (NAPADAJU TU\u0110MANA \u2013 DA UMRE\u0160 OD SMIJEHA 10.)&#8221; &#8212; Bez Cenzure\" src=\"https:\/\/bezcenzure.hr\/vlad\/jesu-li-istoricari-znanstvenici-napadaju-tudmana-da-umres-od-smijeha-10\/embed\/#?secret=F2WeNVb7NA\" data-secret=\"F2WeNVb7NA\" width=\"600\" height=\"338\" frameborder=\"0\" marginwidth=\"0\" marginheight=\"0\" scrolling=\"no\"><\/iframe>\n<\/div><\/figure>\n\n\n\n<p><a href=\"https:\/\/forum.tm\/vijesti\/tekst-o-nisticama-koje-ne-zasluzuju-nijedan-jedini-redak-8050\">https:\/\/forum.tm\/vijesti\/tekst-o-nisticama-koje-ne-zasluzuju-nijedan-jedini-redak-8050<\/a><\/p>\n\n\n\n<hr class=\"wp-block-separator\"\/>\n","protected":false},"excerpt":{"rendered":"","protected":false},"author":2,"featured_media":40910,"comment_status":"open","ping_status":"open","sticky":false,"template":"","format":"standard","meta":{"_acf_changed":false,"jetpack_post_was_ever_published":false,"_jetpack_newsletter_access":"","_jetpack_dont_email_post_to_subs":false,"_jetpack_newsletter_tier_id":0,"_jetpack_memberships_contains_paywalled_content":false,"_jetpack_memberships_contains_paid_content":false,"footnotes":"","jetpack_publicize_message":"","jetpack_publicize_feature_enabled":true,"jetpack_social_post_already_shared":true,"jetpack_social_options":{"image_generator_settings":{"template":"highway","default_image_id":0,"font":"","enabled":false},"version":2}},"categories":[3,17],"tags":[],"class_list":["post-40907","post","type-post","status-publish","format-standard","has-post-thumbnail","hentry","category-novosti","category-rasprave"],"acf":{"facebook_opis":""},"jetpack_publicize_connections":[],"jetpack_featured_media_url":"https:\/\/i0.wp.com\/historiografija.hr\/wp-content\/uploads\/2024\/05\/HAZU_izbor.jpg?fit=1600%2C1067&ssl=1","jetpack_sharing_enabled":true,"jetpack-related-posts":[{"id":52536,"url":"https:\/\/historiografija.hr\/?p=52536","url_meta":{"origin":40907,"position":0},"title":"Kader Abdolah, \u201ePrije nego \u0161to bude kasno\u201c","author":"Branimir Jankovi\u0107","date":"20. travnja 2026.","format":false,"excerpt":"Kader Abdolah \u017eeli se vratiti ku\u0107i. Ali povratak je nemogu\u0107: u Iranu bi bio uhap\u0161en. Pod la\u017enim imenom i s krivotvorenim paso\u0161em ipak uspijeva u\u0107i u domovinu i sti\u017ee do roditeljske ku\u0107e, visoko u planinama. Majka ga ne prepoznaje, otac je mrtav, a sve \u0161to je tra\u017eio izmi\u010de mu pred\u2026","rel":"","context":"U &quot;Novosti&quot;","block_context":{"text":"Novosti","link":"https:\/\/historiografija.hr\/?cat=3"},"img":{"alt_text":"","src":"https:\/\/i0.wp.com\/historiografija.hr\/wp-content\/uploads\/2026\/04\/Prije-nego-sto-bude-kasno.webp?fit=566%2C872&ssl=1&resize=350%2C200","width":350,"height":200,"srcset":"https:\/\/i0.wp.com\/historiografija.hr\/wp-content\/uploads\/2026\/04\/Prije-nego-sto-bude-kasno.webp?fit=566%2C872&ssl=1&resize=350%2C200 1x, https:\/\/i0.wp.com\/historiografija.hr\/wp-content\/uploads\/2026\/04\/Prije-nego-sto-bude-kasno.webp?fit=566%2C872&ssl=1&resize=525%2C300 1.5x"},"classes":[]},{"id":52592,"url":"https:\/\/historiografija.hr\/?p=52592","url_meta":{"origin":40907,"position":1},"title":"Predstavljanje knjige &#8220;Turska ku\u0107a u Rijeci&#8221; u Zagrebu","author":"Branimir Jankovi\u0107","date":"22. travnja 2026.","format":false,"excerpt":"U prostorijama Turskog kulturnog centra Yunus Emre u Zagrebu, u utorak 21. travnja 2026. godine, odr\u017eano je sve\u010dano predstavljanje dopunjenog izdanja knjige Turska ku\u0107a u Rijeci, u organizaciji Hrvatsko-turskog dru\u0161tva Rijeka i partnerstvu sa Skupinom prijateljstva Hrvatska-Turska Hrvatskog sabora, Veleposlanstvom Republike Turske u Republici Hrvatskoj te Turskim kulturnim centrom Yunus\u2026","rel":"","context":"U &quot;Novosti&quot;","block_context":{"text":"Novosti","link":"https:\/\/historiografija.hr\/?cat=3"},"img":{"alt_text":"","src":"https:\/\/i0.wp.com\/historiografija.hr\/wp-content\/uploads\/2026\/04\/Turska-kuca-ZG.jpg?fit=1200%2C800&ssl=1&resize=350%2C200","width":350,"height":200,"srcset":"https:\/\/i0.wp.com\/historiografija.hr\/wp-content\/uploads\/2026\/04\/Turska-kuca-ZG.jpg?fit=1200%2C800&ssl=1&resize=350%2C200 1x, https:\/\/i0.wp.com\/historiografija.hr\/wp-content\/uploads\/2026\/04\/Turska-kuca-ZG.jpg?fit=1200%2C800&ssl=1&resize=525%2C300 1.5x, https:\/\/i0.wp.com\/historiografija.hr\/wp-content\/uploads\/2026\/04\/Turska-kuca-ZG.jpg?fit=1200%2C800&ssl=1&resize=700%2C400 2x, https:\/\/i0.wp.com\/historiografija.hr\/wp-content\/uploads\/2026\/04\/Turska-kuca-ZG.jpg?fit=1200%2C800&ssl=1&resize=1050%2C600 3x"},"classes":[]},{"id":52589,"url":"https:\/\/historiografija.hr\/?p=52589","url_meta":{"origin":40907,"position":2},"title":"Predstavljena knjiga Miomira \u017du\u017eula &#8220;Dayton: Diplomacija &#8211; druga strana rata&#8221;","author":"Branimir Jankovi\u0107","date":"22. travnja 2026.","format":false,"excerpt":"Knjiga Miomira \u017du\u017eula \u201eDayton: Diplomacija \u2013 druga strana rata\u201d predstavljena je u srijedu, 22. travnja 2026. godine u foajeu Hrvatskoga narodnog kazali\u0161ta u Zagrebu. Op\u0161irnije: https:\/\/vijesti.hrt.hr\/hrvatska\/predstavljena-knjiga-miomira-zuzula-dayton-diplomacija-druga-strana-rata-12683259 https:\/\/www.vecernji.ba\/amp\/vijesti\/zuzulova-knjiga-o-daytonu-predstavljena-u-zagrebu-diplomacija-kao-druga-strana-rata-1953700 https:\/\/www.tportal.hr\/vijesti\/clanak\/bivsi-sanaderov-ministar-odrzao-promociju-evo-tko-je-sve-dosao-na-predstavljanje-knjige-miomira-zuzula-foto-20260422 https:\/\/direktno.hr\/zivot\/kultura\/zuzul-otkrio-sve-o-drugoj-strani-rata-za-hrvatsku-se-nije-libio-povuci-nekoga-i-za-kosu-395042 https:\/\/www.24sata.hr\/news\/miomir-zuzul-predstavio-je-knjigu-o-daytonu-diplomacija-je-bila-druga-strana-rata-1123152 https:\/\/www.vecernji.hr\/kultura\/kolinda-grabar-kitarovic-otvoreno-miomir-zuzul-nije-vukao-samo-za-rukav-nego-i-za-kosu-1953722 https:\/\/www.vecernji.hr\/kultura\/i-papa-lav-xiv-eksplicitno-je-daytonski-sporazum-istaknuo-kao-primjer-uspjesna-rjesavanja-sukoba-1952215","rel":"","context":"U &quot;Novosti&quot;","block_context":{"text":"Novosti","link":"https:\/\/historiografija.hr\/?cat=3"},"img":{"alt_text":"","src":"https:\/\/i0.wp.com\/historiografija.hr\/wp-content\/uploads\/2026\/04\/Dayton.jpg?fit=1024%2C683&ssl=1&resize=350%2C200","width":350,"height":200,"srcset":"https:\/\/i0.wp.com\/historiografija.hr\/wp-content\/uploads\/2026\/04\/Dayton.jpg?fit=1024%2C683&ssl=1&resize=350%2C200 1x, https:\/\/i0.wp.com\/historiografija.hr\/wp-content\/uploads\/2026\/04\/Dayton.jpg?fit=1024%2C683&ssl=1&resize=525%2C300 1.5x, https:\/\/i0.wp.com\/historiografija.hr\/wp-content\/uploads\/2026\/04\/Dayton.jpg?fit=1024%2C683&ssl=1&resize=700%2C400 2x"},"classes":[]},{"id":52505,"url":"https:\/\/historiografija.hr\/?p=52505","url_meta":{"origin":40907,"position":3},"title":"Izlo\u017eba &#8220;Eschenstock \/ Jasenov prut&#8221;","author":"Branimir Jankovi\u0107","date":"17. travnja 2026.","format":false,"excerpt":"Srpsko narodno vije\u0107e (SNV) i Vizura aperta postavljaju izlo\u017ebu \u0161vicarskog slikara Velimira Ili\u0161evi\u0107a: Eschenstock \/ Jasenov prut. Izlo\u017eba se uz prisustvo autora otvara povodom 81. godi\u0161njice proboja logora\u0161a iz usta\u0161kog logora smrti Jasenovac 22. aprila 2026. u 19 sati u Srpskom kulturnom centru (SKC) u Preradovi\u0107evoj ulici 21 u Zagrebu.\u2026","rel":"","context":"U &quot;Izlo\u017ebe&quot;","block_context":{"text":"Izlo\u017ebe","link":"https:\/\/historiografija.hr\/?cat=10"},"img":{"alt_text":"","src":"https:\/\/i0.wp.com\/historiografija.hr\/wp-content\/uploads\/2026\/04\/Jasenov_prut.jpg?fit=1024%2C640&ssl=1&resize=350%2C200","width":350,"height":200,"srcset":"https:\/\/i0.wp.com\/historiografija.hr\/wp-content\/uploads\/2026\/04\/Jasenov_prut.jpg?fit=1024%2C640&ssl=1&resize=350%2C200 1x, https:\/\/i0.wp.com\/historiografija.hr\/wp-content\/uploads\/2026\/04\/Jasenov_prut.jpg?fit=1024%2C640&ssl=1&resize=525%2C300 1.5x, https:\/\/i0.wp.com\/historiografija.hr\/wp-content\/uploads\/2026\/04\/Jasenov_prut.jpg?fit=1024%2C640&ssl=1&resize=700%2C400 2x"},"classes":[]},{"id":52669,"url":"https:\/\/historiografija.hr\/?p=52669","url_meta":{"origin":40907,"position":4},"title":"Predavanje Igora Dude &#8220;Odmor kao \u017eivotna potreba: o slobodnom vremenu u socijalisti\u010dkoj Jugoslaviji&#8221;","author":"Branimir Jankovi\u0107","date":"27. travnja 2026.","format":false,"excerpt":"U sklopu proljetnog ciklusa programa\u00a0Kriti\u010dka dramaturgija: pauza, u\u00a0subotu, 25. travnja 2026. u 19 sati\u00a0u prostoru Udru\u017eenja hrvatskih arhitekata povjesni\u010dar Igor Duda\u00a0odr\u017eao je predavanje naslovljeno\u00a0Odmor kao \u017eivotna potreba: o slobodnom vremenu u socijalisti\u010dkoj Jugoslaviji. Industrijalizacija i urbanizacija dru\u0161tava u povijesti su zna\u010dile i prelazak s predindustrijskog na industrijsko shva\u0107anje vremena. Ono\u2026","rel":"","context":"U &quot;Novosti&quot;","block_context":{"text":"Novosti","link":"https:\/\/historiografija.hr\/?cat=3"},"img":{"alt_text":"","src":"https:\/\/i0.wp.com\/historiografija.hr\/wp-content\/uploads\/2026\/04\/Duda.png?fit=1200%2C628&ssl=1&resize=350%2C200","width":350,"height":200,"srcset":"https:\/\/i0.wp.com\/historiografija.hr\/wp-content\/uploads\/2026\/04\/Duda.png?fit=1200%2C628&ssl=1&resize=350%2C200 1x, https:\/\/i0.wp.com\/historiografija.hr\/wp-content\/uploads\/2026\/04\/Duda.png?fit=1200%2C628&ssl=1&resize=525%2C300 1.5x, https:\/\/i0.wp.com\/historiografija.hr\/wp-content\/uploads\/2026\/04\/Duda.png?fit=1200%2C628&ssl=1&resize=700%2C400 2x, https:\/\/i0.wp.com\/historiografija.hr\/wp-content\/uploads\/2026\/04\/Duda.png?fit=1200%2C628&ssl=1&resize=1050%2C600 3x"},"classes":[]},{"id":52654,"url":"https:\/\/historiografija.hr\/?p=52654","url_meta":{"origin":40907,"position":5},"title":"Gostuju\u0107e predavanje &#8211; Danijel D\u017eino \u201eKasnoanti\u010dke i ranosrednjovjekovne gra\u0111evine u Brezi: Spomenici nepotpune biografije\u201c","author":"Branimir Jankovi\u0107","date":"24. travnja 2026.","format":false,"excerpt":"Doktorski studij predmoderne povijesti poziva na predavanje \"Kasnoanti\u010dke i ranosrednjovjekovne gra\u0111evine u Brezi: Spomenici nepotpune biografije\u201d koje \u0107e odr\u017eati profesor Danijel D\u017eino sa Sveu\u010dili\u0161ta Macquarie u Sydneyu u\u00a0utorak 28. travnja 2026. u 17h u Konferencijskoj dvorani Knji\u017enice Filozofskog fakulteta u Zagrebu. Predavanje \u0107e predo\u010diti nova saznanja dobivena kroz arhivsko-dokumentarna istra\u017eivanja\u2026","rel":"","context":"U &quot;Novosti&quot;","block_context":{"text":"Novosti","link":"https:\/\/historiografija.hr\/?cat=3"},"img":{"alt_text":"","src":"https:\/\/i0.wp.com\/historiografija.hr\/wp-content\/uploads\/2026\/04\/Dzino.jpg?fit=980%2C819&ssl=1&resize=350%2C200","width":350,"height":200,"srcset":"https:\/\/i0.wp.com\/historiografija.hr\/wp-content\/uploads\/2026\/04\/Dzino.jpg?fit=980%2C819&ssl=1&resize=350%2C200 1x, https:\/\/i0.wp.com\/historiografija.hr\/wp-content\/uploads\/2026\/04\/Dzino.jpg?fit=980%2C819&ssl=1&resize=525%2C300 1.5x, https:\/\/i0.wp.com\/historiografija.hr\/wp-content\/uploads\/2026\/04\/Dzino.jpg?fit=980%2C819&ssl=1&resize=700%2C400 2x"},"classes":[]}],"_links":{"self":[{"href":"https:\/\/historiografija.hr\/index.php?rest_route=\/wp\/v2\/posts\/40907","targetHints":{"allow":["GET"]}}],"collection":[{"href":"https:\/\/historiografija.hr\/index.php?rest_route=\/wp\/v2\/posts"}],"about":[{"href":"https:\/\/historiografija.hr\/index.php?rest_route=\/wp\/v2\/types\/post"}],"author":[{"embeddable":true,"href":"https:\/\/historiografija.hr\/index.php?rest_route=\/wp\/v2\/users\/2"}],"replies":[{"embeddable":true,"href":"https:\/\/historiografija.hr\/index.php?rest_route=%2Fwp%2Fv2%2Fcomments&post=40907"}],"version-history":[{"count":6,"href":"https:\/\/historiografija.hr\/index.php?rest_route=\/wp\/v2\/posts\/40907\/revisions"}],"predecessor-version":[{"id":40927,"href":"https:\/\/historiografija.hr\/index.php?rest_route=\/wp\/v2\/posts\/40907\/revisions\/40927"}],"wp:featuredmedia":[{"embeddable":true,"href":"https:\/\/historiografija.hr\/index.php?rest_route=\/wp\/v2\/media\/40910"}],"wp:attachment":[{"href":"https:\/\/historiografija.hr\/index.php?rest_route=%2Fwp%2Fv2%2Fmedia&parent=40907"}],"wp:term":[{"taxonomy":"category","embeddable":true,"href":"https:\/\/historiografija.hr\/index.php?rest_route=%2Fwp%2Fv2%2Fcategories&post=40907"},{"taxonomy":"post_tag","embeddable":true,"href":"https:\/\/historiografija.hr\/index.php?rest_route=%2Fwp%2Fv2%2Ftags&post=40907"}],"curies":[{"name":"wp","href":"https:\/\/api.w.org\/{rel}","templated":true}]}}