{"id":40892,"date":"2024-05-20T15:51:11","date_gmt":"2024-05-20T15:51:11","guid":{"rendered":"http:\/\/historiografija.hr\/?p=40892"},"modified":"2024-05-20T15:51:40","modified_gmt":"2024-05-20T15:51:40","slug":"konferencija-simbolicno-i-stvarno-u-ustavu-sfrj-iz-1974-godine-istorijska-i-pravna-perspektiva","status":"publish","type":"post","link":"https:\/\/historiografija.hr\/?p=40892","title":{"rendered":"Konferencija \u201eSimboli\u010dno i stvarno u ustavu SFRJ iz 1974. godine: istorijska i pravna perspektiva\u201c"},"content":{"rendered":"\n<p>Pravni fakultet Univerziteta Union u Beogradu i Muzej Jugoslavije zajedni\u010dki organizuju konferenciju&nbsp;<em>Simboli\u010dno i stvarno u ustavu SFRJ iz 1974. godine: istorijska i pravna perspektiva<\/em>. Konferencija \u0107e biti odr\u017eana 21. i 22. maja 2024. godine. Prvog dana u\u010desnike i goste konferencije o\u010dekujemo u Muzeju Jugoslavije (Mihaila Mike Jankovi\u0107a 6), a drugog dana u prostorijama Pravnog fakulteta Univerziteta Union (Mar\u0161ala Tolbuhina 36).&nbsp;<\/p>\n\n\n\n<p>U radu konferencije u\u010destvuju: Nenad Dimitrijevi\u0107, Zoran Oklop\u010di\u0107, Tvrtko Jakovina, Hrvoje Klasi\u0107, Husnija Kamberovi\u0107, Svetomir \u0160kari\u0107, Bo\u017eo Repe, Ned\u017emedin Spahiu, Dragoljub Popovi\u0107, Aleksandar Molnar, Miodrag Jovanovi\u0107, Tama\u0161 Korhec, Boris Begovi\u0107, Marijana Pajvani\u010di\u0107, Milivoj Be\u0161lin, Aleksandar Mileti\u0107, Petar \u017darkovi\u0107, Neboj\u0161a \u0160arki\u0107, Jelena Jerini\u0107, Bogoljub Milosavljevi\u0107, Ana Vladisavljevi\u0107, Nikola Olbina, Marko Bo\u017ei\u0107, Sr\u0111an Milo\u0161evi\u0107, Violeta Be\u0161irevi\u0107.<\/p>\n\n\n\n<hr class=\"wp-block-separator\"\/>\n\n\n\n<p>Izvori, program konferencije i knjiga apstrakata:<\/p>\n\n\n\n<p><a href=\"https:\/\/pravnifakultet.edu.rs\/ustav-1974\/\">https:\/\/pravnifakultet.edu.rs\/ustav-1974\/<\/a><\/p>\n\n\n\n<figure class=\"wp-block-embed-wordpress wp-block-embed is-type-wp-embed is-provider-muzej-jugoslavije\"><div class=\"wp-block-embed__wrapper\">\n<blockquote class=\"wp-embedded-content\" data-secret=\"OKLrVHKF3s\"><a href=\"https:\/\/muzej-jugoslavije.org\/program\/konferencija-simbolicno-i-stvarno-u-ustavu-sfrj-iz-1974-godine\/\">Konferencija Simboli\u010dno i stvarno u ustavu SFRJ iz 1974. godine<\/a><\/blockquote><iframe loading=\"lazy\" class=\"wp-embedded-content\" sandbox=\"allow-scripts\" security=\"restricted\" style=\"position: absolute; clip: rect(1px, 1px, 1px, 1px);\" title=\"&#8220;Konferencija Simboli\u010dno i stvarno u ustavu SFRJ iz 1974. godine&#8221; &#8212; Muzej Jugoslavije\" src=\"https:\/\/muzej-jugoslavije.org\/program\/konferencija-simbolicno-i-stvarno-u-ustavu-sfrj-iz-1974-godine\/embed\/#?secret=OKLrVHKF3s\" data-secret=\"OKLrVHKF3s\" width=\"600\" height=\"338\" frameborder=\"0\" marginwidth=\"0\" marginheight=\"0\" scrolling=\"no\"><\/iframe>\n<\/div><\/figure>\n\n\n\n<hr class=\"wp-block-separator\"\/>\n\n\n\n<p>Obavijest je objavljena i na portalu <strong>Historiografija.ba<\/strong>:<\/p>\n\n\n\n<p><a href=\"https:\/\/historiografija.ba\/article.php?id=2498\">https:\/\/historiografija.ba\/article.php?id=2498<\/a><\/p>\n\n\n\n<hr class=\"wp-block-separator\"\/>\n","protected":false},"excerpt":{"rendered":"","protected":false},"author":2,"featured_media":40893,"comment_status":"open","ping_status":"open","sticky":false,"template":"","format":"standard","meta":{"_acf_changed":false,"jetpack_post_was_ever_published":false,"_jetpack_newsletter_access":"","_jetpack_dont_email_post_to_subs":false,"_jetpack_newsletter_tier_id":0,"_jetpack_memberships_contains_paywalled_content":false,"_jetpack_memberships_contains_paid_content":false,"footnotes":"","jetpack_publicize_message":"","jetpack_publicize_feature_enabled":true,"jetpack_social_post_already_shared":true,"jetpack_social_options":{"image_generator_settings":{"template":"highway","default_image_id":0,"font":"","enabled":false},"version":2}},"categories":[3,9],"tags":[],"class_list":["post-40892","post","type-post","status-publish","format-standard","has-post-thumbnail","hentry","category-novosti","category-skupovi"],"acf":{"facebook_opis":""},"jetpack_publicize_connections":[],"jetpack_featured_media_url":"https:\/\/i0.wp.com\/historiografija.hr\/wp-content\/uploads\/2024\/05\/Ustav.jpg?fit=1536%2C606&ssl=1","jetpack_sharing_enabled":true,"jetpack-related-posts":[],"_links":{"self":[{"href":"https:\/\/historiografija.hr\/index.php?rest_route=\/wp\/v2\/posts\/40892","targetHints":{"allow":["GET"]}}],"collection":[{"href":"https:\/\/historiografija.hr\/index.php?rest_route=\/wp\/v2\/posts"}],"about":[{"href":"https:\/\/historiografija.hr\/index.php?rest_route=\/wp\/v2\/types\/post"}],"author":[{"embeddable":true,"href":"https:\/\/historiografija.hr\/index.php?rest_route=\/wp\/v2\/users\/2"}],"replies":[{"embeddable":true,"href":"https:\/\/historiografija.hr\/index.php?rest_route=%2Fwp%2Fv2%2Fcomments&post=40892"}],"version-history":[{"count":2,"href":"https:\/\/historiografija.hr\/index.php?rest_route=\/wp\/v2\/posts\/40892\/revisions"}],"predecessor-version":[{"id":40895,"href":"https:\/\/historiografija.hr\/index.php?rest_route=\/wp\/v2\/posts\/40892\/revisions\/40895"}],"wp:featuredmedia":[{"embeddable":true,"href":"https:\/\/historiografija.hr\/index.php?rest_route=\/wp\/v2\/media\/40893"}],"wp:attachment":[{"href":"https:\/\/historiografija.hr\/index.php?rest_route=%2Fwp%2Fv2%2Fmedia&parent=40892"}],"wp:term":[{"taxonomy":"category","embeddable":true,"href":"https:\/\/historiografija.hr\/index.php?rest_route=%2Fwp%2Fv2%2Fcategories&post=40892"},{"taxonomy":"post_tag","embeddable":true,"href":"https:\/\/historiografija.hr\/index.php?rest_route=%2Fwp%2Fv2%2Ftags&post=40892"}],"curies":[{"name":"wp","href":"https:\/\/api.w.org\/{rel}","templated":true}]}}