{"id":40889,"date":"2024-05-20T15:39:29","date_gmt":"2024-05-20T15:39:29","guid":{"rendered":"http:\/\/historiografija.hr\/?p=40889"},"modified":"2024-05-20T15:39:29","modified_gmt":"2024-05-20T15:39:29","slug":"izlozba-zagrebacki-velesajam-1956-1961","status":"publish","type":"post","link":"https:\/\/historiografija.hr\/?p=40889","title":{"rendered":"Izlo\u017eba &#8220;Zagreba\u010dki velesajam 1956.\u20131961.&#8221;"},"content":{"rendered":"\n<p>Izlo\u017eba <em>Zagreba\u010dki velesajam 1956.\u20131961. Dru\u0161tveni, privredni, (geo)politi\u010dki i prostorni zama\u0161njak razvoja socijalisti\u010dkog grada <\/em>otvara se 21. svibnja 2024. u Galeriji Modulor u Zagrebu, s po\u010detkom u 19:00 sati.<\/p>\n\n\n\n<p>Ova izlo\u017eba dio je vi\u0161egodi\u0161njeg istra\u017eivanja Velesajma kojim se \u017eeli obuhvatiti njegova va\u017enost i uloge koje je odigrao kako na razini grada Zagreba tako i socijalisti\u010dke Jugoslavije te sagledati njegovu poziciju danas. Njome se obuhva\u0107a razdoblje od njegove inauguracije na desnoj obali Save do 1961. i prate\u0107i gra\u0111evinski <em>boom<\/em>, hladnoratovsku poziciju i formaliziranje Pokreta nesvrstanih. Izlo\u017eba daje smjernice za prou\u010davanje dru\u0161tvenog, privrednog, (geo)politi\u010dkog i prostornog doprinosa Zagreba\u010dkog velesajma razvoju jednog socijalisti\u010dkog grada, a time i (socijalisti\u010dkog) svijeta.<\/p>\n\n\n\n<p>Autorice izlo\u017ebe su Sonja Lebo\u0161 (Udruga za interdisciplinarna i interkulturalna istra\u017eivanja) i Lana Lovren\u010di\u0107 (Institut za povijest umjetnosti). Autorice \u0107e 25. svibnja 2024. u okviru prate\u0107eg programa uz izlo\u017ebu prirediti i javnu \u0161etnju Velesajmom s <em>pop-up<\/em> izlo\u017ebom, s po\u010detkom u 11:00 sati.<\/p>\n\n\n\n<p>Izlo\u017eba je rezultat projekta <a href=\"https:\/\/www.ipu.hr\/article\/hr\/1611\/FEMO\">FEMO \u2013 Fenomeni hrvatskoga umjetni\u010dkog moderniteta<\/a>.<\/p>\n\n\n\n<p>Vi\u0161e o izlo\u017ebi i popratnim doga\u0111anjima vidi na sljede\u0107oj poveznici:<\/p>\n\n\n\n<figure class=\"wp-block-embed-wordpress wp-block-embed is-type-wp-embed is-provider-cekate-centar-za-kulturu-tresnjevka\"><div class=\"wp-block-embed__wrapper\">\n<blockquote class=\"wp-embedded-content\" data-secret=\"8JxYpwJ1NQ\"><a href=\"https:\/\/cekate.hr\/program\/izlozba-zagrebacki-velesajam-1956-1961\/\">Izlo\u017eba \u201cZagreba\u010dki velesajam 1956.-1961.\u201d<\/a><\/blockquote><iframe loading=\"lazy\" class=\"wp-embedded-content\" sandbox=\"allow-scripts\" security=\"restricted\" style=\"position: absolute; clip: rect(1px, 1px, 1px, 1px);\" title=\"&#8220;Izlo\u017eba \u201cZagreba\u010dki velesajam 1956.-1961.\u201d&#8221; &#8212; Cekate - Centar za kulturu Tre\u0161njevka\" src=\"https:\/\/cekate.hr\/program\/izlozba-zagrebacki-velesajam-1956-1961\/embed\/#?secret=Nr6vq2D1y3#?secret=8JxYpwJ1NQ\" data-secret=\"8JxYpwJ1NQ\" width=\"600\" height=\"338\" frameborder=\"0\" marginwidth=\"0\" marginheight=\"0\" scrolling=\"no\"><\/iframe>\n<\/div><\/figure>\n\n\n\n<hr class=\"wp-block-separator\"\/>\n\n\n\n<p>Izvor:<\/p>\n\n\n\n<p><a href=\"https:\/\/www.ipu.hr\/article\/hr\/1738\/zagrebacki-velesajam-19561961-\">https:\/\/www.ipu.hr\/article\/hr\/1738\/zagrebacki-velesajam-19561961-<\/a><\/p>\n\n\n\n<hr class=\"wp-block-separator\"\/>\n","protected":false},"excerpt":{"rendered":"","protected":false},"author":2,"featured_media":40890,"comment_status":"open","ping_status":"open","sticky":false,"template":"","format":"standard","meta":{"_acf_changed":false,"jetpack_post_was_ever_published":false,"_jetpack_newsletter_access":"","_jetpack_dont_email_post_to_subs":false,"_jetpack_newsletter_tier_id":0,"_jetpack_memberships_contains_paywalled_content":false,"_jetpack_memberships_contains_paid_content":false,"footnotes":"","jetpack_publicize_message":"","jetpack_publicize_feature_enabled":true,"jetpack_social_post_already_shared":true,"jetpack_social_options":{"image_generator_settings":{"template":"highway","default_image_id":0,"font":"","enabled":false},"version":2}},"categories":[10,3],"tags":[],"class_list":["post-40889","post","type-post","status-publish","format-standard","has-post-thumbnail","hentry","category-izlozbe","category-novosti"],"acf":{"facebook_opis":""},"jetpack_publicize_connections":[],"jetpack_featured_media_url":"https:\/\/i0.wp.com\/historiografija.hr\/wp-content\/uploads\/2024\/05\/zagrebacki-velesajam-04-l-0892-192-detalj.jpg?fit=923%2C577&ssl=1","jetpack_sharing_enabled":true,"jetpack-related-posts":[],"_links":{"self":[{"href":"https:\/\/historiografija.hr\/index.php?rest_route=\/wp\/v2\/posts\/40889","targetHints":{"allow":["GET"]}}],"collection":[{"href":"https:\/\/historiografija.hr\/index.php?rest_route=\/wp\/v2\/posts"}],"about":[{"href":"https:\/\/historiografija.hr\/index.php?rest_route=\/wp\/v2\/types\/post"}],"author":[{"embeddable":true,"href":"https:\/\/historiografija.hr\/index.php?rest_route=\/wp\/v2\/users\/2"}],"replies":[{"embeddable":true,"href":"https:\/\/historiografija.hr\/index.php?rest_route=%2Fwp%2Fv2%2Fcomments&post=40889"}],"version-history":[{"count":1,"href":"https:\/\/historiografija.hr\/index.php?rest_route=\/wp\/v2\/posts\/40889\/revisions"}],"predecessor-version":[{"id":40891,"href":"https:\/\/historiografija.hr\/index.php?rest_route=\/wp\/v2\/posts\/40889\/revisions\/40891"}],"wp:featuredmedia":[{"embeddable":true,"href":"https:\/\/historiografija.hr\/index.php?rest_route=\/wp\/v2\/media\/40890"}],"wp:attachment":[{"href":"https:\/\/historiografija.hr\/index.php?rest_route=%2Fwp%2Fv2%2Fmedia&parent=40889"}],"wp:term":[{"taxonomy":"category","embeddable":true,"href":"https:\/\/historiografija.hr\/index.php?rest_route=%2Fwp%2Fv2%2Fcategories&post=40889"},{"taxonomy":"post_tag","embeddable":true,"href":"https:\/\/historiografija.hr\/index.php?rest_route=%2Fwp%2Fv2%2Ftags&post=40889"}],"curies":[{"name":"wp","href":"https:\/\/api.w.org\/{rel}","templated":true}]}}