{"id":40876,"date":"2024-05-17T10:18:52","date_gmt":"2024-05-17T10:18:52","guid":{"rendered":"http:\/\/historiografija.hr\/?p=40876"},"modified":"2024-05-17T10:20:12","modified_gmt":"2024-05-17T10:20:12","slug":"znanstveni-skup-marko-polo-i-prostori-knjizevnosti-komparativna-povijest-hrvatske-knjizevnosti","status":"publish","type":"post","link":"https:\/\/historiografija.hr\/?p=40876","title":{"rendered":"Znanstveni skup \u201eMarko Polo i prostori knji\u017eevnosti. Komparativna povijest hrvatske knji\u017eevnosti\u201c"},"content":{"rendered":"\n<p>Utorak, 21. svibnja 2024. u 09:00 sati, Mala dvorana Matice hrvatske, Ulica Matice hrvatske 2, Strossmayerov trg 4, Zagreb<\/p>\n\n\n\n<hr class=\"wp-block-separator\"\/>\n\n\n\n<p><strong>I. dio<\/strong><br><strong>utorak, 21. svibnja 2024. u 9 sati<br>Mala dvorana Matice hrvatske, Strossmayerov trg 4, Zagreb<\/strong><\/p>\n\n\n\n<p>\u017deljka \u010corak: <em>Marko Polo, pretpovijest<\/em><\/p>\n\n\n\n<p>Mirko Sardeli\u0107: <em>Azija u europskom imaginariju i prvi putnici u Isto\u010dnu Aziju u 13. stolje\u0107u<\/em><\/p>\n\n\n\n<p>Sani Sardeli\u0107: <em>Komparatistica knji\u017eevnosti u muzeju \u2013 kustosko \u010ditanje \u201eKnjige \u010duda svijeta\u201c Marka Pola<\/em><\/p>\n\n\n\n<p>Sibila Petlevski: <em>Marko Polo na\u0161e budu\u0107nosti: Radikalna ma\u0161ta, imaginarna kartografija, etnofikcija<\/em><\/p>\n\n\n\n<p>Barbara \u0106uk: <em>Putovanja srednjovjekovnih \u017eena. Primjeri Hildegarde iz Bingena i Brigite \u0160vedske<\/em><\/p>\n\n\n\n<p>Francisco Javier Juez G\u00e1lvez: <em>Juan del Encina, \u0161panjolski stihotvorni putopisac po hrvatskoj obali (1519.)<\/em><\/p>\n\n\n\n<p>Ana \u0160verko: <em>Putopisni narativi u rije\u010di i slici. \u201eLes Bords de l&#8217;Adriatique et le Montenegro\u201c (1878.) Charlesa Yriartea<\/em><\/p>\n\n\n\n<p>Irvin Luke\u017ei\u0107: <em>\u201eDalmatinsko putovanje\u201c Hermanna Bahra<\/em><\/p>\n\n\n\n<p>Tanja Baran: <em>Putopisi kr\u0161\u0107anskoga nadahnu\u0107a u hrvatskoj knji\u017eevnoj suvremenosti<\/em><\/p>\n\n\n\n<p>Mirna Sindi\u010di\u0107 Sabljo: <em>Indija u suvremenim hrvatskim putopisima<\/em><\/p>\n\n\n\n<p>Tomislav \u010cankovi\u0107: <em>Topografija i topotezija postklasi\u010dne latinske epike: primjer anonimnog djela \u201ePoesis Waltharii\u201c i Buni\u0107evog \u201eDe raptu Cerberi\u201c<\/em><\/p>\n\n\n\n<p>Ivana Drenjan\u010devi\u0107: <em>Prostori Mato\u0161eva pjesni\u0161tva<\/em><\/p>\n\n\n\n<p>Matija Iva\u010di\u0107: <em>O \u201eapostolskom putovanju\u201c Jaroslava Ha\u0161eka u Hrvatsku<\/em><\/p>\n\n\n\n<p>Maciej Czerwi\u0144ski: <em>Reprezentacija Dalmacije u knji\u017eevnosti Marina Bege<\/em><\/p>\n\n\n\n<p>Milka Car: <em>Prostori egzila. Prikaz hrvatskih prostora i intelektualne biografije u memoarskoj prozi Man\u00e8sa Sperbera \u201eSve pro\u0161lo\u201c (\u201eAll das Vergangene\u201c)<\/em><\/p>\n\n\n\n<p>Nives Boli\u0107: <em>Pjesni\u0161tvo i recepcija Slavka Mihali\u0107a u kontekstu svjetske knji\u017eevnosti<\/em><\/p>\n\n\n\n<p>Sre\u0107ko Liste\u0161: <em>Kronotop i kontekst romana \u201e\u017divi i mrtvi\u201c Josipa Mlaki\u0107a<\/em><\/p>\n\n\n\n<p>Zolt\u00e1n Medve: <em>\u201eTeku\u0107a ravnica\u201c postanka<\/em><\/p>\n\n\n\n<p><strong>II. dio<br>petak, 28. lipnja 2024. u 10 sati<br>Gradski muzej Kor\u010dula, Trg svetog Marka 2, Kor\u010dula<\/strong><\/p>\n\n\n\n<p>Stipe Grgas: <em>Geografije Marka Pola<\/em><\/p>\n\n\n\n<p>Mirko Sardeli\u0107: <em>Azija u europskom imaginariju i prvi putnici u Isto\u010dnu Aziju u 13. stolje\u0107u<\/em><\/p>\n\n\n\n<p>Vladimira Rezo:<em> Ljudi i zemlje u \u201eKnjizi \u010duda\u201c Marka Pola<\/em><\/p>\n\n\n\n<p>Suzana Marjani\u0107: <em>Marko (Marco) Polo \u2013 putopisna (mitska i biocentri\u010dka) zoologija i botanika<\/em><\/p>\n\n\n\n<p>Sani Sardeli\u0107: <em>Komparatistica knji\u017eevnosti u muzeju \u2013 kustosko \u010ditanje \u201eKnjige \u010duda svijeta\u201c Marka Pola<\/em><\/p>\n\n\n\n<p>Cvijeta Pavlovi\u0107: <em>Prijevodi i tuma\u010denja Marka Pola u hrvatskoj knji\u017eevnosti<\/em><\/p>\n\n\n\n<p>Boris Senker: <em>Drama \u201eMarko Milijun\u201c Eugenea O&#8217;Neilla<\/em><\/p>\n\n\n\n<p>Voditeljice: Cvijeta Pavlovi\u0107 i Sani Sardeli\u0107<\/p>\n\n\n\n<p>II. dio programa suradno su ostvarili Matica hrvatska, Grad Kor\u010dula, Gradski muzej Kor\u010dula \u2013 Marko Polo centar i Turisti\u010dka zajednica Grada Kor\u010dule<\/p>\n\n\n\n<hr class=\"wp-block-separator\"\/>\n\n\n\n<p>Izvor:<\/p>\n\n\n\n<p><a href=\"https:\/\/www.matica.hr\/zbivanja\/znanstveni-skup-marko-polo-i-prostori-knjizevnosti-komparativna-povijest-hrvatske-knjizevnosti-4313\/\">https:\/\/www.matica.hr\/zbivanja\/znanstveni-skup-marko-polo-i-prostori-knjizevnosti-komparativna-povijest-hrvatske-knjizevnosti-4313\/<\/a><\/p>\n\n\n\n<hr class=\"wp-block-separator\"\/>\n","protected":false},"excerpt":{"rendered":"","protected":false},"author":2,"featured_media":10302,"comment_status":"open","ping_status":"open","sticky":false,"template":"","format":"standard","meta":{"_acf_changed":false,"jetpack_post_was_ever_published":false,"_jetpack_newsletter_access":"","_jetpack_dont_email_post_to_subs":false,"_jetpack_newsletter_tier_id":0,"_jetpack_memberships_contains_paywalled_content":false,"_jetpack_memberships_contains_paid_content":false,"footnotes":"","jetpack_publicize_message":"","jetpack_publicize_feature_enabled":true,"jetpack_social_post_already_shared":true,"jetpack_social_options":{"image_generator_settings":{"template":"highway","default_image_id":0,"font":"","enabled":false},"version":2}},"categories":[3,12,9],"tags":[],"class_list":["post-40876","post","type-post","status-publish","format-standard","has-post-thumbnail","hentry","category-novosti","category-knjizevnost","category-skupovi"],"acf":{"facebook_opis":""},"jetpack_publicize_connections":[],"jetpack_featured_media_url":"https:\/\/i0.wp.com\/historiografija.hr\/wp-content\/uploads\/2018\/06\/Matica_hrvatska_logo.jpg?fit=1200%2C485&ssl=1","jetpack_sharing_enabled":true,"jetpack-related-posts":[],"_links":{"self":[{"href":"https:\/\/historiografija.hr\/index.php?rest_route=\/wp\/v2\/posts\/40876","targetHints":{"allow":["GET"]}}],"collection":[{"href":"https:\/\/historiografija.hr\/index.php?rest_route=\/wp\/v2\/posts"}],"about":[{"href":"https:\/\/historiografija.hr\/index.php?rest_route=\/wp\/v2\/types\/post"}],"author":[{"embeddable":true,"href":"https:\/\/historiografija.hr\/index.php?rest_route=\/wp\/v2\/users\/2"}],"replies":[{"embeddable":true,"href":"https:\/\/historiografija.hr\/index.php?rest_route=%2Fwp%2Fv2%2Fcomments&post=40876"}],"version-history":[{"count":1,"href":"https:\/\/historiografija.hr\/index.php?rest_route=\/wp\/v2\/posts\/40876\/revisions"}],"predecessor-version":[{"id":40877,"href":"https:\/\/historiografija.hr\/index.php?rest_route=\/wp\/v2\/posts\/40876\/revisions\/40877"}],"wp:featuredmedia":[{"embeddable":true,"href":"https:\/\/historiografija.hr\/index.php?rest_route=\/wp\/v2\/media\/10302"}],"wp:attachment":[{"href":"https:\/\/historiografija.hr\/index.php?rest_route=%2Fwp%2Fv2%2Fmedia&parent=40876"}],"wp:term":[{"taxonomy":"category","embeddable":true,"href":"https:\/\/historiografija.hr\/index.php?rest_route=%2Fwp%2Fv2%2Fcategories&post=40876"},{"taxonomy":"post_tag","embeddable":true,"href":"https:\/\/historiografija.hr\/index.php?rest_route=%2Fwp%2Fv2%2Ftags&post=40876"}],"curies":[{"name":"wp","href":"https:\/\/api.w.org\/{rel}","templated":true}]}}