{"id":40862,"date":"2024-05-16T18:47:17","date_gmt":"2024-05-16T18:47:17","guid":{"rendered":"http:\/\/historiografija.hr\/?p=40862"},"modified":"2024-05-16T18:47:54","modified_gmt":"2024-05-16T18:47:54","slug":"projekcija-filma-sume-sume-u-zagrebu","status":"publish","type":"post","link":"https:\/\/historiografija.hr\/?p=40862","title":{"rendered":"Projekcija filma \u201e\u0160ume \u0161ume\u201c u Zagrebu"},"content":{"rendered":"\n<p>Pozivamo vas na projekciju\u00a0<strong>filma Renate Poljak<\/strong>\u00a0o partizankama<strong>\u00a0pod naslovom<\/strong>\u00a0<strong>\u201e\u0160ume \u0161ume\u201c<\/strong>\u00a0 koji koproduciraju\u00a0<em>Documenta<\/em>\u00a0i Kinematograf.\u00a0Projekcija\u00a0\u0107e se odr\u017eati u\u00a0<strong>ponedjeljak 20.5.2024. u\u00a020:00<\/strong>\u00a0u\u00a0klubu\u00a0<strong>Mo\u010dvara<\/strong>, Trnjanski nasip bb. Projekcija je besplatna.<\/p>\n\n\n\n<p>Teme kolektivnih i osobnih memorija, njihovih reprezentacija i razli\u010ditih odnosa prema dru\u0161tvenim i privatnim naslje\u0111ima pro\u0161lih vremena (i prostora), me\u0111u najistaknutijim su stvarala\u010dkim interesima vizualne umjetnice i redateljice Renate Poljak. U novom filmu&nbsp;\u201e\u0160ume \u0161ume\u201c&nbsp;(2024), svom debitantskom dugometra\u017enom dokumentarnom radu, Poljak pose\u017ee za metodolo\u0161ki uzornim, ali istovremeno poetiziranim oralnohistorijskim postupkom u kojega uz intervjue s dvjema protagonisticama (osje\u010dkom \u0161pijunkom i najstarijom \u017eivu\u0107om partizankom) upli\u0107e i zvu\u010dni zapis glasa tre\u0107e oboga\u0107en filmskom arhivom te eksperimentalnu interpretaciju dnevni\u010dkih zapisa \u010detvrte \u2013 one koja je prije smrti od tifusa iskusila fatalnu ljubav.&nbsp;\u201e\u0160ume \u0161ume\u201c&nbsp;tako nisu tek vrijedno svjedo\u010danstvo o antifa\u0161isti\u010dkoj borbi \u017eena i njihovom polo\u017eaju u poslijeratnoj Jugoslaviji, ve\u0107 i traganje za skrivenim \u017eenskim principima, formama i zna\u010denjima, ali posredno i film o dana\u0161njoj, podosta strabisti\u010dkoj perspektivi na pro\u0161lost.<\/p>\n\n\n\n<p>O tim i drugim \u017eenama nevjerojatne snage, ljubavi i osje\u0107aja za pravdu na Filmskoj ve\u010deri u Mo\u010dvari 20. svibnja nakon projekcije filma&nbsp;\u201e\u0160ume \u0161ume\u201c&nbsp;razgovaramo s redateljicom Renatom Poljak, producenticama Vesnom Ter\u0161eli\u010d (<em>Documenta<\/em>&nbsp;\u2013 Centar za suo\u010davanje s pro\u0161lo\u0161\u0107u) i Dijanom Cetinom Mla\u0111enovi\u0107 (Kinematograf) te povjesni\u010darkom Nata\u0161om Matau\u0161i\u0107 \u2013 suradnicom filma i jednom od najboljih poznavateljica Antifa\u0161isti\u010dke fronte \u017eena u ratu i miru.<\/p>\n\n\n\n<p><strong>Go\u0161\u0107e:<\/strong><br><strong>Renata Poljak<\/strong>, redateljica<br><strong>Nata\u0161a Matau\u0161i\u0107<\/strong>, povjesni\u010darka<br><strong>Vesna Ter\u0161eli\u010d<\/strong>, producentica (Documenta) i mirovna aktivistica<br><strong>Dijana Cetina Mla\u0111enovi\u0107<\/strong>, producentica (Kinematograf)<\/p>\n\n\n\n<p>Moderira:&nbsp;<strong>Silvestar Mileta<\/strong><\/p>\n\n\n\n<p><strong>Raspored:<\/strong><br>19:30 vrata<br>20:00 projekcija<br>21:10 razgovor<\/p>\n\n\n\n<hr class=\"wp-block-separator\"\/>\n\n\n\n<p>Izvor:<\/p>\n\n\n\n<figure class=\"wp-block-embed-wordpress wp-block-embed is-type-wp-embed is-provider-documenta\"><div class=\"wp-block-embed__wrapper\">\n<blockquote class=\"wp-embedded-content\" data-secret=\"shkc8Twdp0\"><a href=\"https:\/\/documenta.hr\/novosti\/projekcija-filma-sume-sume\/\">Projekcija filma \u201e\u0160ume \u0161ume\u201c<\/a><\/blockquote><iframe loading=\"lazy\" class=\"wp-embedded-content\" sandbox=\"allow-scripts\" security=\"restricted\" style=\"position: absolute; clip: rect(1px, 1px, 1px, 1px);\" title=\"&#8220;Projekcija filma \u201e\u0160ume \u0161ume\u201c&#8221; &#8212; Documenta\" src=\"https:\/\/documenta.hr\/novosti\/projekcija-filma-sume-sume\/embed\/#?secret=shkc8Twdp0\" data-secret=\"shkc8Twdp0\" width=\"600\" height=\"338\" frameborder=\"0\" marginwidth=\"0\" marginheight=\"0\" scrolling=\"no\"><\/iframe>\n<\/div><\/figure>\n\n\n\n<hr class=\"wp-block-separator\"\/>\n","protected":false},"excerpt":{"rendered":"","protected":false},"author":2,"featured_media":40863,"comment_status":"open","ping_status":"open","sticky":false,"template":"","format":"standard","meta":{"_acf_changed":false,"jetpack_post_was_ever_published":false,"_jetpack_newsletter_access":"","_jetpack_dont_email_post_to_subs":false,"_jetpack_newsletter_tier_id":0,"_jetpack_memberships_contains_paywalled_content":false,"_jetpack_memberships_contains_paid_content":false,"footnotes":"","jetpack_publicize_message":"","jetpack_publicize_feature_enabled":true,"jetpack_social_post_already_shared":true,"jetpack_social_options":{"image_generator_settings":{"template":"highway","default_image_id":0,"font":"","enabled":false},"version":2}},"categories":[13,3],"tags":[],"class_list":["post-40862","post","type-post","status-publish","format-standard","has-post-thumbnail","hentry","category-filmovi-i-serije","category-novosti"],"acf":{"facebook_opis":""},"jetpack_publicize_connections":[],"jetpack_featured_media_url":"https:\/\/i0.wp.com\/historiografija.hr\/wp-content\/uploads\/2024\/05\/Filmske-veceri.png?fit=662%2C937&ssl=1","jetpack_sharing_enabled":true,"jetpack-related-posts":[],"_links":{"self":[{"href":"https:\/\/historiografija.hr\/index.php?rest_route=\/wp\/v2\/posts\/40862","targetHints":{"allow":["GET"]}}],"collection":[{"href":"https:\/\/historiografija.hr\/index.php?rest_route=\/wp\/v2\/posts"}],"about":[{"href":"https:\/\/historiografija.hr\/index.php?rest_route=\/wp\/v2\/types\/post"}],"author":[{"embeddable":true,"href":"https:\/\/historiografija.hr\/index.php?rest_route=\/wp\/v2\/users\/2"}],"replies":[{"embeddable":true,"href":"https:\/\/historiografija.hr\/index.php?rest_route=%2Fwp%2Fv2%2Fcomments&post=40862"}],"version-history":[{"count":2,"href":"https:\/\/historiografija.hr\/index.php?rest_route=\/wp\/v2\/posts\/40862\/revisions"}],"predecessor-version":[{"id":40865,"href":"https:\/\/historiografija.hr\/index.php?rest_route=\/wp\/v2\/posts\/40862\/revisions\/40865"}],"wp:featuredmedia":[{"embeddable":true,"href":"https:\/\/historiografija.hr\/index.php?rest_route=\/wp\/v2\/media\/40863"}],"wp:attachment":[{"href":"https:\/\/historiografija.hr\/index.php?rest_route=%2Fwp%2Fv2%2Fmedia&parent=40862"}],"wp:term":[{"taxonomy":"category","embeddable":true,"href":"https:\/\/historiografija.hr\/index.php?rest_route=%2Fwp%2Fv2%2Fcategories&post=40862"},{"taxonomy":"post_tag","embeddable":true,"href":"https:\/\/historiografija.hr\/index.php?rest_route=%2Fwp%2Fv2%2Ftags&post=40862"}],"curies":[{"name":"wp","href":"https:\/\/api.w.org\/{rel}","templated":true}]}}