{"id":40859,"date":"2024-05-16T18:43:17","date_gmt":"2024-05-16T18:43:17","guid":{"rendered":"http:\/\/historiografija.hr\/?p=40859"},"modified":"2024-05-16T18:43:17","modified_gmt":"2024-05-16T18:43:17","slug":"izabrani-novi-clanovi-hazu","status":"publish","type":"post","link":"https:\/\/historiografija.hr\/?p=40859","title":{"rendered":"Izabrani novi \u010dlanovi HAZU"},"content":{"rendered":"\n<p>Hrvatska akademija znanosti i umjetnosti odr\u017eala je u \u010detvrtak 16. svibnja 2024. izbornu skup\u0161tinu na kojoj je izabrano 17 novih redovitih \u010dlanova, 6 dopisnih \u010dlanova i 15 \u010dlanova suradnika HAZU.<\/p>\n\n\n\n<p>Natpolovi\u010dnom ve\u0107inom glasova ukupnog broja redovitih \u010dlanova Hrvatske akademije za redovite \u010dlanove, odnosno akademike izabrani su: u Razredu za dru\u0161tvene znanosti <strong>Robert Matija\u0161i\u0107<\/strong>, <strong>Jasna \u010capo, Nevenka \u010cavlek <\/strong>i<strong> Igor Mikecin<\/strong>, u Razredu za matemati\u010dke, fizi\u010dke i kemijske znanosti <strong>Nikola Basari\u0107<\/strong> i <strong>Hrvoje Buljan<\/strong>, u Razredu za prirodne znanosti <strong>Marijan Herak<\/strong>, u Razredu za knji\u017eevnost <strong>Helena Sabli\u0107 Tomi\u0107, Miro Gavran <\/strong>i <strong>Dra\u017een Katunari\u0107<\/strong>, u Razredu za likovne umjetnosti <strong>Gordana Baki\u0107, <\/strong>u Razredu za glazbenu umjetnost i muzikologiju<strong> Sre\u0107ko Bradi\u0107, Olja Jelaska i Kre\u0161imir Seletkovi\u0107<\/strong> te u Razredu za tehni\u010dke znanosti <strong>Stanislav Kurajica, Jurica Sori\u0107 <\/strong>i <strong>Zvonimir \u0160ipu\u0161<\/strong>.<\/p>\n\n\n\n<p>Za dopisne \u010dlanove Hrvatske akademije znanosti i umjetnosti izabrani su: <strong>Sun\u010dica \u010cani\u0107<\/strong> iz SAD-a u Razredu za matemati\u010dke, fizi\u010dke i kemijske znanosti, <strong>Csaba Gy\u0151rgy Kiss <\/strong>iz Ma\u0111arske u Razredu za knji\u017eevnost, <strong>Francisco Javier Juez G\u00e1lvez <\/strong>iz \u0160panjolske u Razredu za filolo\u0161ke znanosti, <strong>Danica Kragi\u0107 Jensfelt<\/strong> iz \u0160vedske u Razredu za tehni\u010dke znanosti, <strong>Dimitri Krainc<\/strong> iz SAD-a u Razredu za medicinske znanosti te <strong>Katarina Livljani\u0107<\/strong> iz \u0160vicarske u Razredu za glazbenu umjetnost i muzikologiju.<\/p>\n\n\n\n<p>Za \u010dlanove suradnike Hrvatske akademije znanosti i umjetnosti izabrani su: u Razredu za dru\u0161tvene znanosti <strong>Lovro Kun\u010devi\u0107, Vladimir Ar\u010dabi\u0107 <\/strong>i <strong>Igor Borzi\u0107<\/strong>, u Razredu za matemati\u010dke, fizi\u010dke i kemijske znanosti <strong>Igor Halasz<\/strong>, u Razredu za prirodne znanosti <strong>Melita Peharda Uljevi\u0107<\/strong>, <strong>Danijel Belu\u0161i\u0107 <\/strong>i<strong> Nikica \u0160prem<\/strong>, u Razredu za medicinske znanosti <strong>Alan Ivkovi\u0107<\/strong>, u Razredu za filolo\u0161ke znanosti <strong>Ivan Andrijani\u0107 i Kristina \u0160trkalj Despot<\/strong>, u Razredu za knji\u017eevnost <strong>Suzana Coha i Mario Kolar, <\/strong>u Razredu za likovne umjetnosti <strong>Davor Bruketa <\/strong>i<strong> Ivana Franke<\/strong>, te u Razredu za glazbenu umjetnost i muzikologiju <strong>Ivan Josip Skender<\/strong>.<\/p>\n\n\n\n<p>\u201ePrizivaju\u0107i 1861. godinu i na\u0161eg utemeljitelja Josipa Jurja Strossmayera, osna\u017eeni izborom novih \u010dlanova nastavljamo dalje suo\u010davati se sa svim izazovima na cijelom hrvatskom etni\u010dkom prostoru\u201c, kazao je predsjednik HAZU <strong>akademik Velimir Neidhardt<\/strong> nakon \u0161to je po zavr\u0161etku izbora proglasio novoizabrane \u010dlanove Hrvatske akademije.<\/p>\n\n\n\n<p>Prema Zakonu o Hrvatskoj akademiji znanosti i umjetnosti Akademija mo\u017ee imati maksimalno 160 redovitih \u010dlanova, a nakon ovogodi\u0161njih izbora HAZU ima ukupno <strong>136 redovitih \u010dlanova<\/strong>, kao i <strong>110 dopisnih \u010dlanova<\/strong> i <strong>81 \u010dlana suradnika<\/strong>, odnosno ukupno <strong>327 \u010dlanova, od toga 57 \u017eena. <\/strong>Me\u0111u 136 redovitih \u010dlanova je <strong>19 \u017eena<\/strong>, \u0161to je <strong>dosad najve\u0107i broj akademkinja<\/strong>. Nakon posljednjih izbora odr\u017eanih 2022. bilo ih je 17.<\/p>\n\n\n\n<p>Nakon ovih izbora Hrvatska akademija dobila je svog najmla\u0111eg redovitog \u010dlana, a to je akademik Nikola Basari\u0107, ro\u0111en 1975. Dosad je, od 2018., najmla\u0111i redoviti \u010dlan bio akademik Goran Mui\u0107, ro\u0111en 1969.<\/p>\n\n\n\n<p>Sve\u010dano progla\u0161enje novih \u010dlanova Hrvatske akademije odr\u017eat \u0107e se u \u010detvrtak 20. lipnja u Knji\u017enici HAZU.<\/p>\n\n\n\n<hr class=\"wp-block-separator\"\/>\n\n\n\n<p>Izvor:<\/p>\n\n\n\n<figure class=\"wp-block-embed-wordpress wp-block-embed is-type-wp-embed is-provider-hazu\"><div class=\"wp-block-embed__wrapper\">\n<blockquote class=\"wp-embedded-content\" data-secret=\"iDUQK0j9DG\"><a href=\"https:\/\/www.info.hazu.hr\/2024\/05\/izabrani-novi-clanovi-hazu-hrvatska-dobila-17-novih-akademika\/\">Izabrani novi \u010dlanovi HAZU: Hrvatska dobila 17 novih akademika<\/a><\/blockquote><iframe loading=\"lazy\" class=\"wp-embedded-content\" sandbox=\"allow-scripts\" security=\"restricted\" style=\"position: absolute; clip: rect(1px, 1px, 1px, 1px);\" title=\"&#8220;Izabrani novi \u010dlanovi HAZU: Hrvatska dobila 17 novih akademika&#8221; &#8212; HAZU\" src=\"https:\/\/www.info.hazu.hr\/2024\/05\/izabrani-novi-clanovi-hazu-hrvatska-dobila-17-novih-akademika\/embed\/#?secret=iDUQK0j9DG\" data-secret=\"iDUQK0j9DG\" width=\"600\" height=\"338\" frameborder=\"0\" marginwidth=\"0\" marginheight=\"0\" scrolling=\"no\"><\/iframe>\n<\/div><\/figure>\n\n\n\n<hr class=\"wp-block-separator\"\/>\n","protected":false},"excerpt":{"rendered":"","protected":false},"author":2,"featured_media":40860,"comment_status":"open","ping_status":"open","sticky":false,"template":"","format":"standard","meta":{"_acf_changed":false,"jetpack_post_was_ever_published":false,"_jetpack_newsletter_access":"","_jetpack_dont_email_post_to_subs":false,"_jetpack_newsletter_tier_id":0,"_jetpack_memberships_contains_paywalled_content":false,"_jetpack_memberships_contains_paid_content":false,"footnotes":"","jetpack_publicize_message":"","jetpack_publicize_feature_enabled":true,"jetpack_social_post_already_shared":true,"jetpack_social_options":{"image_generator_settings":{"template":"highway","default_image_id":0,"font":"","enabled":false},"version":2}},"categories":[3],"tags":[],"class_list":["post-40859","post","type-post","status-publish","format-standard","has-post-thumbnail","hentry","category-novosti"],"acf":{"facebook_opis":""},"jetpack_publicize_connections":[],"jetpack_featured_media_url":"https:\/\/i0.wp.com\/historiografija.hr\/wp-content\/uploads\/2024\/05\/HAZU-2024.jpg?fit=1536%2C1024&ssl=1","jetpack_sharing_enabled":true,"jetpack-related-posts":[],"_links":{"self":[{"href":"https:\/\/historiografija.hr\/index.php?rest_route=\/wp\/v2\/posts\/40859","targetHints":{"allow":["GET"]}}],"collection":[{"href":"https:\/\/historiografija.hr\/index.php?rest_route=\/wp\/v2\/posts"}],"about":[{"href":"https:\/\/historiografija.hr\/index.php?rest_route=\/wp\/v2\/types\/post"}],"author":[{"embeddable":true,"href":"https:\/\/historiografija.hr\/index.php?rest_route=\/wp\/v2\/users\/2"}],"replies":[{"embeddable":true,"href":"https:\/\/historiografija.hr\/index.php?rest_route=%2Fwp%2Fv2%2Fcomments&post=40859"}],"version-history":[{"count":1,"href":"https:\/\/historiografija.hr\/index.php?rest_route=\/wp\/v2\/posts\/40859\/revisions"}],"predecessor-version":[{"id":40861,"href":"https:\/\/historiografija.hr\/index.php?rest_route=\/wp\/v2\/posts\/40859\/revisions\/40861"}],"wp:featuredmedia":[{"embeddable":true,"href":"https:\/\/historiografija.hr\/index.php?rest_route=\/wp\/v2\/media\/40860"}],"wp:attachment":[{"href":"https:\/\/historiografija.hr\/index.php?rest_route=%2Fwp%2Fv2%2Fmedia&parent=40859"}],"wp:term":[{"taxonomy":"category","embeddable":true,"href":"https:\/\/historiografija.hr\/index.php?rest_route=%2Fwp%2Fv2%2Fcategories&post=40859"},{"taxonomy":"post_tag","embeddable":true,"href":"https:\/\/historiografija.hr\/index.php?rest_route=%2Fwp%2Fv2%2Ftags&post=40859"}],"curies":[{"name":"wp","href":"https:\/\/api.w.org\/{rel}","templated":true}]}}