{"id":40825,"date":"2024-05-14T22:49:34","date_gmt":"2024-05-14T22:49:34","guid":{"rendered":"http:\/\/historiografija.hr\/?p=40825"},"modified":"2024-05-14T22:49:34","modified_gmt":"2024-05-14T22:49:34","slug":"izlozba-od-danice-do-jasenovca-u-koprivnici","status":"publish","type":"post","link":"https:\/\/historiografija.hr\/?p=40825","title":{"rendered":"Izlo\u017eba &#8220;Od Danice do Jasenovca\u201c u Koprivnici"},"content":{"rendered":"\n<p>Ova iznimno zna\u010dajna muzejska izlo\u017eba veliki je doprinos praksi i njegovanju kulture sje\u0107anja na najcrnju to\u010dku kako u vi\u0161estoljetnoj tako i u povijesti na\u0161ega grada u vrijeme kolaboracionisti\u010dke i fa\u0161isti\u010dke Nezavisne dr\u017eave Hrvatske. Izlo\u017eba je realizirana i plod je dvadeset godi\u0161nje suradnje <strong>Odjela povijesti Muzeja grada Koprivnice<\/strong> sa sredi\u0161njom hrvatskom muzejskom ustanovom za pitanja holokausta i genocida 1941. &#8211; 1945. godine <strong>Javnom ustanovom Spomen podru\u010dje Jasenovac<\/strong>.<\/p>\n\n\n\n<p><br><br>Njezina velika va\u017enost o\u010dituje se u \u010dinjenici da nakon punih 83 godine donosi detaljan spisak s imenima i prezimenima, dokumentima, svjedo\u010danstvima i fotografijama 899 logora\u0161a Danice koji su pro\u0161li kroz sustav koncentracijskog logora Jasenovac 1941.-1942. godine odnosno njih 751 koji su u tom sustavu izgubili \u017eivot. Preostali dio logora\u0161a ubijen je u drugim logorima u NDH npr. sustav logora Gospi\u0107 te Slana i&nbsp; Matajna na Pagu odnosno u Auschwitzu i Auschwitz &#8211; Birkenau u nacisti\u010dkoj Njema\u010dkoj odnosno Poljskoj.<\/p>\n\n\n\n<p><br>.<br>Prvi koncentracijski logor Danica na podru\u010dju NDH bio je logor Danica u Koprivnici. Nalazio se na mjestu istoimene biv\u0161e tvornice kemijskih proizvoda. Osnovan je 15. travnja 1941., a zatvoren 1. rujna 1942. godine. Kroz logor je pro\u0161lo ukupno 4349 logora\u0161a Srba, \u017didova, Hrvata, Roma i ostalih \u010dija imena su utvr\u0111ena u \u010detrdeset godi\u0161njem istra\u017eivanju dr. Zdravka Dizdara i objavljena u vrlo obimnoj troknji\u017enoj ediciji \u201eLogor Danica I,II,III\u201c u nakladi Muzeja grada Koprivnice.<\/p>\n\n\n\n<p><br>Tematika izlo\u017ebe nadovezuje se u svom temeljnom poslanju i svojim edukativnim i istra\u017eiva\u010dkim budu\u0107im potencijalima na ovogodi\u0161nju glavnu temu Me\u0111unarodnog dana muzeja.<\/p>\n\n\n\n<p>Autor-i\/voditelj-i:\u00a0 Martina Bare\u0161i\u0107, \u0110or\u0111e Mihovilovi\u0107\/ kustos: Dra\u017een Erne\u010di\u0107.<\/p>\n\n\n\n<hr class=\"wp-block-separator\"\/>\n\n\n\n<p>Izvor:<\/p>\n\n\n\n<p><a href=\"https:\/\/mdc.hr\/\">https:\/\/mdc.hr\/<\/a><\/p>\n\n\n\n<hr class=\"wp-block-separator\"\/>\n","protected":false},"excerpt":{"rendered":"","protected":false},"author":2,"featured_media":40826,"comment_status":"open","ping_status":"open","sticky":false,"template":"","format":"standard","meta":{"_acf_changed":false,"jetpack_post_was_ever_published":false,"_jetpack_newsletter_access":"","_jetpack_dont_email_post_to_subs":false,"_jetpack_newsletter_tier_id":0,"_jetpack_memberships_contains_paywalled_content":false,"_jetpack_memberships_contains_paid_content":false,"footnotes":"","jetpack_publicize_message":"","jetpack_publicize_feature_enabled":true,"jetpack_social_post_already_shared":true,"jetpack_social_options":{"image_generator_settings":{"template":"highway","default_image_id":0,"font":"","enabled":false},"version":2}},"categories":[10,3],"tags":[],"class_list":["post-40825","post","type-post","status-publish","format-standard","has-post-thumbnail","hentry","category-izlozbe","category-novosti"],"acf":{"facebook_opis":""},"jetpack_publicize_connections":[],"jetpack_featured_media_url":"https:\/\/i0.wp.com\/historiografija.hr\/wp-content\/uploads\/2024\/05\/Danica.jpg?fit=1831%2C1373&ssl=1","jetpack_sharing_enabled":true,"jetpack-related-posts":[],"_links":{"self":[{"href":"https:\/\/historiografija.hr\/index.php?rest_route=\/wp\/v2\/posts\/40825","targetHints":{"allow":["GET"]}}],"collection":[{"href":"https:\/\/historiografija.hr\/index.php?rest_route=\/wp\/v2\/posts"}],"about":[{"href":"https:\/\/historiografija.hr\/index.php?rest_route=\/wp\/v2\/types\/post"}],"author":[{"embeddable":true,"href":"https:\/\/historiografija.hr\/index.php?rest_route=\/wp\/v2\/users\/2"}],"replies":[{"embeddable":true,"href":"https:\/\/historiografija.hr\/index.php?rest_route=%2Fwp%2Fv2%2Fcomments&post=40825"}],"version-history":[{"count":1,"href":"https:\/\/historiografija.hr\/index.php?rest_route=\/wp\/v2\/posts\/40825\/revisions"}],"predecessor-version":[{"id":40827,"href":"https:\/\/historiografija.hr\/index.php?rest_route=\/wp\/v2\/posts\/40825\/revisions\/40827"}],"wp:featuredmedia":[{"embeddable":true,"href":"https:\/\/historiografija.hr\/index.php?rest_route=\/wp\/v2\/media\/40826"}],"wp:attachment":[{"href":"https:\/\/historiografija.hr\/index.php?rest_route=%2Fwp%2Fv2%2Fmedia&parent=40825"}],"wp:term":[{"taxonomy":"category","embeddable":true,"href":"https:\/\/historiografija.hr\/index.php?rest_route=%2Fwp%2Fv2%2Fcategories&post=40825"},{"taxonomy":"post_tag","embeddable":true,"href":"https:\/\/historiografija.hr\/index.php?rest_route=%2Fwp%2Fv2%2Ftags&post=40825"}],"curies":[{"name":"wp","href":"https:\/\/api.w.org\/{rel}","templated":true}]}}