{"id":40822,"date":"2024-05-14T22:40:23","date_gmt":"2024-05-14T22:40:23","guid":{"rendered":"http:\/\/historiografija.hr\/?p=40822"},"modified":"2024-05-14T22:40:23","modified_gmt":"2024-05-14T22:40:23","slug":"promocija-novog-izdanja-casopisa-podpljesivicki-granicari-7-2023","status":"publish","type":"post","link":"https:\/\/historiografija.hr\/?p=40822","title":{"rendered":"Promocija novog izdanja \u010dasopisa &#8211; Podplje\u0161ivi\u010dki grani\u010dari 7 &#8211; 2023."},"content":{"rendered":"\n<p><strong>Saborsko, 15. svibnja 2024. u 16:00 u Vatrogasnom domu<\/strong><\/p>\n\n\n\n<p>Promotori:&nbsp; \u017delimir Pr\u0161a &#8211; Udruga Podplje\u0161ivi\u010dki grani\u010dari<\/p>\n\n\n\n<p>&nbsp;&nbsp;&nbsp;&nbsp;&nbsp;&nbsp;&nbsp;&nbsp;&nbsp;&nbsp;&nbsp;&nbsp;&nbsp;&nbsp;&nbsp;&nbsp;&nbsp;&nbsp;&nbsp; Ivan Vukovi\u0107 &#8211; Udruga Podplje\u0161ivi\u010dki grani\u010dari<\/p>\n\n\n\n<p>\u00a0\u00a0\u00a0\u00a0\u00a0\u00a0\u00a0\u00a0\u00a0\u00a0\u00a0\u00a0\u00a0\u00a0\u00a0\u00a0\u00a0\u00a0\u00a0 Danica Conjar Cetinjanin &#8211; Turisti\u010dka zajednica podru\u010dja Plitvi\u010dke doline\u00a0<\/p>\n\n\n\n<hr class=\"wp-block-separator\"\/>\n\n\n\n<p><strong>Ogulin, 15. svibnja 2024. u 19:00 u Gradskoj knji\u017enici i \u010ditaonici u Ogulinu<\/strong><\/p>\n\n\n\n<p>Promotori:&nbsp; dr.sc. \u017deljko Holjevac &#8211; Institut dru\u0161tvenih znanosti Ivo Pilar Zagreb<\/p>\n\n\n\n<p>&nbsp;&nbsp;&nbsp;&nbsp;&nbsp;&nbsp;&nbsp;&nbsp;&nbsp;&nbsp;&nbsp;&nbsp;&nbsp;&nbsp;&nbsp;&nbsp;&nbsp;&nbsp;&nbsp; \u017delimir Pr\u0161a &#8211; Udruga Podplje\u0161ivi\u010dki grani\u010dari<\/p>\n\n\n\n<p>&nbsp;&nbsp;&nbsp;&nbsp;&nbsp;&nbsp;&nbsp;&nbsp;&nbsp;&nbsp;&nbsp;&nbsp;&nbsp;&nbsp;&nbsp;&nbsp;&nbsp;&nbsp;&nbsp; Ivan Vukovi\u0107 &#8211; Udruga Podplje\u0161ivi\u010dki grani\u010dari<\/p>\n\n\n\n<p>&nbsp;&nbsp;&nbsp;&nbsp;&nbsp;&nbsp;&nbsp;&nbsp;&nbsp;&nbsp;&nbsp;&nbsp;&nbsp;&nbsp;&nbsp;&nbsp;&nbsp;&nbsp;&nbsp; Danica Conjar Cetinjanin &#8211; Turisti\u010dka zajednica podru\u010dja Plitvi\u010dke doline<\/p>\n\n\n\n<p>Moderator: Zvonko Trdi\u0107 &#8211; Katedra \u010dakavskog sabora Modru\u0161e<\/p>\n\n\n\n<hr class=\"wp-block-separator\"\/>\n\n\n\n<p>Iz predgovora:<\/p>\n\n\n\n<p>Pred vama se nalazi novo izdanje znanstvenog \u010dasopisa Podplje\u0161ivi\u010dki grani\u010dari. Ovo izdanje nosi naslov Podplje\u0161ivi\u010dki grani\u010dari 7 \u2013 2023. Ovaj broj predstavlja kontinuitet od sedam godina izla\u017eenja, odnosno peto sve\u0161\u010dano izdanje na\u0161eg \u010dasopisa.<\/p>\n\n\n\n<p>\u010casopis je podijeljen u tri tematske cjeline. Prva tematska cjelina nazvana je <em>(Ne)poznato o poznatome<\/em> te sadr\u017ei tri rada. Prvi je rad Ivan Vukovi\u0107a koji nosi naslov <em>Saborsko u Domovinskom ratu<\/em>. Ovaj rad nastao je kao skra\u0107eni diplomski rad obranjen na Filozofskom fakultetu Sveu\u010dili\u0161ta u Zagrebu 2015. godine, koji je obra\u0111ivao temu op\u0107ina Ogulin u Domovinskom ratu. Ovaj rad je po mnogo\u010demu zna\u010dajan. Osim \u0161to je prvi znanstveni rad mladog povjesni\u010dara Vukovi\u0107a, prvi je znanstveni rad koji se tematski bavi isklju\u010divo op\u0107inom Saborsko u posljednjem ratu. Prema svom cjelokupnom sadr\u017eaju ovaj izvorni znanstveni rad iznimno je vrijedan i detaljan te pridonosi poznavanju zbivanja iz Domovinskog rata. Posve\u0107en je iznimno va\u017enim doga\u0111anjima, na strate\u0161ki va\u017enom podru\u010dju Hrvatske, koji su, na\u017ealost, danas potisnuti u zaborav. Zatim slijedi rad Danice Conjar Cetinjanin koji je tako\u0111er tematski vezan za Saborsko te nosi naslov <em>Analiza promjena ba\u0161tinskih praksi na podru\u010dju Saborskog<\/em>. Ovaj rad tako\u0111er je nastao kao skra\u0107eni oblik istoimenog diplomskog rada obranjenog 2022. na Odjelu za turizam i komunikacijske znanosti Sveu\u010dili\u0161ta u Zadru. Rad uvelike odgovara samom naslovu ovog poglavlja jer tematski pokriva pomalo ve\u0107 zaboravljene i i\u0161\u010dezle obi\u010daje na podru\u010dju Saborskog. Ovaj je rad prvi rad objavljen u ovom \u010dasopisu koji nije u su\u0161tini vezan uz isklju\u010divo povijesne teme, ve\u0107 donosi vrijedne, a i pomalo nepoznate i zaboravljene primjere tradicijske kulture Saborskog. Ovaj rad je i poticaj za ovakva i sli\u010dna istra\u017eivanja na zavi\u010dajnom prostoru koji tematski pokriva \u010dasopis Podplje\u0161ivi\u010dki grani\u010dari. Naposljetku slijedi rad \u017delimira Pr\u0161e naslova <em>Tragom jedne sudbine \u2013 Petar Ga\u0161parovi\u0107 (1909.-1985.)<\/em> koji je svojevrsni nastavak autorova rada iz prethodnog broja o prostoru op\u0107ina Rakovica i Dre\u017enik Grad u Drugom svjetskom ratu. Rad stavlja naglasak na to kako su se promjene dr\u017eavnih sustava i dru\u0161tveno-politi\u010dkih okolnosti manifestirale kroz \u017eivot pojedinca, te \u017eeli istaknuti kako i sudbine \u201emalih ljudi\u201c u turbulentnim vremenima mogu biti historiografski zna\u010dajne i zanimljive.<\/p>\n\n\n\n<p>Druga tematska cjelina nosi naslov <em>Prikazi<\/em> te sadr\u017ei dva prikaza nedavno objavljenih knjiga. Ovo je prvi put da se u na\u0161em \u010dasopisu objavljuju prikazi knjiga. Autor prvog prikaza je prof. dr. sc. \u017deljko Holjevac, koji pi\u0161e o knjizi Josipa Fajdi\u0107a, <em>Portreti zaslu\u017enih Li\u010dana u znanosti i kulturi i njihova djela<\/em>, koja je objavljena 2023. godine. Prikaz knjige <em>Marijan O\u017eura \u2013 \u017eivjeti s Crkvom<\/em> autora Ivana Mate\u0161e, koja je objavljena 2022. godine, napisao je Marko Koli\u0107.<\/p>\n\n\n\n<p>Tre\u0107a i posljednja cjelina nosi naslov <em>In memoriam <\/em>te je (na\u017ealost) posve\u0107ena suradniku ovog \u010dasopisa dr. sc. Ivanu Dujmovi\u0107u, koji je preminuo 17. o\u017eujka 2023. godine.<\/p>\n\n\n\n<p>A za kraj jo\u0161 nekoliko rije\u010di zahvale. Hvala svim autorima \u010dlanaka, recenzentima radova, \u010dlanovima uredni\u0161tva, lektorici, \u010dlanovima upravnog odbora udruge te svima drugima koji su na bilo koji na\u010din, pa makar i samo savjetom, doprinijeli izdavanju ovog novog broja na\u0161eg \u010dasopisa. Velika hvala i na\u0161im donatorima Op\u0107ini Rakovica i Op\u0107ini Saborsko \u0161to su prepoznali kvalitetu na\u0161eg rada te nam financijski pomogli u izdavanju ovog godi\u0161ta na\u0161eg \u010dasopisa.<\/p>\n\n\n\n<p>Radost samog vodstva Udruge kao i uredni\u0161tva \u010dasopisa jest u objavljivanju svakog novog broja \u010dasopisa, ali pred nama su uvijek novi i brojni izazovi. Podplje\u0161ivi\u010dki grani\u010dari polagano, ali uspje\u0161no kora\u010daju kroz bespu\u0107a hrvatske historiografske zbilje. Veseli nas prepoznatljivost na\u0161eg rada me\u0111u \u010ditateljima, etabliranje novih i mladih autora od kojih su neki u ovom \u010dasopisu objavili svoj prvi znanstveni rad te spoj mladosti i iskustva koji donosi ovaj \u010dasopis. Tako\u0111er uvi\u0111amo da su radovi objavljeni u na\u0161im prethodnim \u010dasopisima citirani u nekoliko doktorskih disertacija, diplomskih radova, znanstvenih \u010dlanaka i knjiga, \u0161to nas iznimno veseli jer to je i osnovni cilj ovog \u010dasopisa, vidljivost i uva\u017eavanje u znanstvenim krugovima. Pred \u010dasopisom regionalne tematike uvijek su brojne barijere i ograni\u010denja, od samog su\u017eenog opsega autora koji se bave ovim specifi\u010dnim zavi\u010dajnim temama pa do zatvaranja financijske konstrukcije. Trudimo se svakim novim brojem pobolj\u0161ati kvalitetu \u010dasopisa te se nadamo da u tome i uspijevamo.<\/p>\n\n\n\n<hr class=\"wp-block-separator\"\/>\n","protected":false},"excerpt":{"rendered":"","protected":false},"author":2,"featured_media":40823,"comment_status":"open","ping_status":"open","sticky":false,"template":"","format":"standard","meta":{"_acf_changed":false,"jetpack_post_was_ever_published":false,"_jetpack_newsletter_access":"","_jetpack_dont_email_post_to_subs":false,"_jetpack_newsletter_tier_id":0,"_jetpack_memberships_contains_paywalled_content":false,"_jetpack_memberships_contains_paid_content":false,"footnotes":"","jetpack_publicize_message":"","jetpack_publicize_feature_enabled":true,"jetpack_social_post_already_shared":true,"jetpack_social_options":{"image_generator_settings":{"template":"highway","default_image_id":0,"font":"","enabled":false},"version":2}},"categories":[21,3],"tags":[],"class_list":["post-40822","post","type-post","status-publish","format-standard","has-post-thumbnail","hentry","category-casopisi","category-novosti"],"acf":{"facebook_opis":""},"jetpack_publicize_connections":[],"jetpack_featured_media_url":"https:\/\/i0.wp.com\/historiografija.hr\/wp-content\/uploads\/2024\/05\/naslovnica-scaled.jpg?fit=1788%2C2560&ssl=1","jetpack_sharing_enabled":true,"jetpack-related-posts":[],"_links":{"self":[{"href":"https:\/\/historiografija.hr\/index.php?rest_route=\/wp\/v2\/posts\/40822","targetHints":{"allow":["GET"]}}],"collection":[{"href":"https:\/\/historiografija.hr\/index.php?rest_route=\/wp\/v2\/posts"}],"about":[{"href":"https:\/\/historiografija.hr\/index.php?rest_route=\/wp\/v2\/types\/post"}],"author":[{"embeddable":true,"href":"https:\/\/historiografija.hr\/index.php?rest_route=\/wp\/v2\/users\/2"}],"replies":[{"embeddable":true,"href":"https:\/\/historiografija.hr\/index.php?rest_route=%2Fwp%2Fv2%2Fcomments&post=40822"}],"version-history":[{"count":1,"href":"https:\/\/historiografija.hr\/index.php?rest_route=\/wp\/v2\/posts\/40822\/revisions"}],"predecessor-version":[{"id":40824,"href":"https:\/\/historiografija.hr\/index.php?rest_route=\/wp\/v2\/posts\/40822\/revisions\/40824"}],"wp:featuredmedia":[{"embeddable":true,"href":"https:\/\/historiografija.hr\/index.php?rest_route=\/wp\/v2\/media\/40823"}],"wp:attachment":[{"href":"https:\/\/historiografija.hr\/index.php?rest_route=%2Fwp%2Fv2%2Fmedia&parent=40822"}],"wp:term":[{"taxonomy":"category","embeddable":true,"href":"https:\/\/historiografija.hr\/index.php?rest_route=%2Fwp%2Fv2%2Fcategories&post=40822"},{"taxonomy":"post_tag","embeddable":true,"href":"https:\/\/historiografija.hr\/index.php?rest_route=%2Fwp%2Fv2%2Ftags&post=40822"}],"curies":[{"name":"wp","href":"https:\/\/api.w.org\/{rel}","templated":true}]}}