{"id":40811,"date":"2024-05-13T21:17:03","date_gmt":"2024-05-13T21:17:03","guid":{"rendered":"http:\/\/historiografija.hr\/?p=40811"},"modified":"2024-05-13T21:17:03","modified_gmt":"2024-05-13T21:17:03","slug":"kliofest-2024-izmedu-slave-i-zaborava-lea-deutsch-cudo-od-djeteta-i-zrtva-holokausta","status":"publish","type":"post","link":"https:\/\/historiografija.hr\/?p=40811","title":{"rendered":"Kliofest 2024: &#8220;Izme\u0111u slave i zaborava: Lea Deutsch \u2013 \u010dudo od djeteta i \u017ertva Holokausta&#8221;"},"content":{"rendered":"\n<p>U ponedjeljak, 13. svibnja 2024. u Hrvatskom narodnom kazali\u0161tu u Zagrebu otvorena je izlo\u017eba &#8220;Izme\u0111u slave i zaborava: Lea Deutsch \u2013 \u010dudo od djeteta i \u017ertva Holokausta&#8221;. U otvaranju su sudjelovali Iva Hraste So\u010do, Boris Senker, Damir Agi\u010di\u0107 i Martina Bitunjac. Izlo\u017eba se mo\u017ee pogledati do \u010detvrtka, 16. svibnja 2024. u foyeru na prvom katu Hrvatskog narodnog kazali\u0161ta u Zagrebu.<\/p>\n\n\n\n<p>Izlo\u017eba se temelji na monografiji Martine Bitunjac <em>LEA DEUTSCH: DIJETE GLUME, GLAZBE I PLESA<\/em> o istaknutoj kazali\u0161noj karijeri i tragi\u010dnoj sudbini najpoznatije hrvatske dje\u010dje glumice Lee Deutsch (1927-1943) koja je do svoje 14. godine nastupala u dramama, komedijama, operama i operetama. Godine 1941. godine kao \u017didovka bila je isklju\u010dena iz \u0161kole i kazali\u0161ta, a u prolje\u0107e 1943. ubijena tijekom transporta u logor istrebljenja Auschwitz.<\/p>\n\n\n\n<hr class=\"wp-block-separator\"\/>\n\n\n\n<p>Izvori i dodatne obavijesti:<\/p>\n\n\n\n<figure class=\"wp-block-embed-wordpress wp-block-embed is-type-wp-embed is-provider-srednja-europa\"><div class=\"wp-block-embed__wrapper\">\n<blockquote class=\"wp-embedded-content\" data-secret=\"P4gywj3Ola\"><a href=\"https:\/\/srednja-europa.hr\/dogadaji\/hnk-u-zagrebu-13-16-5-2024-izlozba-izmedu-slave-i-zaborava-lea-deutsch-cudo-od-djeteta-i-zrtva-holokausta\/\">HNK u Zagrebu 13. &#8211; 16. 5. 2024. \/ Izlo\u017eba Izme\u0111u slave i zaborava Lea Deutsch &#8211; \u010dudo od djeteta i \u017ertva Holokausta<\/a><\/blockquote><iframe loading=\"lazy\" class=\"wp-embedded-content\" sandbox=\"allow-scripts\" security=\"restricted\" style=\"position: absolute; clip: rect(1px, 1px, 1px, 1px);\" title=\"&#8220;HNK u Zagrebu 13. &#8211; 16. 5. 2024. \/ Izlo\u017eba Izme\u0111u slave i zaborava Lea Deutsch &#8211; \u010dudo od djeteta i \u017ertva Holokausta&#8221; &#8212; Srednja Europa\" src=\"https:\/\/srednja-europa.hr\/dogadaji\/hnk-u-zagrebu-13-16-5-2024-izlozba-izmedu-slave-i-zaborava-lea-deutsch-cudo-od-djeteta-i-zrtva-holokausta\/embed\/#?secret=P4gywj3Ola\" data-secret=\"P4gywj3Ola\" width=\"600\" height=\"338\" frameborder=\"0\" marginwidth=\"0\" marginheight=\"0\" scrolling=\"no\"><\/iframe>\n<\/div><\/figure>\n\n\n\n<p><a href=\"https:\/\/www.facebook.com\/kliofest\/\">https:\/\/www.facebook.com\/kliofest\/<\/a><\/p>\n\n\n\n<p><a href=\"https:\/\/www.culturenet.hr\/hr\/izlozba-izmedju-slave-i-zaborava-lea-deutsch\/207943\">https:\/\/www.culturenet.hr\/hr\/izlozba-izmedju-slave-i-zaborava-lea-deutsch\/207943<\/a><\/p>\n\n\n\n<p><a href=\"https:\/\/www.hina.hr\/vijest\/11618479\">https:\/\/www.hina.hr\/vijest\/11618479<\/a><\/p>\n\n\n\n<p><a href=\"https:\/\/www.tportal.hr\/kultura\/clanak\/otvorena-izlozba-o-lei-deutsch-darovitoj-djevojci-koju-su-ubili-na-putu-za-auschwitz-foto-20240513\">https:\/\/www.tportal.hr\/kultura\/clanak\/otvorena-izlozba-o-lei-deutsch-darovitoj-djevojci-koju-su-ubili-na-putu-za-auschwitz-foto-20240513<\/a><\/p>\n\n\n\n<p><a href=\"http:\/\/www.glas-slavonije.hr\/549790\/9\/Izlozba-o-najpoznatijoj-hrvatskoj-djecjoj-glumici-Lei-Deutsch\">http:\/\/www.glas-slavonije.hr\/549790\/9\/Izlozba-o-najpoznatijoj-hrvatskoj-djecjoj-glumici-Lei-Deutsch<\/a><\/p>\n\n\n\n<hr class=\"wp-block-separator\"\/>\n","protected":false},"excerpt":{"rendered":"","protected":false},"author":2,"featured_media":40812,"comment_status":"open","ping_status":"open","sticky":false,"template":"","format":"standard","meta":{"_acf_changed":false,"jetpack_post_was_ever_published":false,"_jetpack_newsletter_access":"","_jetpack_dont_email_post_to_subs":false,"_jetpack_newsletter_tier_id":0,"_jetpack_memberships_contains_paywalled_content":false,"_jetpack_memberships_contains_paid_content":false,"footnotes":"","jetpack_publicize_message":"","jetpack_publicize_feature_enabled":true,"jetpack_social_post_already_shared":true,"jetpack_social_options":{"image_generator_settings":{"template":"highway","default_image_id":0,"font":"","enabled":false},"version":2}},"categories":[10,3],"tags":[],"class_list":["post-40811","post","type-post","status-publish","format-standard","has-post-thumbnail","hentry","category-izlozbe","category-novosti"],"acf":{"facebook_opis":""},"jetpack_publicize_connections":[],"jetpack_featured_media_url":"https:\/\/i0.wp.com\/historiografija.hr\/wp-content\/uploads\/2024\/05\/Izlo%C5%BEba_HNK.jpg?fit=1448%2C2048&ssl=1","jetpack_sharing_enabled":true,"jetpack-related-posts":[],"_links":{"self":[{"href":"https:\/\/historiografija.hr\/index.php?rest_route=\/wp\/v2\/posts\/40811","targetHints":{"allow":["GET"]}}],"collection":[{"href":"https:\/\/historiografija.hr\/index.php?rest_route=\/wp\/v2\/posts"}],"about":[{"href":"https:\/\/historiografija.hr\/index.php?rest_route=\/wp\/v2\/types\/post"}],"author":[{"embeddable":true,"href":"https:\/\/historiografija.hr\/index.php?rest_route=\/wp\/v2\/users\/2"}],"replies":[{"embeddable":true,"href":"https:\/\/historiografija.hr\/index.php?rest_route=%2Fwp%2Fv2%2Fcomments&post=40811"}],"version-history":[{"count":1,"href":"https:\/\/historiografija.hr\/index.php?rest_route=\/wp\/v2\/posts\/40811\/revisions"}],"predecessor-version":[{"id":40813,"href":"https:\/\/historiografija.hr\/index.php?rest_route=\/wp\/v2\/posts\/40811\/revisions\/40813"}],"wp:featuredmedia":[{"embeddable":true,"href":"https:\/\/historiografija.hr\/index.php?rest_route=\/wp\/v2\/media\/40812"}],"wp:attachment":[{"href":"https:\/\/historiografija.hr\/index.php?rest_route=%2Fwp%2Fv2%2Fmedia&parent=40811"}],"wp:term":[{"taxonomy":"category","embeddable":true,"href":"https:\/\/historiografija.hr\/index.php?rest_route=%2Fwp%2Fv2%2Fcategories&post=40811"},{"taxonomy":"post_tag","embeddable":true,"href":"https:\/\/historiografija.hr\/index.php?rest_route=%2Fwp%2Fv2%2Ftags&post=40811"}],"curies":[{"name":"wp","href":"https:\/\/api.w.org\/{rel}","templated":true}]}}